{"id":8127,"date":"2009-04-12T10:12:24","date_gmt":"2009-04-12T07:12:24","guid":{"rendered":"http:\/\/www.korhanyilmaz.com\/?p=8127"},"modified":"2009-04-12T10:12:24","modified_gmt":"2009-04-12T07:12:24","slug":"pkknin-elinden-ozel-kuvvetler-son-anda-kurtardi","status":"publish","type":"post","link":"http:\/\/www.korhanyilmaz.com\/?p=8127","title":{"rendered":"PKK&#039;n\u0131n elinden \u00d6zel Kuvvetler son anda kurtard\u0131"},"content":{"rendered":"<p style=\"text-align: center;\"><img loading=\"lazy\" decoding=\"async\" class=\"aligncenter size-full wp-image-8128\" title=\"PKK'n\u0131n elinden \u00d6zel Kuvvetler son anda kurtard\u0131 \" src=\"http:\/\/www.korhanyilmaz.com\/wp-content\/uploads\/2009\/04\/531f07183eaeab4ba76e99b4x.jpg\" alt=\"PKK'n\u0131n elinden \u00d6zel Kuvvetler son anda kurtard\u0131 \" width=\"333\" height=\"175\" \/><\/p>\n<p style=\"text-align: justify;\"><strong>G\u00fcneydo\u011fu&#8217;da 14 y\u0131l Genelkurmay&#8217;a terc\u00fcmanl\u0131k yapan ve y\u00fczlerce sorguya kat\u0131lan Y\u0131ld\u0131r\u0131m Be\u011fler: PKK beni infaz edecekti. <\/strong><\/p>\n<p style=\"text-align: justify;\">\u00d6zel Kuvvetler kurtard\u0131. \u0130ki g\u00fcn sonra da Hasan Kundak\u00e7\u0131 Pa\u015fa ile tan\u0131\u015ft\u0131m ve onun helikopteriyle Silopi&#8217;ye geldim.. Y\u0131ld\u0131r\u0131m Be\u011fler, K\u00f6rfez Sava\u015f\u0131 sonras\u0131 Kerk\u00fck&#8217;ten Barzani kontrol\u00fcndeki Zaho&#8217;ya ka\u00e7m\u0131\u015f. M\u0130T ajan\u0131 yaftas\u0131n\u0131 yiyince KDP ile ters d\u00fc\u015fm\u00fc\u015f. Ve bir g\u00fcn Barzani&#8217;ye suikast su\u00e7lamas\u0131yla cezaevine d\u00fc\u015fm\u00fc\u015f. Tam idam edilecekken cezaevini penceresinden atlay\u0131p ka\u00e7m\u0131\u015f. Ard\u0131ndan Talabani&#8217;ni pe\u015fmergelerine s\u0131\u011f\u0131nm\u0131\u015f. Acem b\u00f6lgesinde ailesiyle birlikte bir okula yerle\u015ftirilen Y\u0131ld\u0131r\u0131m Be\u011fler o g\u00fcnlerde T\u00fcrk K\u0131z\u0131lay\u0131&#8217;nda g\u00f6revli Mehmet Yarbay ile tan\u0131\u015f\u0131nca hayat\u0131n\u0131n ak\u0131\u015f\u0131 bir anda de\u011fi\u015fmi\u015f.<!--more--><\/p>\n<p style=\"text-align: justify;\">* <strong><em>\u00d6zel Kuvvetler&#8217;le nas\u0131l tan\u0131\u015ft\u0131n\u0131z?<br \/>\n<\/em><\/strong>Okulda kal\u0131yorduk. Birka\u00e7 ay ge\u00e7ti annem T\u00fcrk K\u0131z\u0131lay\u0131&#8217;n\u0131 buldu. Mehmet Yarbay&#8217;la tan\u0131\u015ft\u0131k. Annem bir ay Mehmet Yarbay&#8217;a bilgi g\u00f6t\u00fcrd\u00fc. Annem &#8220;Bunlar bizim kavmimizdir. Sadece bilgi verelim onlar bize bakar&#8221; dedi. Ama ufak tefek bilgiler. Sonra ben bilgiler vermeye ba\u015flad\u0131m. Nokta at\u0131\u015f\u0131! Bir g\u00fcn Murat Karay\u0131lan miting yap\u0131yor. Nokta yerini verdim. Ama son anda Karay\u0131lan &#8220;Hemen ka\u00e7\u0131n buray\u0131 bombalayacaklar&#8221; dedi. Birileri s\u0131zd\u0131rd\u0131. Ob\u00fcsler d\u00fc\u015ft\u00fc. Caminin arkas\u0131nda konu\u015fmas\u0131n\u0131 yine yapt\u0131 Murat Karay\u0131lan. Ben o zaman korktum &#8220;Bu i\u015f nas\u0131l patlad\u0131&#8221; diye.<\/p>\n<p style=\"text-align: justify;\"><strong>B\u0130Z\u0130 T\u00dcRK\u0130YE&#8217;YE SATIYORSUN<br \/>\n<\/strong>Birka\u00e7 g\u00fcn sonra bir PKK yetkilisi geldi &#8220;Sen T\u00fcrkiye ile \u00e7al\u0131\u015f\u0131yorsun&#8221; dedi. &#8220;Bizi sat\u0131yorsun&#8221; dedi. Beni k\u00f6y\u00fcn a\u011fas\u0131na \u015fik\u00e2yet ettiler. Sayit Abdullah&#8230; Talabani&#8217;nin Badinan b\u00f6lgesinin askeri genel komutan\u0131&#8230; Beni \u00e7a\u011f\u0131rd\u0131 &#8220;Bu bilgi do\u011fruysa kafan\u0131 keserim&#8221; dedi. Bana bir hafta verdiler &#8220;Ara\u015ft\u0131raca\u011f\u0131z&#8221; diye. Bir yan\u0131m PKK, bir yan\u0131m Barzani. \u00d6yle kald\u0131m. 3 g\u00fcn sonra bir gece kap\u0131m\u0131 \u00e7ald\u0131lar. Kap\u0131y\u0131 a\u00e7t\u0131m, &#8220;\u00d6zel Kuvvetler&#8217;den geliyoruz&#8221; dedi kap\u0131daki ki\u015fi. T\u00fcrk \u00d6zel Kuvvetleri&#8230; D\u0131\u015far\u0131da z\u0131rhl\u0131 ara\u00e7lar\u0131 var. Sabaha kadar kald\u0131lar. Sabah onlarla \u00e7\u0131kt\u0131m k\u00f6y\u00fcn i\u00e7ine. PKK&#8217;l\u0131lar\u0131n hepsini toplad\u0131k. A\u015fa\u011f\u0131da bir okula g\u00f6t\u00fcrd\u00fck. Orada bir bakt\u0131m Erdal Pa\u015fa.<\/p>\n<p style=\"text-align: justify;\">* <strong><em>Erdal Sipahi?..<br \/>\n<\/em><\/strong>Evet. O zaman \u015e\u0131rnak Tugay Komutan\u0131. Gece oraya ordu girmi\u015f. Ama PKK&#8217;n\u0131n haberi vard\u0131. 20-30 ki\u015fi ayak tak\u0131m\u0131 kald\u0131.<\/p>\n<p style=\"text-align: justify;\">* <strong><em>\u00dcst d\u00fczey sorumlu yok muydu?<br \/>\n<\/em><\/strong>Cemil Bay\u0131k vard\u0131. Murat Karay\u0131lan vard\u0131&#8230; Ama hepsi gitmi\u015fti.<\/p>\n<p style=\"text-align: justify;\"><strong>NEREYE YERLE\u015eMEK \u0130STERS\u0130N?<br \/>\n* <em>Sonra ne oldu?..<br \/>\n<\/em><\/strong>Erdal Pa\u015fa iki g\u00fcn sonra da, &#8220;Yan\u0131na karde\u015flerini, anneni al komutan gelecek&#8221; dedi. \u0130ki tane Sikorsky indi. Hasan Kundak\u00e7\u0131 Pa\u015fa! &#8220;Hadi o\u011flum annenle karde\u015flerini getir benimle geliyorsun&#8221; Evi b\u0131rakt\u0131k bindik Sikorsky&#8217;ye geldik Silopi&#8217;ye. Y\u0131l 1995. Bana harita a\u00e7t\u0131 Hasan Pa\u015fa. &#8220;T\u00fcrkiye&#8217;nin neresine yerle\u015ftireyim seni?&#8221; dedi. Ben bat\u0131y\u0131 istiyordum. Ama annem &#8220;Yok \u00e7oluk \u00e7ocuk var. Beni Irak&#8217;a en yak\u0131n yere koy&#8221; dedi. Hasan Kundak\u00e7\u0131 da &#8220;O zaman seni Avni Mutlu&#8217;ya emanet ediyorum&#8221; dedi. Avni Mutlu, Habur S\u0131n\u0131r Kap\u0131s\u0131&#8217;ndan sorumlu m\u00fclki idare amiriydi. G\u00fcmr\u00fck lojmanlar\u0131nda bir bina verdiler. Jandarmada telefon telsiz dinlemeye ba\u015flad\u0131m. Silah yakal\u0131yorduk.<\/p>\n<h5 style=\"text-align: justify;\">Komutanlar\u0131n &#8216;manevi o\u011flu&#8217;<\/h5>\n<\/p>\n<p style=\"text-align: justify;\">\n<p style=\"text-align: justify;\">G\u00fcneydo\u011fu&#8217;daki faili me\u00e7huller konusunda \u015fimdiye kadar pek \u00e7ok \u015fey yaz\u0131l\u0131p \u00e7izildi. Ama SABAH \u00f6yle bir isimle konu\u015ftu ki, o, bir d\u00f6nemin adeta karakutusu&#8230; Ad\u0131 Y\u0131ld\u0131r\u0131m Be\u011fler&#8230; 1995&#8217;te bizzat Hasan Kundak\u00e7\u0131 Pa\u015fa&#8217;n\u0131n helikopteriyle Kuzey Irak&#8217;tan T\u00fcrkiye&#8217;ye getirilen bir Kerk\u00fck T\u00fcrkmen&#8217;i&#8230; 14 y\u0131l G\u00fcneydo\u011fu&#8217;da Genelkurmay&#8217;\u0131n kadrolu terc\u00fcmanl\u0131\u011f\u0131n\u0131 yapt\u0131. Bu y\u0131llar boyunca y\u00fczlerce sorguya girdi. B\u00f6lgede g\u00f6rev yapan komutanlar\u0131n &#8220;Manevi O\u011flum&#8221; dedi\u011fi Y\u0131ld\u0131r\u0131m Be\u011fler, o kar\u0131\u015f\u0131k d\u00f6nemde bir\u00e7ok yasad\u0131\u015f\u0131 olaya \u015fahit oldu. Adam kald\u0131rmalar, i\u015fkenceler, cinayetler, ka\u00e7ak\u00e7\u0131l\u0131k&#8230; G\u00f6r\u00fc\u015fme \u00f6ncesinde \u00e7ekincelerimiz yok da de\u011fildi. Acaba do\u011fru mu s\u00f6yl\u00fcyordu? Genel Yay\u0131n Y\u00f6netmenimiz Erdal \u015eafak&#8217;tan &#8220;Y\u00fczde 99 do\u011fru&#8221; teyidini al\u0131nca r\u00f6portaj i\u00e7in kollar\u0131 s\u0131vad\u0131k ve iltica etti\u011fi Norve\u00e7&#8217;te g\u00f6r\u00fc\u015ft\u00fck. Biraz \u00e7ekinerek ve teredd\u00fctle kabul etti bizi. 3 g\u00fcn s\u00fcren r\u00f6portaj boyunca da g\u00f6rev yapt\u0131\u011f\u0131 y\u0131llara ili\u015fkin bir\u00e7ok \u015fey anlatt\u0131. Bize s\u00f6ylemediklerini yetkililere s\u00f6yleyebilece\u011fi mesaj\u0131n\u0131 da verdi. Peki neden bunca y\u0131l sustu da \u015fimdi konu\u015ftu?.. Bunun muhtemelen 3 sebebi var. Birincisi o art\u0131k bir Norve\u00e7 mukimi. Vatanda\u015fl\u0131k da s\u0131rada bekliyor. \u0130kincisi son g\u00fcnlerde t\u0131rman\u0131\u015fa ge\u00e7en, ad\u0131 gizli tan\u0131k ya da itiraf\u00e7\u0131 her ne ise &#8220;Vicdan rahatlatma&#8221; trendi. Bunda \u015f\u00fcphesiz iddianamelerle ortal\u0131\u011f\u0131 kas\u0131p kavuran savc\u0131lar\u0131n da pay\u0131 b\u00fcy\u00fck. \u00dc\u00e7\u00fcnc\u00fc neden ise sahipsiz b\u0131rak\u0131lmam\u0131n yaratt\u0131\u011f\u0131 bir intikam duygusu. Ama nedeni her ne olursa olsun anlatt\u0131klar\u0131 \u00f6yle yenilir yutulur cinsten \u015feyler de\u011fil.<\/p>\n<h5 style=\"text-align: justify;\">Bu dizide neler var?<\/h5>\n<p style=\"text-align: justify;\">Y\u0131ld\u0131r\u0131m Be\u011fler, \u00fc\u00e7 g\u00fcnl\u00fck r\u00f6portaj boyunca birbirinden \u00e7arp\u0131c\u0131 a\u00e7\u0131klamalarda bulundu. \u0130\u015fte dizi boyunca Be\u011fler&#8217;den duyaca\u011f\u0131n\u0131z m\u00fcthi\u015f iddialardan baz\u0131lar\u0131:<\/p>\n<p style=\"text-align: justify;\">* <strong>FA\u0130L\u0130 ME\u00c7HULLER\u0130N \u00c7O\u011eU \u0130\u015eKENCEDE \u00d6LD\u00dc. <\/strong>\u0130\u015fkence normal bir \u015feydi. \u0130\u015fkenceden art\u0131k yorulmu\u015ftuk. Sonra bize bir i\u011fne getirdiler. Damardan vuruyorduk. Adam b\u00fclb\u00fcl gibi konu\u015fuyordu.<\/p>\n<p style=\"text-align: justify;\">* <strong>\u00d6LENLER\u0130 HEL\u0130KOPTERDEN ATIYORLARDI&#8230; <\/strong>\u0130ki tane pilot vard\u0131. Biri o zamanlar y\u00fczba\u015f\u0131, biri \u00fcste\u011fmendi. \u0130kisi de h\u00e2l\u00e2 g\u00f6revde diye biliyorum. Erken terfi al\u0131yorlard\u0131. O zamanlar y\u00fczba\u015f\u0131 olan\u0131n isminin ba\u015f harfi &#8220;M&#8221; \u00fcste\u011fmen olan\u0131n isminin ba\u015f harfi ise &#8220;T&#8221;. Herkes de biliyor bu pilotlar\u0131. Cesetlerin at\u0131ld\u0131\u011f\u0131 yeri de biliyorum.<\/p>\n<p style=\"text-align: justify;\">* <strong>KUYULAR ACEM\u0130 \u0130\u015e\u0130YD\u0130. <\/strong>Biz i\u015fkencede \u00f6lenleri kazan dairelerinde hallettik.<\/p>\n<p style=\"text-align: justify;\">* <strong>U\u011eUR MUMCU SU\u0130KASTI ASKER-POL\u0130S-M\u0130T \u00dc\u00c7GEN\u0130D\u0130R. <\/strong>Pis bir i\u015ftir. Katili T\u00fcrkmen. Kerk\u00fckl\u00fc. Daha \u00f6nce gelmi\u015f M\u0130T&#8217;le \u00e7al\u0131\u015f\u0131yormu\u015f. Ad\u0131 Velit. Vatanda\u015f olmu\u015f. Bombay\u0131 koyunca yakaland\u0131. Yakalan\u0131nca kimli\u011fini saklad\u0131lar. Saklay\u0131nca ne oldu? Irakl\u0131 oldu. Savc\u0131 s\u0131n\u0131r d\u0131\u015f\u0131 etti.<\/p>\n<h5 style=\"text-align: justify;\">&#8216;Ter\u00f6ristin ba\u015f\u0131na tabancay\u0131 dayad\u0131m&#8217;<\/h5>\n<p style=\"text-align: justify;\">\n<p style=\"text-align: justify;\">Bir g\u00fcn Bilal ba\u015f\u00e7avu\u015f &#8220;Birlikte Habur&#8217;dan sigara almaya&#8221; gidelim dedi. 48 Kap\u0131&#8217;ya gittik sigara almak i\u00e7in. Bir \u00fcste\u011fmen oturuyor. Daha \u00f6nce Derker Acem&#8217;de g\u00f6rd\u00fc\u011f\u00fcm bir PKK sorumlusu orada duvar gibi durmu\u015f. Bir Colt tabancam vard\u0131. J\u0130T kimli\u011fim vard\u0131. Ter\u00f6ristin kafas\u0131na dayad\u0131m silah\u0131. &#8220;Bu ne&#8221; dedim \u00fcste\u011fmene. &#8220;T\u00fcrkmenim diyor. Her g\u00fcn geliyor&#8221; deyince. &#8220;Bu PKK&#8217;l\u0131&#8221; dedik. G\u00f6t\u00fcrd\u00fck. J\u0130T kimli\u011fimi ise Levent G\u00f6kta\u015f &#8220;J\u0130TEM bitti&#8221; deyip ald\u0131 ve imha etti.                    <img loading=\"lazy\" decoding=\"async\" src=\"http:\/\/img.sabah.com.tr\/i3\/sp.gif\" alt=\"\" width=\"1\" height=\"1\" \/><\/p>\n<p style=\"text-align: justify;\"><span style=\"color: #888888;\">Kaynak : Sabah<\/span><\/p>\n","protected":false},"excerpt":{"rendered":"<p style=\"text-align: center;\">\n<p style=\"text-align: justify;\">G\u00fcneydo\u011fu&#8217;da 14 y\u0131l Genelkurmay&#8217;a terc\u00fcmanl\u0131k yapan ve y\u00fczlerce sorguya kat\u0131lan Y\u0131ld\u0131r\u0131m Be\u011fler: PKK beni infaz edecekti. <\/p>\n<p style=\"text-align: justify;\">\u00d6zel Kuvvetler kurtard\u0131. \u0130ki g\u00fcn sonra da Hasan Kundak\u00e7\u0131 Pa\u015fa ile tan\u0131\u015ft\u0131m ve onun helikopteriyle Silopi&#8217;ye geldim.. Y\u0131ld\u0131r\u0131m Be\u011fler, K\u00f6rfez Sava\u015f\u0131 sonras\u0131 Kerk\u00fck&#8217;ten Barzani kontrol\u00fcndeki Zaho&#8217;ya ka\u00e7m\u0131\u015f. M\u0130T ajan\u0131 yaftas\u0131n\u0131 yiyince <\/p>\n","protected":false},"author":1,"featured_media":0,"comment_status":"open","ping_status":"closed","sticky":false,"template":"","format":"standard","meta":{"footnotes":""},"categories":[105],"tags":[],"class_list":["post-8127","post","type-post","status-publish","format-standard","hentry","category-gundem","odd"],"_links":{"self":[{"href":"http:\/\/www.korhanyilmaz.com\/index.php?rest_route=\/wp\/v2\/posts\/8127","targetHints":{"allow":["GET"]}}],"collection":[{"href":"http:\/\/www.korhanyilmaz.com\/index.php?rest_route=\/wp\/v2\/posts"}],"about":[{"href":"http:\/\/www.korhanyilmaz.com\/index.php?rest_route=\/wp\/v2\/types\/post"}],"author":[{"embeddable":true,"href":"http:\/\/www.korhanyilmaz.com\/index.php?rest_route=\/wp\/v2\/users\/1"}],"replies":[{"embeddable":true,"href":"http:\/\/www.korhanyilmaz.com\/index.php?rest_route=%2Fwp%2Fv2%2Fcomments&post=8127"}],"version-history":[{"count":0,"href":"http:\/\/www.korhanyilmaz.com\/index.php?rest_route=\/wp\/v2\/posts\/8127\/revisions"}],"wp:attachment":[{"href":"http:\/\/www.korhanyilmaz.com\/index.php?rest_route=%2Fwp%2Fv2%2Fmedia&parent=8127"}],"wp:term":[{"taxonomy":"category","embeddable":true,"href":"http:\/\/www.korhanyilmaz.com\/index.php?rest_route=%2Fwp%2Fv2%2Fcategories&post=8127"},{"taxonomy":"post_tag","embeddable":true,"href":"http:\/\/www.korhanyilmaz.com\/index.php?rest_route=%2Fwp%2Fv2%2Ftags&post=8127"}],"curies":[{"name":"wp","href":"https:\/\/api.w.org\/{rel}","templated":true}]}}