{"id":8119,"date":"2009-04-12T17:01:35","date_gmt":"2009-04-12T14:01:35","guid":{"rendered":"http:\/\/www.korhanyilmaz.com\/?p=8119"},"modified":"2009-04-12T17:01:35","modified_gmt":"2009-04-12T14:01:35","slug":"abimi-oldurenlerle-ben-hesaplasacagim","status":"publish","type":"post","link":"http:\/\/www.korhanyilmaz.com\/?p=8119","title":{"rendered":"&#039;Abimi \u00f6ld\u00fcrenlerle ben hesapla\u015faca\u011f\u0131m&#039;"},"content":{"rendered":"<p style=\"text-align: justify;\"><img loading=\"lazy\" decoding=\"async\" class=\"aligncenter size-full wp-image-8120\" title=\"'Abimi \u00f6ld\u00fcrenlerle ben hesapla\u015faca\u011f\u0131m' \" src=\"http:\/\/www.korhanyilmaz.com\/wp-content\/uploads\/2009\/04\/ffd2f448cd1aad4cab4bacdcx.jpg\" alt=\"'Abimi \u00f6ld\u00fcrenlerle ben hesapla\u015faca\u011f\u0131m' \" width=\"333\" height=\"175\" \/><\/p>\n<p style=\"text-align: justify;\"><strong>\u015eehit Tuncay T\u00fcrken&#8217;in cenazesinde g\u00f6zler 9 ya\u015f\u0131ndaki karde\u015fi Yasin&#8217;in \u00fczerindeydi. <\/strong><\/p>\n<p style=\"text-align: justify;\">Ba\u015fbakan ve Cumhurba\u015fkan\u0131&#8217;ndan yak\u0131n ilgi g\u00f6ren Yasin &#8220;Subay olup abimi \u00f6ld\u00fcrenlerle hesapla\u015faca\u011f\u0131m&#8221; dedi..      <img loading=\"lazy\" decoding=\"async\" src=\"http:\/\/img.sabah.com.tr\/i3\/sp.gif\" alt=\"\" width=\"1\" height=\"1\" \/> \u015e\u0131rnak&#8217;ta b\u00f6l\u00fcc\u00fc ter\u00f6r \u00f6rg\u00fct\u00fcne y\u00f6nelik operasyonda \u015fehit d\u00fc\u015fen piyade erler Tuncay T\u00fcrken ile Emre An\u015fin d\u00fcn \u0130stanbul&#8217;da topra\u011fa verildi. \u015eehit er Tuncay T\u00fcrken&#8217;in cenaze t\u00f6renine Cumhurba\u015fkan\u0131 Abdullah G\u00fcl ve Ba\u015fbakan Recep Tayyip Erdo\u011fan da kat\u0131ld\u0131. \u015eehit er T\u00fcrken (21) i\u00e7in Atak\u00f6y 5. K\u0131s\u0131m Camisi&#8217;nde d\u00fczenlenen t\u00f6rende, Orman \u0130\u015fletmeleri&#8217;nden yeni emekli oldu\u011fu \u00f6\u011frenilen \u015fehidin babas\u0131 Cemal T\u00fcrken ve annesi \u015eaziye T\u00fcrken taziyeleri kabul etti. Cumhurba\u015fkan\u0131 Abdullah G\u00fcl de camiye geli\u015finin ard\u0131ndan \u015fehidin anne ve babas\u0131na taziyede bulundu. Cenaze namaz\u0131 ba\u015flarken camiye gelen Ba\u015fbakan Erdo\u011fan, Cumhurba\u015fkan\u0131 G\u00fcl ile birlikte \u00f6n safta yer ald\u0131. Cumhurba\u015fkan\u0131 G\u00fcl ve Erdo\u011fan \u015fehit erin 9 ya\u015f\u0131ndaki karde\u015fi Yasin&#8217;le yak\u0131ndan ilgilendi. G\u00fcl, yan\u0131nda duran Yasin&#8217;i bas\u0131n mensuplar\u0131na g\u00f6stererek &#8220;\u015eehit&#8217;in karde\u015fi&#8221; dedi. Ba\u015fbakan Erdo\u011fan, da bu s\u0131rada Yasin&#8217;i \u00f6n\u00fcnde tutarak cenaze namaz\u0131n\u0131 k\u0131ld\u0131.<!--more--><\/p>\n<p style=\"text-align: justify;\"><strong>&#8216;SUBAY OLACA\u011eIM&#8217; <\/strong><\/p>\n<p style=\"text-align: justify;\"><strong><br \/>\n<\/strong>Duygulu anlar\u0131n ya\u015fand\u0131\u011f\u0131 cenazede \u015fehit erin karde\u015fi k\u00fc\u00e7\u00fck Yasin yan\u0131ndaki albay\u0131 g\u00f6sterip, &#8220;B\u00f6yle subay olaca\u011f\u0131m. B\u00f6yle elbiseler giyece\u011fim&#8221; diyerek, &#8220;Abimi \u00f6ld\u00fcrenlerle ben hesapla\u015faca\u011f\u0131m&#8221; s\u00f6z\u00fc verdi. Bu arada, cenaze s\u0131ras\u0131nda &#8220;S\u00fcrekli garibanlar\u0131n \u00e7ocuklar\u0131 \u015fehit oluyor&#8221; diyen bir ki\u015fi, polis taraf\u0131ndan g\u00f6zalt\u0131na al\u0131narak uzakla\u015ft\u0131r\u0131ld\u0131.<\/p>\n<h5 style=\"text-align: justify;\">Erdo\u011fan&#8217;dan taziye ziyareti<\/h5>\n<\/p>\n<p style=\"text-align: justify;\">Ba\u015fbakan Tayyip Erdo\u011fan \u015e\u0131rnak&#8217;ta \u015fehit olan Piyade Er Emre An\u015fin&#8217;in \u0130stanbul \u00dcmraniye&#8217;deki evine \u00f6nceki ak\u015fam taziye ziyaretinde bulundu. Gece 22.00 s\u0131ralar\u0131nda \u015fehidin Yeni\u00e7aml\u0131ca mahallesindeki evine giden Ba\u015fbakan, baba Selami An\u015fin, anne Remziye An\u015fin ve \u015fehidin yak\u0131nlar\u0131na ba\u015fsa\u011fl\u0131\u011f\u0131 dile\u011finde bulundu. Baba An\u015fin, yakla\u015f\u0131k 30 dakika s\u00fcren taziye ziyaretinin ard\u0131ndan Ba\u015fbakan Erdo\u011fan&#8217;a te\u015fekk\u00fcr etti. Selami An\u015fin ziyaret i\u00e7in &#8220;Ba\u015fbakan\u0131m\u0131z bizi onurland\u0131rd\u0131. Ac\u0131m\u0131z\u0131 payla\u015ft\u0131&#8221; dedi.<\/p>\n<h5 style=\"text-align: justify;\">\u015eehit eri iki karde\u015fi \u00fcniformayla u\u011furlad\u0131<\/h5>\n<p style=\"text-align: justify;\">\u015eehit piyade er Emre An\u015fin i\u00e7in d\u00fcn ilk t\u00f6ren Selimiye Camisi&#8217;nde d\u00fczenlendi. 8 ya\u015f\u0131ndaki Emirhan ve 16 ya\u015f\u0131ndaki Enes, \u015fehit a\u011fabeyleri Emre An\u015fin&#8217;i askeri \u00fcniforma giyerek son yolculu\u011funa u\u011furlad\u0131lar. \u015eehit An\u015fin&#8217;in cenaze t\u00f6renine annesi Remziye, babas\u0131 Selami, devlet bakanlar\u0131 Hayati Yaz\u0131c\u0131, Bay\u0131nd\u0131rl\u0131k ve \u0130skan Bakan\u0131 Faruk \u00d6zak, Harp Akademileri Komutan\u0131 Hasan Aksoy, 1. Ordu Komutan\u0131 Org. Ergin Saygun, \u00e7ok say\u0131da r\u00fctbeli subay ve vatanda\u015f kat\u0131ld\u0131. \u0130kindi namaz\u0131 ve ard\u0131ndan k\u0131l\u0131nan cenaze namaz\u0131ndan sonra \u015fehit er i\u00e7in 1. Ordu Komutanl\u0131\u011f\u0131&#8217;nda t\u00f6ren d\u00fczenlendi. \u015eehit An\u015fen daha sonra Edirnekap\u0131 \u015eehitli\u011fi&#8217;nde topra\u011fa verildi. Selimiye K\u0131\u015flas\u0131&#8217;n\u0131n kuzey kap\u0131s\u0131nda toplanan bir grup vatanda\u015f PKK aleyhine slogan aterken, \u015eehit cenazesinin Edirnekap\u0131 Mezarl\u0131\u011f\u0131&#8217;na g\u00f6t\u00fcr\u00fclmesi s\u0131ras\u0131nda ise kalabal\u0131k konvoy e\u015fli\u011finde cenaze arac\u0131n\u0131 takip etti.<\/p>\n<h5 style=\"text-align: justify;\">Operasyon geni\u015fliyor<\/h5>\n<p style=\"text-align: justify;\">Tunceli&#8217;de 5 bin askerin kat\u0131ld\u0131\u011f\u0131 &#8216;Bahar Operasyonu&#8217; geni\u015fletildi. Merkez, Naz\u0131miye, P\u00fcl\u00fcm\u00fcr, Hozat, Ovac\u0131k ile \u00c7emi\u015fgezek il\u00e7elerinin da\u011fl\u0131k alanlar\u0131nda ba\u015flayan operasyon, Ali Bo\u011faz\u0131 ile Kutu Deresi&#8217;ne de kayd\u0131r\u0131ld\u0131. Sikorsky tipi helikopterlerle b\u00f6lgeye \u00e7ok say\u0131da bordo bereli asker indirildi. 2 askerin \u015fehit oldu\u011fu \u015e\u0131rnak \u00e7evresinde de operasyon s\u00fcr\u00fcyor. Operasyon Gabar, Cudi ve Kato Da\u011flar\u0131&#8217;na kayd\u0131r\u0131l\u0131rken, s\u0131n\u0131ra yak\u0131n da\u011fl\u0131k b\u00f6lgelerde &#8216;Kobra&#8217; helikopterler destek veriyor. \u015e\u0131rnak&#8217;ta \u00f6len 7 PKK&#8217;l\u0131dan 6&#8217;s\u0131n\u0131n cenazeleri ise Balveren beldesinde topra\u011fa verildi.<\/p>\n<p style=\"text-align: justify;\"><span style=\"color: #888888;\">Kaynak : Sabah<\/span><\/p>\n<p style=\"text-align: justify;\">\n","protected":false},"excerpt":{"rendered":"<p style=\"text-align: justify;\">\n<p style=\"text-align: justify;\">\u015eehit Tuncay T\u00fcrken&#8217;in cenazesinde g\u00f6zler 9 ya\u015f\u0131ndaki karde\u015fi Yasin&#8217;in \u00fczerindeydi. <\/p>\n<p style=\"text-align: justify;\">Ba\u015fbakan ve Cumhurba\u015fkan\u0131&#8217;ndan yak\u0131n ilgi g\u00f6ren Yasin &#8220;Subay olup abimi \u00f6ld\u00fcrenlerle hesapla\u015faca\u011f\u0131m&#8221; dedi.. \u015e\u0131rnak&#8217;ta b\u00f6l\u00fcc\u00fc ter\u00f6r \u00f6rg\u00fct\u00fcne y\u00f6nelik operasyonda \u015fehit d\u00fc\u015fen piyade erler Tuncay T\u00fcrken ile Emre An\u015fin d\u00fcn \u0130stanbul&#8217;da topra\u011fa verildi. \u015eehit er Tuncay T\u00fcrken&#8217;in cenaze <\/p>\n","protected":false},"author":1,"featured_media":0,"comment_status":"open","ping_status":"closed","sticky":false,"template":"","format":"standard","meta":{"footnotes":""},"categories":[105],"tags":[],"class_list":["post-8119","post","type-post","status-publish","format-standard","hentry","category-gundem","odd"],"_links":{"self":[{"href":"http:\/\/www.korhanyilmaz.com\/index.php?rest_route=\/wp\/v2\/posts\/8119","targetHints":{"allow":["GET"]}}],"collection":[{"href":"http:\/\/www.korhanyilmaz.com\/index.php?rest_route=\/wp\/v2\/posts"}],"about":[{"href":"http:\/\/www.korhanyilmaz.com\/index.php?rest_route=\/wp\/v2\/types\/post"}],"author":[{"embeddable":true,"href":"http:\/\/www.korhanyilmaz.com\/index.php?rest_route=\/wp\/v2\/users\/1"}],"replies":[{"embeddable":true,"href":"http:\/\/www.korhanyilmaz.com\/index.php?rest_route=%2Fwp%2Fv2%2Fcomments&post=8119"}],"version-history":[{"count":0,"href":"http:\/\/www.korhanyilmaz.com\/index.php?rest_route=\/wp\/v2\/posts\/8119\/revisions"}],"wp:attachment":[{"href":"http:\/\/www.korhanyilmaz.com\/index.php?rest_route=%2Fwp%2Fv2%2Fmedia&parent=8119"}],"wp:term":[{"taxonomy":"category","embeddable":true,"href":"http:\/\/www.korhanyilmaz.com\/index.php?rest_route=%2Fwp%2Fv2%2Fcategories&post=8119"},{"taxonomy":"post_tag","embeddable":true,"href":"http:\/\/www.korhanyilmaz.com\/index.php?rest_route=%2Fwp%2Fv2%2Ftags&post=8119"}],"curies":[{"name":"wp","href":"https:\/\/api.w.org\/{rel}","templated":true}]}}