{"id":8103,"date":"2009-04-12T14:40:30","date_gmt":"2009-04-12T11:40:30","guid":{"rendered":"http:\/\/www.korhanyilmaz.com\/?p=8103"},"modified":"2009-04-12T14:40:30","modified_gmt":"2009-04-12T11:40:30","slug":"15-yillik-gerilim","status":"publish","type":"post","link":"http:\/\/www.korhanyilmaz.com\/?p=8103","title":{"rendered":"15 y\u0131ll\u0131k gerilim"},"content":{"rendered":"<p style=\"text-align: center;\"><img loading=\"lazy\" decoding=\"async\" class=\"aligncenter size-full wp-image-8104\" title=\"15 y\u0131ll\u0131k gerilim \" src=\"http:\/\/www.korhanyilmaz.com\/wp-content\/uploads\/2009\/04\/120420091439216855291.jpg\" alt=\"15 y\u0131ll\u0131k gerilim \" width=\"329\" height=\"210\" \/><\/p>\n<p style=\"text-align: justify;\">BATMAN&#8217;dan Sason \u0130l\u00e7esi&#8217;ne ba\u011fl\u0131 Y\u00fcceba\u011f Beldesi&#8217;nde 1994 y\u0131l\u0131ndaki Belediye Ba\u015fkanl\u0131\u011f\u0131 se\u00e7imlerinde aralar\u0131nda eski Belediye Ba\u015fkan\u0131 Abdullah \u00c7etinkaya&#8217;n\u0131n da bulundu\u011fu 6 ki\u015finin \u00f6l\u00fcm\u00fc, 17 ki\u015finin de yaralanmas\u0131yla sonu\u00e7lanan olayla ba\u015flayan gerginlik y\u0131llar sonra halen devam ediyor.<\/p>\n<p style=\"text-align: justify;\"><strong>SASON&#8217;DA BA\u015eKAN MAHALLELERE G\u0130REM\u0130YOR<\/strong><\/p>\n<p style=\"text-align: justify;\">Mahalleleri ikiye b\u00f6len, belirlenen hatt\u0131n s\u0131n\u0131r\u0131n\u0131 hasta ve ya\u015fl\u0131lar\u0131n d\u0131\u015f\u0131nda kimse ge\u00e7emiyor. \u00d6ld\u00fcr\u00fclen Abdullah \u00c7etinkaya&#8217;n\u0131n o\u011flu olan ve Saadet Partisi&#8217;nden Ba\u015fkan se\u00e7ilen Atilla \u00c7etinkaya, oy ald\u0131\u011f\u0131 beldenin iki mahallesine gidemiyor.<!--more--><\/p>\n<p style=\"text-align: justify;\">Sason&#8217;a ba\u011fl\u0131 135 haneli 1300 n\u00fcfuslu Y\u00fcceba\u011f Beldesi&#8217;nde 15 y\u0131l \u00f6nceki se\u00e7imlerde 6 ki\u015finin \u00f6l\u00fcm\u00fc, 17 ki\u015finin de yaralanmas\u0131yla sonu\u00e7lanan olay\u0131n gerginli\u011fi halen devam ediyor. Belde sakinlerinin belirledikleri &#8216;Ye\u015fil hat&#8217; s\u0131n\u0131r\u0131n\u0131 hasta ve ya\u015fl\u0131lar d\u0131\u015f\u0131nda kimse ge\u00e7emiyor. \u00d6ld\u00fcr\u00fclen eski belediye Ba\u015fkan\u0131 Abdullah \u00c7etinkaya&#8217;n\u0131n yerine 15 y\u0131l sonra Saadet Partisi&#8217;nden se\u00e7ilen o\u011flu Atilla \u00c7etinkaya da oy ald\u0131\u011f\u0131 beldenin di\u011fer iki mahallesine gidemiyor. 29 Mart se\u00e7imlerinde beldedeki 430 oydan 237 oyla ba\u015fkanl\u0131\u011fa se\u00e7ilen Atilla \u00c7etinkaya, &#8220;Beldemizdeki sorun g\u00fcn gibi ortada. 4 mahallenin yar\u0131s\u0131na gidemiyorum. Orada has\u0131mlar\u0131m\u0131z var. Onlardan bana oy \u00e7\u0131kt\u0131, ama gitmek, sorunlar\u0131na ortak olmak neredeyse imkans\u0131z&#8221; dedi.<\/p>\n<p style=\"text-align: justify;\">Bayramla\u015fma, taziye, d\u00fc\u011f\u00fcnlere gidemeyen 4 mahalle sakinleri i\u00e7inde bulunduklar\u0131 durumu, \u0130srail- Filistin \u00f6rne\u011fine benzetiyorlar. \u00d6ld\u00fcr\u00fclen babas\u0131n\u0131n yerine se\u00e7ilen Belediye Ba\u015fkan\u0131 Atilla \u00c7etinkaya, &#8220;Babam y\u0131llar \u00f6nce bo\u015f yere \u00f6ld\u00fcr\u00fcld\u00fc. O olay, beldemizi 50 y\u0131l geriye g\u00f6t\u00fcrd\u00fc. Taraflar\u0131m\u0131z\u0131n oturdu\u011fu Y\u0131ld\u0131z ve Tepe mahallesinde se\u00e7im kampanyam\u0131 s\u00fcrd\u00fcrd\u00fcm. Ancak kan daval\u0131 oldu\u011fumuz Bar\u0131\u015f ve Kar\u015f\u0131yaka mahallesine gidemedim. Oralarda se\u00e7im kampanyas\u0131 y\u00fcr\u00fctemedi\u011fime ra\u011fmen bana oy \u00e7\u0131kt\u0131&#8221; diye konu\u015ftu.<\/p>\n<p style=\"text-align: justify;\">Y\u00fcceba\u011f Beldesi&#8217;nin Tepe, Y\u0131ld\u0131z, Bar\u0131\u015f ve Kar\u015f\u0131yaka mahallelerinde oturan belde sakinlerinin 1994 y\u0131l\u0131nda patlak veren olay\u0131n ard\u0131ndan birbirleriyle olan diyaloglar\u0131 da kesildi. D\u00fc\u015fmanl\u0131\u011f\u0131n aralar\u0131na girdi\u011fi ailelerin Y\u00fcceba\u011f belde ortas\u0131na belirledikleri &#8216;ye\u015fil hat&#8217; da belde sakinlerini bezdirdi. D\u00fcnya ile ba\u011flant\u0131lar\u0131n\u0131n kesildi\u011fini s\u00f6yleyen Bar\u0131\u015f Mahallesi Muhtar\u0131 Seyfettin Tun\u00e7, &#8220;Kan davas\u0131 y\u00fcz\u00fcnden d\u00f6rt mahalle bir birine gidip gelemiyor. \u00d6l\u00fclerimiz oldu\u011funda bile birbirimizin taziyesine gidemiyoruz. Daha \u00f6nce bir\u00e7ok ki\u015fi akrabayd\u0131, o olayla birlikte d\u00fc\u015fmanl\u0131k ba\u015flad\u0131. Acil hastalar\u0131m\u0131z\u0131 kar\u015f\u0131 mahallenin sa\u011fl\u0131k oca\u011f\u0131 yerine tuttu\u011fumuz \u00f6zel ara\u00e7la Sason \u0130l\u00e7esi&#8217;ne g\u00f6t\u00fcrmek zorunda kal\u0131yoruz. Ya\u015fl\u0131lar\u0131m\u0131z ile acil hastalar\u0131n ge\u00e7i\u015f yapabildi\u011fi Ye\u015fil hat&#8217;ta ara\u00e7lar\u0131m\u0131z fren bile yapam\u0131yor. Y\u0131llard\u0131r peri\u015fan bir ya\u015fant\u0131m\u0131z var. Ne olaca\u011f\u0131n\u0131 biz de kestiremiyoruz. Muhtar\u0131m ama hizmet edemiyorum&#8221; dedi.<\/p>\n<p style=\"text-align: justify;\">Kar\u015f\u0131yaka Mahallesi&#8217;nde koruculuk yapan 21 ya\u015f\u0131ndaki Emin \u0130\u00e7yer ise 1994 y\u0131l\u0131nda ya\u015fanan olay\u0131n ard\u0131ndan kendilerine silah verilerek korucu yap\u0131ld\u0131klar\u0131n\u0131 ifade ederek, &#8220;21 korucu olarak bize belirlenen noktada n\u00f6bet tutuyoruz. Bizim kimseyle bir sorunumuz yok. Kimseden de bu silahlar\u0131 almad\u0131k. Devlet bize verdi, ancak devlet al\u0131r. Ba\u015fkalar\u0131 dedi diye de silah b\u0131rakmay\u0131z. Kimseyle d\u00fc\u015fmanl\u0131\u011f\u0131m\u0131z yok. Bar\u0131\u015f mahallesi ile di\u011fer taraflar\u0131n, kan davas\u0131 var. Kar\u015f\u0131yaka mahallesinde oturan korucular\u0131n kimseyle bir sorunu yoktur. Se\u00e7im \u00f6ncesi ve sonras\u0131nda da beldedeki korucular sadece yol g\u00fczergah\u0131 do\u011frultusunda g\u00f6rev yerlerine gidiyor&#8221; dedi. 3 d\u00f6nem belediye ba\u015fkanl\u0131\u011f\u0131 g\u00f6revini y\u00fcr\u00fcten AKP&#8217;li eski ba\u015fkan Abdullah Bil ise 29 Mart se\u00e7imini kaybetti\u011fine \u00fcz\u00fclmedi\u011fini kaydederek \u015f\u00f6yle dedi:<br \/>\n&#8220;Korucular\u0131n ellerindeki silahlar olas\u0131 olaylara davetiye \u00e7\u0131karabilir. Se\u00e7imi kaybettim diye en ufak bir s\u0131k\u0131nt\u0131m olmad\u0131. Halen akrabalar\u0131m\u0131z\u0131n ya\u015fad\u0131\u011f\u0131 belde de kayg\u0131l\u0131 oldu\u011fumuzu \u00fcst d\u00fczey yetkililere duyurmak istiyoruz. Ancak kimse derdimizi anlamak istemiyor. 1994 y\u0131l\u0131ndaki olaya kar\u0131\u015fanlar\u0131n yak\u0131nlar\u0131 ile \u00e7ocuklar\u0131n\u0131n ellerindeki silahlar\u0131n al\u0131nmas\u0131 i\u00e7in \u0130\u00e7i\u015fleri Bakanl\u0131\u011f\u0131&#8217;na kadar ba\u015fvurduk. Konuyu Jandarma Genel Komutanl\u0131\u011f\u0131&#8217;na kadar g\u00f6t\u00fcrd\u00fck. Her an bir olay patlak verebilir. Can g\u00fcvenli\u011fimiz yok. Korucular\u0131n ellerindeki silahlar\u0131n al\u0131nmas\u0131yla Y\u00fcceba\u011f nefes alabilir. Baz\u0131 yetkililer, bize de silah verilmesi konusunda teklif etti ama, biz silah istemedik.&#8221;\n<\/p>\n<p style=\"text-align: justify;\"><span style=\"color: #888888;\">DHA<\/span><\/p>\n","protected":false},"excerpt":{"rendered":"<p style=\"text-align: center;\">\n<p style=\"text-align: justify;\">BATMAN&#8217;dan Sason \u0130l\u00e7esi&#8217;ne ba\u011fl\u0131 Y\u00fcceba\u011f Beldesi&#8217;nde 1994 y\u0131l\u0131ndaki Belediye Ba\u015fkanl\u0131\u011f\u0131 se\u00e7imlerinde aralar\u0131nda eski Belediye Ba\u015fkan\u0131 Abdullah \u00c7etinkaya&#8217;n\u0131n da bulundu\u011fu 6 ki\u015finin \u00f6l\u00fcm\u00fc, 17 ki\u015finin de yaralanmas\u0131yla sonu\u00e7lanan olayla ba\u015flayan gerginlik y\u0131llar sonra halen devam ediyor.<\/p>\n<p style=\"text-align: justify;\">SASON&#8217;DA BA\u015eKAN MAHALLELERE G\u0130REM\u0130YOR<\/p>\n<p style=\"text-align: justify;\">Mahalleleri ikiye b\u00f6len, belirlenen hatt\u0131n s\u0131n\u0131r\u0131n\u0131 hasta <\/p>\n","protected":false},"author":1,"featured_media":0,"comment_status":"open","ping_status":"closed","sticky":false,"template":"","format":"standard","meta":{"footnotes":""},"categories":[105],"tags":[],"class_list":["post-8103","post","type-post","status-publish","format-standard","hentry","category-gundem","odd"],"_links":{"self":[{"href":"http:\/\/www.korhanyilmaz.com\/index.php?rest_route=\/wp\/v2\/posts\/8103","targetHints":{"allow":["GET"]}}],"collection":[{"href":"http:\/\/www.korhanyilmaz.com\/index.php?rest_route=\/wp\/v2\/posts"}],"about":[{"href":"http:\/\/www.korhanyilmaz.com\/index.php?rest_route=\/wp\/v2\/types\/post"}],"author":[{"embeddable":true,"href":"http:\/\/www.korhanyilmaz.com\/index.php?rest_route=\/wp\/v2\/users\/1"}],"replies":[{"embeddable":true,"href":"http:\/\/www.korhanyilmaz.com\/index.php?rest_route=%2Fwp%2Fv2%2Fcomments&post=8103"}],"version-history":[{"count":0,"href":"http:\/\/www.korhanyilmaz.com\/index.php?rest_route=\/wp\/v2\/posts\/8103\/revisions"}],"wp:attachment":[{"href":"http:\/\/www.korhanyilmaz.com\/index.php?rest_route=%2Fwp%2Fv2%2Fmedia&parent=8103"}],"wp:term":[{"taxonomy":"category","embeddable":true,"href":"http:\/\/www.korhanyilmaz.com\/index.php?rest_route=%2Fwp%2Fv2%2Fcategories&post=8103"},{"taxonomy":"post_tag","embeddable":true,"href":"http:\/\/www.korhanyilmaz.com\/index.php?rest_route=%2Fwp%2Fv2%2Ftags&post=8103"}],"curies":[{"name":"wp","href":"https:\/\/api.w.org\/{rel}","templated":true}]}}