{"id":8083,"date":"2009-04-11T12:05:00","date_gmt":"2009-04-11T09:05:00","guid":{"rendered":"http:\/\/www.korhanyilmaz.com\/?p=8083"},"modified":"2009-04-11T12:05:00","modified_gmt":"2009-04-11T09:05:00","slug":"dsp-lideri-sezer-istifa-etti","status":"publish","type":"post","link":"http:\/\/www.korhanyilmaz.com\/?p=8083","title":{"rendered":"DSP Lideri Sezer istifa etti"},"content":{"rendered":"<p style=\"text-align: center;\"><img loading=\"lazy\" decoding=\"async\" class=\"aligncenter size-full wp-image-8084\" title=\"DSP Lideri Sezer istifa etti \" src=\"http:\/\/www.korhanyilmaz.com\/wp-content\/uploads\/2009\/04\/b87e93018f596246ae79f6b7x.jpg\" alt=\"DSP Lideri Sezer istifa etti \" width=\"333\" height=\"175\" \/><\/p>\n<p style=\"text-align: justify;\"><strong>DSP Genel Ba\u015fkan\u0131 Zeki Sezer, &#8221;Bug\u00fcn DSP Genel Ba\u015fkanl\u0131\u011f\u0131ndan istifa ediyorum&#8221; dedi.. <\/strong><\/p>\n<p style=\"text-align: justify;\">Sezer, partisinin il ve belediye ba\u015fkanlar\u0131 toplant\u0131s\u0131n\u0131n a\u00e7\u0131l\u0131\u015f\u0131nda yapt\u0131\u011f\u0131 konu\u015fmada \u00e7e\u015fitli konulara ili\u015fkin de\u011ferlendirmelerde bulundu.<\/p>\n<p style=\"text-align: justify;\">Yerel se\u00e7imlerin ard\u0131ndan sonu\u00e7lara ili\u015fkin de\u011ferlendirme d\u00f6neminin ba\u015flad\u0131\u011f\u0131n\u0131 anlatan Sezer, &#8221;Her konu\u015fmamda &#8216;ba\u015far\u0131l\u0131 olamayanlar\u0131n bulunduklar\u0131 kurumun da \u00fclkenin de \u00f6n\u00fcn\u00fc t\u0131kamamas\u0131 gerekti\u011fini&#8217; s\u00f6yledim. Bug\u00fcn DSP genel ba\u015fkanl\u0131\u011f\u0131ndan istifa ediyorum&#8221; diye konu\u015ftu.<!--more--><\/p>\n<p style=\"text-align: justify;\"><strong>&#8220;\u0130ST\u0130FA D\u0130LEK\u00c7EM\u0130 BUG\u00dcN GENEL SEKRETER\u0130M\u0130ZE VERECE\u011e\u0130M&#8221;<\/strong><\/p>\n<p style=\"text-align: justify;\">DSP Genel Ba\u015fkan\u0131 Zeki Sezer, genel ba\u015fkanl\u0131ktan istifas\u0131na ili\u015fkin dilek\u00e7eyi bug\u00fcn parti genel sekreterine verece\u011fini bildirdi.<\/p>\n<p style=\"text-align: justify;\">Sezer, partisinin B\u00fcy\u00fck Anadolu Oteli&#8217;nde d\u00fczenlenen il ve belediye ba\u015fkanlar\u0131 toplant\u0131s\u0131na geli\u015finde partililerce alk\u0131\u015flarla kar\u015f\u0131land\u0131. DSP&#8217;nin iki se\u00e7im d\u00f6nemi ya\u015fad\u0131\u011f\u0131n\u0131 ifade eden Sezer, se\u00e7im sonras\u0131n\u0131n partiler a\u00e7\u0131s\u0131ndan bir muhasebe, de\u011ferlendirme ve eksiklikleri giderme d\u00f6nemleri oldu\u011funu s\u00f6yledi. Kendilerinin de ge\u00e7en hafta Parti Meclisi ile kapsaml\u0131 bir de\u011ferlendirme yapt\u0131\u011f\u0131n\u0131 aktaran Sezer, &#8221;Hemen s\u00f6ylemeliyim ki yerel se\u00e7imde DSP&#8217;nin belediye say\u0131s\u0131 ve oy oran\u0131nda art\u0131\u015f olsa bile istedi\u011fimiz sonucu alamad\u0131k. O nedenle kendimizi ba\u015far\u0131l\u0131 saymam\u0131z m\u00fcmk\u00fcn de\u011fildir&#8221; dedi.<\/p>\n<p style=\"text-align: justify;\">Bununla birlikte partililerin se\u00e7im d\u00f6neminde \u00e7ok \u00f6zverili \u00e7al\u0131\u015fmalar ger\u00e7ekle\u015ftirdi\u011fini dile getiren Sezer, t\u00fcm parti \u00f6rg\u00fct\u00fcne \u015f\u00fckran bor\u00e7lu oldu\u011funu s\u00f6yledi. T\u00fcrkiye&#8217;nin DSP&#8217;ye, toplumun da Demokratik Sol programa her zaman ihtiyac\u0131n\u0131n bulundu\u011fu g\u00f6r\u00fc\u015f\u00fcn\u00fc ifade eden Sezer, s\u00f6zlerini \u015f\u00f6yle s\u00fcrd\u00fcrd\u00fc:<\/p>\n<p style=\"text-align: justify;\">&#8221;Kimileri DSP&#8217;yi ba\u015fka yerlere ta\u015f\u0131maya \u00e7al\u0131\u015f\u0131yorlarsa da DSP olmazsa olmaz. DSP, T\u00fcrkiye&#8217;dir. DSP, T\u00fcrkiye&#8217;nin gelece\u011fidir. DSP, T\u00fcrkiye&#8217;nin birli\u011finin, b\u00fct\u00fcnl\u00fc\u011f\u00fcn\u00fcn, Cumhuriyetinin g\u00fcvencesidir, sorunlar\u0131n \u00e7\u00f6z\u00fcm\u00fcd\u00fcr. Bunun i\u00e7in bug\u00fcnden itibaren daha yo\u011fun bir \u00e7al\u0131\u015fmay\u0131 ger\u00e7ekle\u015ftirebilece\u011fimize i\u00e7tenlikle inan\u0131yorum.<\/p>\n<p style=\"text-align: justify;\">\u00d6teden beri s\u00f6yledi\u011fim, inand\u0131\u011f\u0131m ilkeler vard\u0131r. Ba\u015far\u0131l\u0131 olamayanlar\u0131n bulundu\u011fu kurumun da \u00fclkenin de \u00f6n\u00fcn\u00fc t\u0131kamamas\u0131 gerekti\u011fine inan\u0131yorum, inan\u00e7lar\u0131yla ya\u015fayan birisi olarak. Bug\u00fcn DSP Genel Ba\u015fkanl\u0131\u011f\u0131&#8217;ndan istifa ediyorum. Ama daha \u00f6ncede s\u00f6yledim iliklerine kadar demokratik sol siyaseti benimsemi\u015f, bu \u00fclkeyi, toplumu seven birisi olarak demokratik solcu \u00f6lece\u011fim.&#8221;<\/p>\n<p style=\"text-align: justify;\">Toplant\u0131ya kat\u0131lanlardan ve parti \u00f6rg\u00fct\u00fcnden, bug\u00fcn yap\u0131lacak toplant\u0131n\u0131n kendisinin istifas\u0131n\u0131n \u00e7evresinde ge\u00e7memesini isteyen Sezer, \u00e7\u00fcnk\u00fc T\u00fcrkiye&#8217;de demokrasinin geli\u015fmesinde yeni a\u00e7\u0131l\u0131mlara ihtiya\u00e7 oldu\u011funu, \u00fclkenin sorunlar\u0131n\u0131n tart\u0131\u015f\u0131lmas\u0131 gerekti\u011fini kaydetti. &#8221;Dedim ya ben istifa ediyorum. \u0130stifa dilek\u00e7emi genel sekreterimize verece\u011fim&#8221; diyerek s\u00f6zlerine devam eden Sezer, &#8221;\u0130stifa dilek\u00e7em uzun bir dilek\u00e7e olmayacak. Sizlerden ricam, bu konu\u015fmam\u0131 o dilek\u00e7enin eki olarak alg\u0131lay\u0131n\u0131z&#8221; \u015feklinde konu\u015ftu.<\/p>\n<p style=\"text-align: justify;\">B\u00fclent Ecevit gibi bir liderden sonra, Atat\u00fcrk&#8217;\u00fcn yolunda bir parti olan DSP&#8217;nin genel ba\u015fkanl\u0131\u011f\u0131n\u0131 \u00fcstlendi\u011fini an\u0131msatan Sezer, T\u00fcrkiye&#8217;nin bug\u00fcn \u00e7ok b\u00fcy\u00fck sorunlarla kar\u015f\u0131 kar\u015f\u0131ya bulundu\u011funu ve bu sorunlar\u0131n \u00e7\u00f6z\u00fcm\u00fcnde \u00fclkeye hizmet i\u00e7in \u00e7al\u0131\u015ft\u0131klar\u0131n\u0131 vurgulad\u0131.<\/p>\n<p style=\"text-align: justify;\"><strong>&#8221;ULUSALCILI\u011eI IRK\u00c7ILIK G\u0130B\u0130 ALGILAMAYACA\u011eIZ&#8221;<\/strong><\/p>\n<p style=\"text-align: justify;\">T\u00fcrkiye&#8217;de bir &#8221;AK Parti-CHP \u00e7\u0131kmaz\u0131 ya\u015fand\u0131\u011f\u0131n\u0131&#8221; \u00f6ne s\u00fcren Sezer, bu iki partinin ekseninde siyasetin ger\u00e7ekle\u015fti\u011fini savundu. \u00dclkenin sorunlar\u0131 konusunda \u00e7\u00f6z\u00fcm\u00fcn &#8221;sol olmaktan ge\u00e7ti\u011fini&#8221; ifade eden Sezer, DSP&#8217;nin Cumhuriyet&#8217;e y\u00f6nelik tehditlere her zaman kar\u015f\u0131 bir parti oldu\u011funu kaydetti. DSP&#8217;nin ulusal de\u011ferlere sahip \u00e7\u0131kan bir parti oldu\u011funu vurgulayan Zeki Sezer, \u015f\u00f6yle konu\u015ftu:<\/p>\n<p style=\"text-align: justify;\">&#8221;Ama son zamanlarda bu ulusalc\u0131l\u0131k konusu biraz ba\u015fka yerlere \u00e7ekiliyor. Ulusalc\u0131l\u0131\u011f\u0131m\u0131zdan vazge\u00e7ecek de\u011filiz. Ama, ulusalc\u0131l\u0131\u011f\u0131 bir \u0131rk\u00e7\u0131l\u0131k gibi, kafatas\u00e7\u0131l\u0131k gibi de alg\u0131lamayaca\u011f\u0131z. Zaten hi\u00e7 bir demokratik solcu da \u00f6yle d\u00fc\u015f\u00fcnmez. DSP, ortan\u0131n solu hareketiyle ba\u015flayan s\u00fcre\u00e7ten itibaren Cumhuriyet&#8217;e y\u00f6nelik hareketlere kar\u015f\u0131 dimdik ayakta durmu\u015f, ama her t\u00fcrl\u00fc darbeye de kar\u015f\u0131 durmu\u015f bir partidir.<\/p>\n<p style=\"text-align: justify;\">Bunun i\u00e7in son zamanlarda kimi kesimlerin yapt\u0131klar\u0131yla DSP&#8217;nin felsefesinin, duru\u015funun \u00f6rt\u00fc\u015fmesi m\u00fcmk\u00fcn de\u011fil. B\u00fclent Ecevit, darbelere kar\u015f\u0131 hep direnmi\u015fti, hat\u0131rlayacaks\u0131n\u0131z. 1980&#8217;de ger\u00e7ekle\u015fen darbeden sonra Atat\u00fcrk&#8217;\u00fcn kurdu\u011fu CHP kapat\u0131l\u0131rken, &#8216;Atat\u00fcrk&#8217;\u00fcn partisini kapatamazs\u0131n\u0131z&#8217; diye tek ba\u015f\u0131na m\u00fccadele vermi\u015f, bu u\u011furda hapislere girmi\u015f Ecevit&#8217;in kurdu\u011fu partidir DSP&#8230; Bug\u00fcn ger\u00e7ek CHP kapat\u0131l\u0131rken Ecevit&#8217;i m\u00fccadelede yaln\u0131z b\u0131rakanlar, \u015fimdi ba\u015fka aray\u0131\u015flar pe\u015findedir. Bu arada, baz\u0131lar\u0131 DSP&#8217;yi de oraya do\u011fru y\u00f6nlendirme \u00e7abas\u0131 i\u00e7indedir. Buna herhalde ge\u00e7it vermeyeceksiniz.&#8221;<\/p>\n<p style=\"text-align: justify;\">1980&#8217;de partiler kapat\u0131ld\u0131ktan sonra \u00fclkeyi y\u00f6netenlerin icazetleriyle bir sol partinin kurulamayaca\u011f\u0131n\u0131n Ecevit taraf\u0131ndan dile getirildi\u011fini anlatan Sezer, Ecevit&#8217;in DSP&#8217;yi, Atat\u00fcrk&#8217;\u00fcn, \u0130n\u00f6n\u00fc&#8217;n\u00fcn, Ecevit&#8217;in &#8221;ger\u00e7ek CHP&#8217;si&#8221; yerine kurdu\u011funu s\u00f6yledi.<\/p>\n<p style=\"text-align: justify;\"><strong>&#8221;TEDB\u0130R KARARLARI KALKSIN&#8221;<br \/>\n<\/strong><br \/>\nSezer, DSP&#8217;de \u015fu g\u00fcnlerde baz\u0131 milletvekilleriyle ilgili bir disiplin s\u00fcrecinin ya\u015fand\u0131\u011f\u0131n\u0131 an\u0131msatarak, &#8221;Kurullar \u00e7al\u0131\u015f\u0131yor, bu konuda yorum yapmak \u00e7ok do\u011fru olmaz. Ama \u015fimdi madem bir kurultay s\u00fcrecine girdik, bu kurultay s\u00fcrecinde yanl\u0131\u015f alg\u0131lamalara yer vermemek i\u00e7in, DSP&#8217;nin demokratikli\u011finin bir gere\u011fi i\u00e7in, bilemiyorum ona bir hakk\u0131m var m\u0131 ama Parti Meclisimizin o s\u00fcre\u00e7te tedbir kararlar\u0131n\u0131 kald\u0131rmas\u0131n\u0131 \u00f6neriyorum&#8221; dedi.\n<\/p>\n<p style=\"text-align: justify;\"><strong>&#8221;HESAPLARIMIZ \u0130NCELENS\u0130N&#8221;<\/strong><\/p>\n<p style=\"text-align: justify;\">&#8221;Bu arada \u00e7ok \u00fczg\u00fcn\u00fcm, en \u00e7ok para konu\u015fuluyor. Birileri \u00f6zellikle bizi de oraya \u00e7ekmeye \u00e7al\u0131\u015f\u0131yor veya &#8216;o tart\u0131\u015f\u0131l\u0131rsa demokratik solun a\u011f\u0131rl\u0131\u011f\u0131 kaybolur&#8217; diye d\u00fc\u015f\u00fcn\u00fcyor olmal\u0131lar&#8221; diyen Sezer, demokratik solun a\u011f\u0131rl\u0131\u011f\u0131n\u0131n hi\u00e7bir zaman kaybolmayaca\u011f\u0131n\u0131 s\u00f6yledi. DSP&#8217;nin mali kaynaklar\u0131na ve yapt\u0131\u011f\u0131 harcamalara ili\u015fkin de bilgi aktaran Sezer, 2004 y\u0131l\u0131 Temmuz ay\u0131n\u0131n sonunda genel ba\u015fkanl\u0131k g\u00f6revini \u00fcstlendi\u011fini an\u0131msatt\u0131. Sezer, &#8221;\u015eu anda parti kasas\u0131nda 29 k\u00fcsur trilyon param\u0131z var&#8221; a\u00e7\u0131klamas\u0131nda bulundu.<\/p>\n<p style=\"text-align: justify;\">Para konusunda konu\u015fanlara asl\u0131nda verilecek \u00e7ok yan\u0131tlar\u0131n\u0131n bulundu\u011funu belirten Zeki Sezer, &#8221;Ama \u00f6rne\u011fin 2002-2004 aras\u0131nda ne kadar para harcanm\u0131\u015ft\u0131r diye de partide bir sormak gerekir. Ben tabii bu konu\u015fulanlardan sonra Anayasa Mahkemesi&#8217;nden b\u00fct\u00fcn hesaplar\u0131m\u0131z\u0131n \u00f6ncelikli olarak incelenmesini, denetlenmesini talep ediyorum. Onu da fiilen yap\u0131yoruz&#8221; diye konu\u015ftu.<\/p>\n<p style=\"text-align: justify;\">Se\u00e7im baraj\u0131n\u0131n indirilmesi gerekti\u011fi g\u00f6r\u00fc\u015f\u00fcn\u00fc de dile getiren Sezer, &#8221;bir \u00fcye olarak&#8221; parti t\u00fcz\u00fc\u011f\u00fcn\u00fcn de gelecek kurultayda g\u00f6zden ge\u00e7irilmesini talep etti\u011fini dile getirdi. Partilerde lider sultas\u0131na son verilmesi gerekti\u011fini ifade eden Sezer, bunu da en kolay DSP&#8217;nin ba\u015farabilece\u011fini s\u00f6yledi.<\/p>\n<p style=\"text-align: justify;\">Do\u011fu ve G\u00fcneydo\u011fu Anadolu&#8217;yu dola\u015ft\u0131\u011f\u0131n\u0131 ve buralarda vatanda\u015flar\u0131n sorunlar\u0131n\u0131 dinledi\u011fini de aktaran Sezer, &#8221;Hi\u00e7 kimsenin ayr\u0131l\u0131k falan istedi\u011fi yok. \u00dczerimize d\u00fc\u015fen g\u00f6revi yapmal\u0131y\u0131z. Do\u011fu ve G\u00fcneydo\u011fu Anadolumuzda devlet tar\u0131ma dayal\u0131 ve do\u011frudan sanayi yat\u0131r\u0131mlar\u0131na \u00f6nc\u00fcl\u00fck yapmal\u0131, bu konuda olabildi\u011fince \u00f6zel sekt\u00f6rle de i\u015fbirli\u011fi yapmal\u0131d\u0131r&#8221; \u00f6nerisinde bulundu.<\/p>\n<p style=\"text-align: justify;\">T\u00fcrkiye&#8217;nin demokratik sola ihtiyac\u0131n\u0131n bulundu\u011funu dile getiren Zeki Sezer, &#8221;Genel ba\u015fkanl\u0131ktan ayr\u0131l\u0131yorum. Ama demokratik solcu \u00f6lece\u011fim. Hakk\u0131n\u0131z\u0131 helal edin. Hepinize ba\u015far\u0131lar diliyorum&#8221; s\u00f6zleriyle salondakilere veda etti.<\/p>\n<p style=\"text-align: justify;\"><strong>G\u00d6ZYA\u015eLARIYLA U\u011eURLANDI<\/strong><\/p>\n<p style=\"text-align: justify;\">Sezer, toplant\u0131dan ayr\u0131l\u0131rken baz\u0131 partililer istifa karar\u0131ndan vazge\u00e7mesi ve kurultayda aday olmas\u0131n\u0131 istedi. \u0130stifa karar\u0131ndan vazge\u00e7meyece\u011fini ifade eden Sezer, bir partilinin, &#8221;Say\u0131n ba\u015fkan\u0131m, ne d\u00f6nenler oldu&#8221; demesi \u00fczerine de &#8221;\u0130\u015fte tamam, d\u00f6nen d\u00f6ns\u00fcn ben d\u00f6nmezem yolumdan&#8221; kar\u015f\u0131l\u0131\u011f\u0131n\u0131 verdi.<\/p>\n<p style=\"text-align: justify;\">&#8221;O zaman ba\u015fkan\u0131m, kurultayda adays\u0131n\u0131z&#8221; diyen partiliye de Sezer, &#8221;Kurultayda aday olmama karar\u0131nday\u0131m. Onu da s\u00f6yleyeyim de yanl\u0131\u015f anlamalara neden olmas\u0131n&#8221; dedi.<\/p>\n<p style=\"text-align: justify;\">Uzun s\u00fcre Sezer&#8217;in \u00f6n\u00fcn\u00fc keserek istifa karar\u0131ndan vazge\u00e7mesini isteyen kimi partililer, g\u00f6zya\u015flar\u0131 aras\u0131nda Zeki Sezer&#8217;in boynuna sar\u0131ld\u0131. Bir partili de cebinden \u00e7\u0131kard\u0131\u011f\u0131 beyaz bir mendille Sezer&#8217;in terini sildi. Sezer, daha sonra alk\u0131\u015flar ve sloganlar aras\u0131nda toplant\u0131 salonundan ayr\u0131ld\u0131.<\/p>\n<p style=\"text-align: justify;\"><strong>ZEK\u0130 SEZER&#8217;\u0130 KOLLARINDAN TUTARAK, \u0130ST\u0130FA ETMEMES\u0130 \u0130\u00c7\u0130N S\u00d6Z \u0130STED\u0130LER<br \/>\n<\/strong><br \/>\nDSP&#8217;li bir grup, bu sabah parti genel merkezinin \u00f6n\u00fcne gelerek, genel Ba\u015fkan Zeki Sezer&#8217;i isitifa karar\u0131ndan vazge\u00e7irmeye \u00e7al\u0131\u015ft\u0131. \u0130l d\u0131\u015f\u0131ndan partililerin de bulundu\u011fu grubun, g\u00f6zya\u015flar\u0131n\u0131 tutamad\u0131\u011f\u0131, Sezer&#8217;in de duyguland\u0131\u011f\u0131 g\u00f6r\u00fcld\u00fc.\n<\/p>\n<p style=\"text-align: justify;\">Bu sabah bir grup partili DSP Genel Merkezi \u00f6n\u00fcne gelerek, Zeki Sezer&#8217;i istifa karar\u0131ndan vazge\u00e7irmek istedi. Bina \u00f6n\u00fcne, &#8216;Bu yola beraber devam edece\u011fiz&#8217;, &#8216;Karao\u011flan\u0131m\u0131z\u0131n emanetisin. Sensiz olmaz&#8217; yaz\u0131l\u0131 pankartlar as\u0131ld\u0131. Ellerinde, &#8216;DSP seninle g\u00fczel&#8217;, &#8216;B\u00fcy\u00fck ba\u015fkan bizi b\u0131rakma&#8217; yaz\u0131l\u0131 d\u00f6vizler ta\u015f\u0131yan partililerin baz\u0131lar\u0131, birbirine sar\u0131larak a\u011flad\u0131.<\/p>\n<p style=\"text-align: justify;\">Zeki Sezer, parti genel merkezinden alk\u0131\u015flar e\u015fli\u011finde \u00e7\u0131kt\u0131. Bu s\u0131rada partililer, &#8216;Sezer nerede, biz oraday\u0131z&#8217;, sloganlar\u0131 att\u0131. Sezer&#8217;in, &#8220;Sizin ayr\u0131lman\u0131z\u0131 istemiyoruz. Siz ayr\u0131l\u0131rsan\u0131z biz de partiden ayr\u0131l\u0131r\u0131z&#8221; diyerek istifa etmemesini istedi.<\/p>\n<p style=\"text-align: justify;\">Zeki Sezer ise, &#8220;Ben gitmiyorum, genel ba\u015fkanl\u0131ktan ayr\u0131l\u0131yorum. Demokratik solcu \u00f6lece\u011fim. Bir ki\u015fi bile benim y\u00fcz\u00fcmden ayr\u0131l\u0131rsa \u00e7ok \u00fcz\u00fcl\u00fcr\u00fcm. Beni \u00fczmeyece\u011finizi biliyorum&#8230; Demokratik sol hep olacak. T\u00fcrkiye&#8217;nin demokratik sola ihtiyac\u0131 var&#8230; Bu i\u015fi yapacak arkada\u015flar\u0131m\u0131z \u00e7\u0131kacakt\u0131r.&#8221; diye konu\u015ftu. Sezer&#8217;in de duygulu anlar ya\u015fad\u0131\u011f\u0131 g\u00f6r\u00fcld\u00fc.<\/p>\n<p style=\"text-align: justify;\">Bu arada arac\u0131na binmeye \u00e7al\u0131\u015fan Sezer&#8217;i partililer kollar\u0131ndan tutarak, &#8220;S\u00f6z vermeden b\u0131rakmay\u0131z&#8221; diyerek uzun s\u00fcre gitmesine izin vermedi. Bunun \u00fczerine Sezer, &#8220;Partiden istifa etmiyorum, sadece genel ba\u015fkanl\u0131ktan ayr\u0131l\u0131yorum. L\u00fctfen izin verin. Toplant\u0131ya yeti\u015fmem gerekiyor.&#8221; diyerek, korumalar\u0131n\u0131n yard\u0131m\u0131yla genel merkez \u00f6n\u00fcnden ayr\u0131ld\u0131.<\/p>\n<p style=\"text-align: justify;\"><span style=\"color: #888888;\">Kaynak : Sabah<\/span><\/p>\n","protected":false},"excerpt":{"rendered":"<p style=\"text-align: center;\">\n<p style=\"text-align: justify;\">DSP Genel Ba\u015fkan\u0131 Zeki Sezer, &#8221;Bug\u00fcn DSP Genel Ba\u015fkanl\u0131\u011f\u0131ndan istifa ediyorum&#8221; dedi.. <\/p>\n<p style=\"text-align: justify;\">Sezer, partisinin il ve belediye ba\u015fkanlar\u0131 toplant\u0131s\u0131n\u0131n a\u00e7\u0131l\u0131\u015f\u0131nda yapt\u0131\u011f\u0131 konu\u015fmada \u00e7e\u015fitli konulara ili\u015fkin de\u011ferlendirmelerde bulundu.<\/p>\n<p style=\"text-align: justify;\">Yerel se\u00e7imlerin ard\u0131ndan sonu\u00e7lara ili\u015fkin de\u011ferlendirme d\u00f6neminin ba\u015flad\u0131\u011f\u0131n\u0131 anlatan Sezer, &#8221;Her konu\u015fmamda &#8216;ba\u015far\u0131l\u0131 olamayanlar\u0131n bulunduklar\u0131 kurumun da \u00fclkenin <\/p>\n","protected":false},"author":1,"featured_media":0,"comment_status":"open","ping_status":"closed","sticky":false,"template":"","format":"standard","meta":{"footnotes":""},"categories":[105],"tags":[],"class_list":["post-8083","post","type-post","status-publish","format-standard","hentry","category-gundem","odd"],"_links":{"self":[{"href":"http:\/\/www.korhanyilmaz.com\/index.php?rest_route=\/wp\/v2\/posts\/8083","targetHints":{"allow":["GET"]}}],"collection":[{"href":"http:\/\/www.korhanyilmaz.com\/index.php?rest_route=\/wp\/v2\/posts"}],"about":[{"href":"http:\/\/www.korhanyilmaz.com\/index.php?rest_route=\/wp\/v2\/types\/post"}],"author":[{"embeddable":true,"href":"http:\/\/www.korhanyilmaz.com\/index.php?rest_route=\/wp\/v2\/users\/1"}],"replies":[{"embeddable":true,"href":"http:\/\/www.korhanyilmaz.com\/index.php?rest_route=%2Fwp%2Fv2%2Fcomments&post=8083"}],"version-history":[{"count":0,"href":"http:\/\/www.korhanyilmaz.com\/index.php?rest_route=\/wp\/v2\/posts\/8083\/revisions"}],"wp:attachment":[{"href":"http:\/\/www.korhanyilmaz.com\/index.php?rest_route=%2Fwp%2Fv2%2Fmedia&parent=8083"}],"wp:term":[{"taxonomy":"category","embeddable":true,"href":"http:\/\/www.korhanyilmaz.com\/index.php?rest_route=%2Fwp%2Fv2%2Fcategories&post=8083"},{"taxonomy":"post_tag","embeddable":true,"href":"http:\/\/www.korhanyilmaz.com\/index.php?rest_route=%2Fwp%2Fv2%2Ftags&post=8083"}],"curies":[{"name":"wp","href":"https:\/\/api.w.org\/{rel}","templated":true}]}}