{"id":8068,"date":"2009-04-10T17:15:49","date_gmt":"2009-04-10T14:15:49","guid":{"rendered":"http:\/\/www.korhanyilmaz.com\/?p=8068"},"modified":"2009-04-10T17:15:49","modified_gmt":"2009-04-10T14:15:49","slug":"bakan-uzayda-mi-yasiyor","status":"publish","type":"post","link":"http:\/\/www.korhanyilmaz.com\/?p=8068","title":{"rendered":"Bakan uzayda m\u0131 ya\u015f\u0131yor?"},"content":{"rendered":"<p style=\"text-align: center;\"><img loading=\"lazy\" decoding=\"async\" class=\"aligncenter size-full wp-image-8069\" title=\"Ekonomiden Sorumlu Devlet Bakan\u0131 Mehmet \u015eim\u015fek\" src=\"http:\/\/www.korhanyilmaz.com\/wp-content\/uploads\/2009\/04\/41.jpg\" alt=\"Ekonomiden Sorumlu Devlet Bakan\u0131 Mehmet \u015eim\u015fek\" width=\"329\" height=\"210\" \/><\/p>\n<p style=\"text-align: justify;\"><strong>&#8220;Piyasalar canland\u0131&#8221; diyen Bakan \u015eim\u015fek&#8217;e sekt\u00f6rden tepki var<\/strong><\/p>\n<p style=\"text-align: justify;\">Bakan \u015eim\u015fek&#8217;in &#8220;Piyasalar canland\u0131, otomotiv sekt\u00f6r\u00fc 24 saat \u00fcretim yap\u0131yor&#8221; s\u00f6zlerine sekt\u00f6rden tekzip geldi. Sekt\u00f6r temsilcileri, &#8220;De\u011fil 3 vardiya, 2 vardiya \u00e7al\u0131\u015fan bile \u00e7ok az&#8221; dedi.<\/p>\n<p style=\"text-align: justify;\">Ekonomiden Sorumlu Devlet Bakan\u0131 Mehmet \u015eim\u015fek, hafta ortas\u0131nda Anadolu Aslanlar\u0131 \u0130\u015fadamlar\u0131 Derne\u011fi&#8217;nin (ASKON) toplant\u0131s\u0131nda, &#8220;K\u00fcresel Kriz ve T\u00fcrkiye Ekonomisi&#8221; konulu bir konu\u015fma yapm\u0131\u015f ve ge\u00e7en ay baz\u0131 sekt\u00f6rlerde yapt\u0131klar\u0131 vergi indiriminin etkilerini g\u00f6rd\u00fcklerini, otomotivcilerin ise art\u0131k 24 saat \u00fcretim yapt\u0131\u011f\u0131n\u0131 iddia etmi\u015fti. \u015eim\u015fek&#8217;in otomotiv sekt\u00f6r\u00fc ile ilgili yapt\u0131\u011f\u0131 tespite sekt\u00f6rden itiraz geldi. Bir fabrika \u00fcretim m\u00fcd\u00fcr\u00fc ise bu s\u00f6zlere kar\u015f\u0131 tepkisini, &#8220;Herhalde Say\u0131n Bakan uzayl\u0131. B\u00f6yle bir tespiti nas\u0131l yapabilmi\u015f hayret? De\u011fil 3 vardiya, 2 vardiya \u00e7al\u0131\u015fan bile \u00e7ok az&#8221; \u015feklinde ortaya koydu. \u0130\u015fte T\u00fcrkiye&#8217;nin en \u00f6nemli otomotiv \u00fcreticilerindeki durum:<!--more--><\/p>\n<p style=\"text-align: justify;\"><strong>Hyundai Assan: <\/strong>Y\u0131ll\u0131k 100 bin adet \u00fcretim kapasitesi olan \u015firkette ge\u00e7en y\u0131l yaz d\u00f6neminde \u015firketin vardiya say\u0131s\u0131 3 iken krizin ba\u015flamas\u0131ndan sonra Ekim&#8217;de \u00f6nce 2&#8217;ye, Kas\u0131m itibar\u0131yla ise 1&#8217;e indi. \u00d6TV indiriminden sonra vardiya say\u0131s\u0131 2&#8217;ye \u00e7\u0131kt\u0131.<\/p>\n<p style=\"text-align: justify;\"><strong>Oyak Renault:<\/strong> Y\u0131ll\u0131k 350 bin adet \u00fcretim kapasitesi olan Oyak Renault Fabrikas\u0131&#8217;nda \u015firket politikas\u0131 gere\u011fi vardiya azalt\u0131m\u0131 yap\u0131lm\u0131yor. Fabrika 3 vardiya ile devam ediyor ancak banttan \u00e7\u0131kan ara\u00e7 say\u0131s\u0131nda y\u00fczde 50 azalma var. \u015eirket belirli d\u00f6nemlerde \u00fcretime ara verdi. \u015eu anda ise fabrika yakla\u015f\u0131k y\u00fczde 60 kapasite ile \u00e7al\u0131\u015f\u0131yor.<\/p>\n<p style=\"text-align: justify;\"><strong>Honda: <\/strong>Ge\u00e7en y\u0131l y\u00fczde 100 kapasite ile 50 bine yak\u0131n otomotiv \u00fcretimi ger\u00e7ekle\u015ftiren Honda, 26 \u015eubat&#8217;ta ald\u0131\u011f\u0131 kararla 2 olan vardiya say\u0131s\u0131n\u0131 1&#8217;e, kapasitesini ise 26 bine \u00e7ekti. Vardiya say\u0131s\u0131 \u00d6TV indirimine ra\u011fmen de\u011fi\u015fmedi ve tek vardiya olarak kald\u0131.<\/p>\n<p style=\"text-align: justify;\"><strong>TOFA\u015e:<\/strong> 400 bin ara\u00e7 \u00fcretim kapasitesine sahip TOFA\u015e&#8217;ta kriz \u00f6ncesinde 3 vardiya olarak \u00e7al\u0131\u015f\u0131l\u0131yordu. Krizle birlikte bu rakam 2 vardiyaya indi. \u00d6TV indiriminin getirdi\u011fi hareketlilik ile g\u00fcnl\u00fck \u00fcretim say\u0131s\u0131nda art\u0131\u015f yap\u0131l\u0131rken, boya ve montaj birimlerinde \u00e7al\u0131\u015fma s\u00fcresi uzat\u0131ld\u0131. G\u00fcnl\u00fck ara\u00e7 \u00fcretim adedi kriz s\u00fcresince 800 olarak ger\u00e7ekle\u015firken bu rakam \u015fu anda 1.000&#8217;e \u00e7\u0131km\u0131\u015f durumda.<\/p>\n<p style=\"text-align: justify;\"><strong>Ford Otosan:<\/strong> Y\u0131ll\u0131k 320 bin adetlik \u00fcretim kapasitesi olan Ford Otosan, 2008&#8217;in ilk yar\u0131s\u0131nda kapasitesinin \u00fczerinde \u00fcretim yapt\u0131. Son \u00e7eyrekte ise \u00fcretim kapasitesi y\u00fczde 30&#8217;a kadar geriledi. \u015eirkette 3 olan vardiya say\u0131s\u0131 halen 2.<\/p>\n<p style=\"text-align: justify;\"><strong>Anadolu Isuzu:<\/strong> Fabrikada talepteki yetersizlik nedeniyle \u00fcretim Haziran ay\u0131 ba\u015f\u0131na kadar 2 ay s\u00fcreyle durdu. \u015eirket yetkilileri 2 ayl\u0131k tatil karar\u0131n\u0131 geri \u00e7ekecek bir talep g\u00f6rmediklerini s\u00f6yledi.<\/p>\n<p style=\"text-align: justify;\"><strong>Karsan:<\/strong> \u015eirkette 3 olan vardiya say\u0131s\u0131 2&#8217;ye indi. \u00d6TV indiriminden sonra vardiya say\u0131s\u0131n\u0131n tekrar 3&#8217;e \u00e7\u0131kar\u0131lmas\u0131 d\u00fc\u015f\u00fcn\u00fclm\u00fcyor.<\/p>\n<p style=\"text-align: justify;\"><strong>Toyota&#8217;n\u0131n ihracat\u0131 3 ayda 42 binden 18 bine geriledi<\/strong><\/p>\n<p style=\"text-align: justify;\">Ekonom\u0130k kriz nedeniyle \u00fcretimi yar\u0131 yar\u0131ya d\u00fc\u015f\u00fcren Toyota Otomotiv Sanayi T\u00fcrkiye A\u015e, 2008&#8217;in ilk 3 ay\u0131nda 42 bin 430 ara\u00e7 ihra\u00e7 ederken, 2009&#8217;un ayn\u0131 d\u00f6neminde stoklar dahil 18 bin 61 ara\u00e7 ihra\u00e7 etti. Mart ay\u0131nda 9 bin 351 ara\u00e7 ihra\u00e7 eden Toyota T\u00fcrkiye, 2009&#8217;un ilk 3 ay\u0131nda 15 bin 831 ara\u00e7 \u00fcretmi\u015fti. Toyota T\u00fcrkiye, 2007 y\u0131l\u0131nda 154 bin 386 ve 2008 y\u0131l\u0131nda 119 bin 586 otomobil ihra\u00e7 etmi\u015fti.<\/p>\n<p style=\"text-align: justify;\"><span style=\"color: #888888;\">Kaynak : Vatan<\/span><\/p>\n","protected":false},"excerpt":{"rendered":"<p style=\"text-align: center;\">\n<p style=\"text-align: justify;\">&#8220;Piyasalar canland\u0131&#8221; diyen Bakan \u015eim\u015fek&#8217;e sekt\u00f6rden tepki var<\/p>\n<p style=\"text-align: justify;\">Bakan \u015eim\u015fek&#8217;in &#8220;Piyasalar canland\u0131, otomotiv sekt\u00f6r\u00fc 24 saat \u00fcretim yap\u0131yor&#8221; s\u00f6zlerine sekt\u00f6rden tekzip geldi. Sekt\u00f6r temsilcileri, &#8220;De\u011fil 3 vardiya, 2 vardiya \u00e7al\u0131\u015fan bile \u00e7ok az&#8221; dedi.<\/p>\n<p style=\"text-align: justify;\">Ekonomiden Sorumlu Devlet Bakan\u0131 Mehmet \u015eim\u015fek, hafta ortas\u0131nda Anadolu Aslanlar\u0131 \u0130\u015fadamlar\u0131 Derne\u011fi&#8217;nin <\/p>\n","protected":false},"author":1,"featured_media":0,"comment_status":"open","ping_status":"closed","sticky":false,"template":"","format":"standard","meta":{"footnotes":""},"categories":[7],"tags":[],"class_list":["post-8068","post","type-post","status-publish","format-standard","hentry","category-ekonomi","odd"],"_links":{"self":[{"href":"http:\/\/www.korhanyilmaz.com\/index.php?rest_route=\/wp\/v2\/posts\/8068","targetHints":{"allow":["GET"]}}],"collection":[{"href":"http:\/\/www.korhanyilmaz.com\/index.php?rest_route=\/wp\/v2\/posts"}],"about":[{"href":"http:\/\/www.korhanyilmaz.com\/index.php?rest_route=\/wp\/v2\/types\/post"}],"author":[{"embeddable":true,"href":"http:\/\/www.korhanyilmaz.com\/index.php?rest_route=\/wp\/v2\/users\/1"}],"replies":[{"embeddable":true,"href":"http:\/\/www.korhanyilmaz.com\/index.php?rest_route=%2Fwp%2Fv2%2Fcomments&post=8068"}],"version-history":[{"count":0,"href":"http:\/\/www.korhanyilmaz.com\/index.php?rest_route=\/wp\/v2\/posts\/8068\/revisions"}],"wp:attachment":[{"href":"http:\/\/www.korhanyilmaz.com\/index.php?rest_route=%2Fwp%2Fv2%2Fmedia&parent=8068"}],"wp:term":[{"taxonomy":"category","embeddable":true,"href":"http:\/\/www.korhanyilmaz.com\/index.php?rest_route=%2Fwp%2Fv2%2Fcategories&post=8068"},{"taxonomy":"post_tag","embeddable":true,"href":"http:\/\/www.korhanyilmaz.com\/index.php?rest_route=%2Fwp%2Fv2%2Ftags&post=8068"}],"curies":[{"name":"wp","href":"https:\/\/api.w.org\/{rel}","templated":true}]}}