{"id":8051,"date":"2009-04-11T08:45:57","date_gmt":"2009-04-11T05:45:57","guid":{"rendered":"http:\/\/www.korhanyilmaz.com\/?p=8051"},"modified":"2009-04-11T08:45:57","modified_gmt":"2009-04-11T05:45:57","slug":"savci-oz-yarin-bizi-de-kapinin-onune-koyarlar","status":"publish","type":"post","link":"http:\/\/www.korhanyilmaz.com\/?p=8051","title":{"rendered":"Savc\u0131 \u00d6z: Yar\u0131n bizi de kap\u0131n\u0131n \u00f6n\u00fcne koyarlar"},"content":{"rendered":"<p style=\"text-align: center;\"><img loading=\"lazy\" decoding=\"async\" class=\"aligncenter size-full wp-image-8052\" title=\"Savc\u0131 \u00d6z: Yar\u0131n bizi de kap\u0131n\u0131n \u00f6n\u00fcne koyarlar \" src=\"http:\/\/www.korhanyilmaz.com\/wp-content\/uploads\/2009\/04\/4ea9cc5abf456742b0109922x.jpg\" alt=\"Savc\u0131 \u00d6z: Yar\u0131n bizi de kap\u0131n\u0131n \u00f6n\u00fcne koyarlar \" width=\"333\" height=\"175\" \/><\/p>\n<p style=\"text-align: justify;\"><strong>Polis gecesinde g\u00f6zler, Ergenekon Savc\u0131s\u0131 \u00d6z&#8217;\u00fcn \u00fcst\u00fcndeydi. \u00d6z, &#8220;Bize sertlik uymaz&#8221; dedi..<\/strong><\/p>\n<p style=\"text-align: justify;\">T\u00fcrk Polis Te\u015fkilat\u0131&#8217;n\u0131n 164. y\u0131ld\u00f6n\u00fcm\u00fc kutlamalar\u0131 kapsam\u0131nda \u0130stanbul Emniyet M\u00fcd\u00fcrl\u00fc\u011f\u00fc&#8217;n\u00fcn \u00f6nceki ak\u015fam \u00c7\u0131ra\u011fan Saray\u0131&#8217;nda d\u00fczenledi\u011fi baloya kat\u0131lan Ergenekon Soru\u015fturmas\u0131 Savc\u0131s\u0131 Zekeriya \u00d6z, ilk kez bas\u0131n mensuplar\u0131yla sohbet etti. \u0130ddia edildi\u011fi gibi sert bir yap\u0131s\u0131 olmad\u0131\u011f\u0131n\u0131 savunarak &#8220;Delikanl\u0131l\u0131k uyar bize ama sertlik uymaz&#8221; diyen Zekeriya \u00d6z, gazetecilerin Ergenekon Davas\u0131&#8217;yla ilgili olarak &#8216;Y\u0131l\u0131n davas\u0131 Say\u0131n Savc\u0131m&#8217; hat\u0131rlatmalar\u0131na hayli ilgin\u00e7 yan\u0131tlar verdi. Erken saatte baloyu terk eden \u00d6z, ilk kez bas\u0131n mensuplar\u0131yla s\u0131cak temas kurup sohbet etti. <!--more-->Y\u0131l\u0131n savc\u0131s\u0131, Ergenekon san\u0131klar\u0131n\u0131n &#8220;sert&#8221; iddialar\u0131na sohbet aras\u0131nda ilgin\u00e7 yan\u0131tlar verdi. Ergenekon&#8217;la ilgili bilgi almak isteyen bas\u0131n mensuplar\u0131 Savc\u0131 Zekeriya \u00d6z&#8217;e &#8220;Y\u0131l\u0131n davas\u0131 say\u0131n savc\u0131m&#8221; dediler. Bunun \u00fczerine \u00d6z, konuyla ilgili konu\u015famayaca\u011f\u0131n\u0131 belirterek, &#8220;Yar\u0131n \u00f6b\u00fcr g\u00fcn bizi kap\u0131n\u0131n \u00f6n\u00fcne koyarlar&#8221; dedi. Sonraki diyalog ise \u015f\u00f6yle geli\u015fti:<br \/>\n<strong><em>&#8211; \u015e\u00f6yle bir imaj olu\u015ftu. \u00c7ok sert, resmi&#8230; \u00d6z: <\/em><\/strong>Benim sert oldu\u011fuma dair hi\u00e7bir ifade olamaz. Hi\u00e7bir san\u0131k b\u00f6yle bir imada bulunamaz. Duygusal Bir insan\u0131m.<br \/>\n<strong><em>&#8211; Say\u0131n Savc\u0131m ilk kez bu kadar yak\u0131n oluyoruz size. Bu kadar s\u0131cak oldu\u011funuzu bilmiyorduk. \u00d6z: <\/em><\/strong>Delikanl\u0131l\u0131k uyar bize ama sertlik uymaz. <strong><em>&#8211; Ergenekon Davas\u0131&#8217;n\u0131 medyan\u0131n bir k\u0131sm\u0131 farkl\u0131, bir k\u0131sm\u0131 daha farkl\u0131 de\u011ferlendiriyor. Size yans\u0131mas\u0131 oluyor mu? \u00d6z: <\/em><\/strong>Medyaya bakm\u0131yorum.<br \/>\n<strong><em>&#8211; Say\u0131n Savc\u0131m \u0130zmir&#8217;de yetkilendirilmi\u015f savc\u0131 (Murat G\u00f6k) vard\u0131. Yetkilerinden ar\u0131nd\u0131r\u0131ld\u0131. \u00d6z: <\/em><\/strong>Yetkilerinden ar\u0131nmad\u0131. Sadece duru\u015fma savc\u0131s\u0131 oldu. Ben de buraya ilk geldi\u011fimde duru\u015fma savc\u0131s\u0131yd\u0131m. Yani s\u0131rayla oluyor. Mesela Mehmet Ali Bey (Mehmet Ali Pekg\u00fczel) \u015fimdi duru\u015fmaya \u00e7\u0131k\u0131yor. Yetkinin al\u0131nmas\u0131 de\u011fil. Ayn\u0131 yetkisi devam ediyor. Savc\u0131n\u0131n yetkileri al\u0131nmaz.<br \/>\n<strong><em>&#8211; \u0130stifa edece\u011fini s\u00f6yledi. \u00d6z: <\/em><\/strong>Benim arkada\u015f\u0131m, \u00f6yle bir \u015fey olamaz.\n<\/p>\n<p style=\"text-align: justify;\"><span style=\"color: #888888;\">Kaynak : \u00d6nder \u015eu\u015fo\u011flu &#8211; Sabah<\/span><\/p>\n","protected":false},"excerpt":{"rendered":"<p style=\"text-align: center;\">\n<p style=\"text-align: justify;\">Polis gecesinde g\u00f6zler, Ergenekon Savc\u0131s\u0131 \u00d6z&#8217;\u00fcn \u00fcst\u00fcndeydi. \u00d6z, &#8220;Bize sertlik uymaz&#8221; dedi..<\/p>\n<p style=\"text-align: justify;\">T\u00fcrk Polis Te\u015fkilat\u0131&#8217;n\u0131n 164. y\u0131ld\u00f6n\u00fcm\u00fc kutlamalar\u0131 kapsam\u0131nda \u0130stanbul Emniyet M\u00fcd\u00fcrl\u00fc\u011f\u00fc&#8217;n\u00fcn \u00f6nceki ak\u015fam \u00c7\u0131ra\u011fan Saray\u0131&#8217;nda d\u00fczenledi\u011fi baloya kat\u0131lan Ergenekon Soru\u015fturmas\u0131 Savc\u0131s\u0131 Zekeriya \u00d6z, ilk kez bas\u0131n mensuplar\u0131yla sohbet etti. \u0130ddia edildi\u011fi gibi sert bir yap\u0131s\u0131 olmad\u0131\u011f\u0131n\u0131 savunarak <\/p>\n","protected":false},"author":1,"featured_media":0,"comment_status":"open","ping_status":"closed","sticky":false,"template":"","format":"standard","meta":{"footnotes":""},"categories":[105],"tags":[],"class_list":["post-8051","post","type-post","status-publish","format-standard","hentry","category-gundem","odd"],"_links":{"self":[{"href":"http:\/\/www.korhanyilmaz.com\/index.php?rest_route=\/wp\/v2\/posts\/8051","targetHints":{"allow":["GET"]}}],"collection":[{"href":"http:\/\/www.korhanyilmaz.com\/index.php?rest_route=\/wp\/v2\/posts"}],"about":[{"href":"http:\/\/www.korhanyilmaz.com\/index.php?rest_route=\/wp\/v2\/types\/post"}],"author":[{"embeddable":true,"href":"http:\/\/www.korhanyilmaz.com\/index.php?rest_route=\/wp\/v2\/users\/1"}],"replies":[{"embeddable":true,"href":"http:\/\/www.korhanyilmaz.com\/index.php?rest_route=%2Fwp%2Fv2%2Fcomments&post=8051"}],"version-history":[{"count":0,"href":"http:\/\/www.korhanyilmaz.com\/index.php?rest_route=\/wp\/v2\/posts\/8051\/revisions"}],"wp:attachment":[{"href":"http:\/\/www.korhanyilmaz.com\/index.php?rest_route=%2Fwp%2Fv2%2Fmedia&parent=8051"}],"wp:term":[{"taxonomy":"category","embeddable":true,"href":"http:\/\/www.korhanyilmaz.com\/index.php?rest_route=%2Fwp%2Fv2%2Fcategories&post=8051"},{"taxonomy":"post_tag","embeddable":true,"href":"http:\/\/www.korhanyilmaz.com\/index.php?rest_route=%2Fwp%2Fv2%2Ftags&post=8051"}],"curies":[{"name":"wp","href":"https:\/\/api.w.org\/{rel}","templated":true}]}}