{"id":8044,"date":"2009-04-11T08:39:08","date_gmt":"2009-04-11T05:39:08","guid":{"rendered":"http:\/\/www.korhanyilmaz.com\/?p=8044"},"modified":"2009-04-11T08:39:08","modified_gmt":"2009-04-11T05:39:08","slug":"orgutun-2-numarasi-3ncu-iddianamede","status":"publish","type":"post","link":"http:\/\/www.korhanyilmaz.com\/?p=8044","title":{"rendered":"\u00d6rg\u00fct\u00fcn 2 numaras\u0131 3&#039;nc\u00fc iddianamede"},"content":{"rendered":"<p style=\"text-align: center;\"><img loading=\"lazy\" decoding=\"async\" class=\"aligncenter size-full wp-image-8045\" title=\"\u00d6rg\u00fct\u00fcn 2 numaras\u0131 3'nc\u00fc iddianamede \" src=\"http:\/\/www.korhanyilmaz.com\/wp-content\/uploads\/2009\/04\/17f3b0680eaacb43b32310c8x.jpg\" alt=\"\u00d6rg\u00fct\u00fcn 2 numaras\u0131 3'nc\u00fc iddianamede \" width=\"333\" height=\"175\" \/><\/p>\n<p style=\"text-align: justify;\">Bedrettin Dalan, sendikac\u0131 Mustafa \u00d6zbek, eski polis \u015fefi \u0130brahim \u015eahin&#8217;in de aralar\u0131nda bulundu\u011fu Ergenekon davas\u0131n\u0131n \u00fc\u00e7\u00fcnc\u00fc iddianamesinde \u00f6rg\u00fct\u00fcn kasas\u0131 ve 2 numaras\u0131na da yer veriliyor.<\/p>\n<p style=\"text-align: justify;\">Ergenekon \u00d6rg\u00fct\u00fc&#8217;nde soru\u015fturmas\u0131 halen devam eden 44&#8217;\u00fc tutuklu 77 \u015f\u00fcpheli hakk\u0131ndaki 3&#8217;nc\u00fc iddianamenin yaz\u0131m\u0131na ba\u015fland\u0131\u011f\u0131 \u00f6\u011frenildi. \u0130ddianamede \u00f6rg\u00fct\u00fcn kasas\u0131n\u0131n ve 2 numaral\u0131 y\u00f6neticisinin bulundu\u011fu belirtildi. &#8220;Ergenekon \u00d6rg\u00fct\u00fc&#8221; soru\u015fturmas\u0131 kapsam\u0131nda ilk olarak 14 Temmuz 2008 tarihinde 46&#8217;s\u0131 tutuklu 86 \u015f\u00fcpheli hakk\u0131nda, 10 Mart 2009 tarihinde ise 19&#8217;u tutuklu 56 \u015f\u00fcpheli hakk\u0131nda da ikinci Ergenekon iddianamesi haz\u0131rlanm\u0131\u015ft\u0131. <!--more-->\u0130brahim \u015eahin&#8217;in de aralar\u0131nda bulundu\u011fu 7 Ocak 2009 tarihindeki 10&#8217;ncu ve 22 Ocak 2009 tarihinde ger\u00e7ekle\u015ftirilen 11&#8217;nci dalga operasyonlar\u0131 kapsam\u0131ndaki 44&#8217;\u00fc tutuklu 77 \u015f\u00fcpheli hakk\u0131ndaki iddianamenin yaz\u0131m\u0131na ba\u015fland\u0131\u011f\u0131 \u00f6\u011frenildi. Halen yaz\u0131m\u0131 s\u00fcren iddianamede 10 ve 11&#8217;inci dalga operasyonu kapsam\u0131nda tutuklunan muvazzaf albay Mustafa Ko\u00e7, Cengiz K\u00f6yl\u00fc, Bedrettin Dalan, Susurluk h\u00fck\u00fcml\u00fcs\u00fc eski \u00d6zel Harek\u00e2t Dairesi Ba\u015fkan\u0131 \u0130brahim \u015eahin, Mustafa \u00d6zbek, polis memurlar\u0131 yer al\u0131yor.<\/p>\n<p style=\"text-align: justify;\"><strong>D\u00d6N\u00dc\u015e\u00dcML\u00dc L\u0130DERL\u0130K<br \/>\n<\/strong>\u00dc\u00e7\u00fcnc\u00fc iddianamede, Ergenekon \u00d6rg\u00fct\u00fc&#8217;n\u00fcn h\u00fccre yap\u0131lanmas\u0131n\u0131n a\u011f\u0131rl\u0131kl\u0131 olarak yer alaca\u011f\u0131 \u00f6\u011frenildi. 3. \u0130ddianamede, \u00f6rg\u00fct\u00fcn kasas\u0131n\u0131n ve 2 numaral\u0131 y\u00f6neticisinin de bulundu\u011fu \u00f6\u011frenildi. \u00d6rg\u00fct i\u00e7erisinde d\u00f6n\u00fc\u015f\u00fcml\u00fc y\u00f6neticilik yap\u0131ld\u0131\u011f\u0131 i\u00e7in 1 numara de\u011fil, 1 ve 2 numaralar\u0131n bulundu\u011fu \u00f6\u011frenildi. Hatta bug\u00fcne kadar operasyonlarda g\u00f6zalt\u0131na al\u0131nan toplam 220 ki\u015fi aras\u0131nda, \u00f6rg\u00fct\u00fcn 2 numaral\u0131 y\u00f6neticili\u011fini yapm\u0131\u015f 5-6 ki\u015finin bulundu\u011fu \u00f6\u011frenildi. 3. \u0130ddianame ile 5&#8217;i askeri, 2&#8217;si sivil olmak \u00fczere \u00f6rg\u00fct\u00fcn 7 gizli yap\u0131lanmas\u0131n\u0131n y\u00fczde 50&#8217;sinden fazlas\u0131n\u0131n de\u015fifre edildi\u011fi \u00f6\u011frenildi.<\/p>\n<p style=\"text-align: justify;\"><strong>D\u00dcNDAR&#8217;A SU\u00c7 DUYURUSU<br \/>\n<\/strong>\u0130kinci iddianamede bir mail adresinde ismi ge\u00e7ti\u011fi i\u00e7in sert tepki g\u00f6steren gazeteci U\u011fur D\u00fcndar hakk\u0131nda da hakaret su\u00e7undan su\u00e7 duyurusunda bulunuldu\u011fu \u00f6\u011frenildi. U\u011fur D\u00fcndar, Ergenekon Soru\u015fturmas\u0131n\u0131 y\u00fcr\u00fcten Cumhuriyet Savc\u0131lar\u0131 i\u00e7in &#8220;vas\u0131fs\u0131z&#8221; ifadesini kullanm\u0131\u015ft\u0131. Ergenekon \u00d6rg\u00fct\u00fc davas\u0131nda 36, ikinci iddianamede 19 ve yaz\u0131m\u0131 devam eden 3. iddianamede 44 olmak \u00fczere, toplam 99 \u015f\u00fcpheli tutuklu bulunuyor. \u00d6te yandan soru\u015fturma kapsam\u0131ndaki dalga operasyonunda g\u00f6zalt\u0131na al\u0131nan ve ifadesi al\u0131nd\u0131ktan sonra 11 Ocak&#8217;ta serbest b\u0131rak\u0131lan emekli t\u00fcmgeneral Erdal \u015eenel ek ifade verdi. Erdal \u015eenel&#8217;in avukat\u0131yla birlikte Be\u015fikta\u015f&#8217;taki \u0130stanbul Adliyesi&#8217;ne gelerek soru\u015fturmay\u0131 y\u00fcr\u00fcten Cumhuriyet Savc\u0131lar\u0131&#8217;na kendi iste\u011fiyle ek ifade verdi\u011fi \u00f6\u011frenildi.<\/p>\n<h5 style=\"text-align: justify;\"><span style=\"color: #993300;\">32. G\u00fcn&#8217;de i\u015fkenceyi anlatt\u0131 <\/span><\/h5>\n<\/p>\n<p style=\"text-align: justify;\">\n<p style=\"text-align: justify;\"><span style=\"color: #333300;\"> <span style=\"color: #000000;\">\u0130fadeleriyle Ergenekon operasyonlar\u0131n\u0131n temel dayana\u011f\u0131n\u0131 olu\u015fturan Tuncay G\u00fcney, M\u0130T&#8217;in g\u00f6nderdi\u011fi ve emniyette i\u015fkence g\u00f6rd\u00fc\u011f\u00fcne dair ses kay\u0131tlar\u0131n\u0131n ortaya \u00e7\u0131kmas\u0131n\u0131n ard\u0131ndan 32. G\u00fcn program\u0131na \u00e7\u0131kt\u0131. \u0130\u015fkence g\u00f6rd\u00fc\u011f\u00fcn\u00fc anlatan G\u00fcney, &#8220;En son ben dedim ki, Roma&#8217;y\u0131 da ben yakt\u0131m, ne getirirseniz imzalayaca\u011f\u0131m!&#8221; diye konu\u015ftu. G\u00fcney, &#8220;High Class insanlara hukuk dokununca nerede demokrasi diye ba\u011f\u0131r\u0131yorlar. Ben 9 g\u00fcn i\u015fkence g\u00f6rm\u00fc\u015f\u00fcm. \u0130nsanlar &#8216;Biz \u015fimdi Ergenekon davas\u0131n\u0131 nas\u0131l d\u00fc\u015f\u00fcr\u00fcr\u00fcz&#8217; diye s\u00f6yl\u00fcyor. Hi\u00e7 kimse Tuncay G\u00fcney&#8217;e i\u015fkence yap\u0131lm\u0131\u015ft\u0131r, nedeni nedir diye ara\u015ft\u0131rm\u0131yor&#8221; dedi.<img loading=\"lazy\" decoding=\"async\" class=\"size-full wp-image-8046 alignleft\" style=\"margin-left: 10px; margin-right: 10px;\" title=\"\u0130fadeleriyle Ergenekon operasyonlar\u0131n\u0131n temel dayana\u011f\u0131n\u0131 olu\u015fturan Tuncay G\u00fcney\" src=\"http:\/\/www.korhanyilmaz.com\/wp-content\/uploads\/2009\/04\/e1236111e1465441ad70294br.jpg\" alt=\"\u0130fadeleriyle Ergenekon operasyonlar\u0131n\u0131n temel dayana\u011f\u0131n\u0131 olu\u015fturan Tuncay G\u00fcney\" width=\"160\" height=\"189\" \/><\/span><\/span><\/p>\n<p style=\"text-align: justify;\"><strong>YAYIN YASA\u011eI<br \/>\n<\/strong>Bu arada davan\u0131n tutuklu san\u0131klar\u0131ndan gazeteci \u00dcmit O\u011fuztan tahliyesine ili\u015fkin mahkemeye sundu\u011fu dilek\u00e7ede &#8220;\u015eahs\u0131ma yap\u0131lan i\u015fkence Tuncay G\u00fcney&#8217;e izletilerek ona psikolojik olarak da i\u015fkence yap\u0131lm\u0131\u015f, bununla yetinilmeyerek Tuncay G\u00fcney&#8217;e de fiziki i\u015fkence uygulanm\u0131\u015ft\u0131r. Mahkeme taraf\u0131ndan serbest b\u0131rak\u0131ld\u0131ktan sonra Dr. Mansur Beyazy\u00fcrek&#8217;e giderek psikolojik tedavi g\u00f6rd\u00fcm&#8221; dedi. Mahkeme CD&#8217;nin i\u00e7eri\u011fine ili\u015fkin yay\u0131n yasa\u011f\u0131 getirdi. \u0130stanbul 13&#8217;\u00fcnc\u00fc A\u011f\u0131r Ceza Mahkemesi&#8217;nde g\u00f6r\u00fclen Ergenekon davas\u0131n\u0131n d\u00fcnk\u00fc 73&#8217;\u00fcnc\u00fc duru\u015fmas\u0131nda da Kemal Kerin\u00e7siz&#8217;in savunmas\u0131na devam edildi. 7 g\u00fcnd\u00fcr aral\u0131ks\u0131z savunma yapan tutuklu avukat Kerin\u00e7siz, d\u00fczenledikleri etkinliklerde T\u00fcrk ve K\u00fcrt ayr\u0131mc\u0131l\u0131\u011f\u0131 yapmad\u0131\u011f\u0131n\u0131 s\u00f6ylerken oynanan oyunun ayn\u0131 oldu\u011funu, arkas\u0131nda da Ermeni meselesi bulundu\u011funu \u00f6ne s\u00fcrd\u00fc. Bu arada, 10&#8217;uncu dalga operasyonunda g\u00f6zalt\u0131na al\u0131nan ve 12 Ocak 2009 g\u00fcn\u00fc tutuklanan emekli albay Levent G\u00f6kta\u015f ek ifade vermesinin ard\u0131ndan tahliyesini istedi.<\/p>\n<h5 style=\"text-align: justify;\"><span style=\"color: #993300;\"><strong>&#8216;Yaz\u0131c\u0131o\u011flu kazadan 4 g\u00fcn \u00f6nce arad\u0131&#8217;<\/strong><\/span><\/h5>\n<\/p>\n<p style=\"text-align: justify;\"><span style=\"color: #333300;\"><span style=\"color: #000000;\">Tuncay G\u00fcney, BBP Genel Ba\u015fkan\u0131 Muhsin Yaz\u0131c\u0131o\u011flu&#8217;nun kazadan 4 g\u00fcn \u00f6nce kendisini arad\u0131\u011f\u0131n\u0131 s\u00f6yledi. Yaz\u0131c\u0131o\u011flu&#8217;na mail att\u0131\u011f\u0131n\u0131 ve helallik istedi\u011fini belirten G\u00fcney \u015f\u00f6yle dedi: &#8220;Muhsin Yaz\u0131c\u0131o\u011flu i\u00e7in Mara\u015f Katliam\u0131na, Sivas olaylar\u0131na kat\u0131ld\u0131\u011f\u0131, T\u0130P&#8217;lilerin \u00f6ld\u00fcrmesine kar\u0131\u015ft\u0131\u011f\u0131 ve bunlar\u0131 da bana Veli K\u00fc\u00e7\u00fck&#8217;\u00fcn s\u00f6yledi\u011fi dikte edildi. Bunlar\u0131 Muhsin Yaz\u0131c\u0131o\u011flu&#8217;na s\u00f6yledim. &#8216;Sen i\u015fkence g\u00f6rm\u00fc\u015f lidersin, beni anlars\u0131n&#8217; dedim. Telefonla konu\u015ftuk. &#8216;Muhsin Bey, ellerinde benim s\u00f6ylemi\u015f oldu\u011fum dok\u00fcmanlar var. Ama bunlar benden \u00e7\u0131kmad\u0131. 7 T\u0130P&#8217;li \u00f6ld\u00fcr\u00fcld\u00fc\u011f\u00fcnde \u00e7ocuktum. Mara\u015f Katliam\u0131&#8217;n\u0131 bilmem, \u00e7ocuktum. 1972 do\u011fumluyum. Hakk\u0131n\u0131 helal et dedim&#8217; ve o da &#8216;helal olsun can\u0131m karde\u015fim anlayabiliyorum&#8221; dedi. <\/span><\/span><\/p>\n<p style=\"text-align: justify;\"><span style=\"color: #333300;\"><span style=\"color: #000000;\"><span style=\"color: #808080;\">Kaynak : Veli Sar\u0131bo\u011fa &#8211; Sabah<\/span><br \/>\n<\/span><\/span><\/p>\n","protected":false},"excerpt":{"rendered":"<p style=\"text-align: center;\">\n<p style=\"text-align: justify;\">Bedrettin Dalan, sendikac\u0131 Mustafa \u00d6zbek, eski polis \u015fefi \u0130brahim \u015eahin&#8217;in de aralar\u0131nda bulundu\u011fu Ergenekon davas\u0131n\u0131n \u00fc\u00e7\u00fcnc\u00fc iddianamesinde \u00f6rg\u00fct\u00fcn kasas\u0131 ve 2 numaras\u0131na da yer veriliyor.<\/p>\n<p style=\"text-align: justify;\">Ergenekon \u00d6rg\u00fct\u00fc&#8217;nde soru\u015fturmas\u0131 halen devam eden 44&#8217;\u00fc tutuklu 77 \u015f\u00fcpheli hakk\u0131ndaki 3&#8217;nc\u00fc iddianamenin yaz\u0131m\u0131na ba\u015fland\u0131\u011f\u0131 \u00f6\u011frenildi. \u0130ddianamede \u00f6rg\u00fct\u00fcn kasas\u0131n\u0131n ve 2 numaral\u0131 y\u00f6neticisinin <\/p>\n","protected":false},"author":1,"featured_media":0,"comment_status":"open","ping_status":"closed","sticky":false,"template":"","format":"standard","meta":{"footnotes":""},"categories":[105],"tags":[],"class_list":["post-8044","post","type-post","status-publish","format-standard","hentry","category-gundem","odd"],"_links":{"self":[{"href":"http:\/\/www.korhanyilmaz.com\/index.php?rest_route=\/wp\/v2\/posts\/8044","targetHints":{"allow":["GET"]}}],"collection":[{"href":"http:\/\/www.korhanyilmaz.com\/index.php?rest_route=\/wp\/v2\/posts"}],"about":[{"href":"http:\/\/www.korhanyilmaz.com\/index.php?rest_route=\/wp\/v2\/types\/post"}],"author":[{"embeddable":true,"href":"http:\/\/www.korhanyilmaz.com\/index.php?rest_route=\/wp\/v2\/users\/1"}],"replies":[{"embeddable":true,"href":"http:\/\/www.korhanyilmaz.com\/index.php?rest_route=%2Fwp%2Fv2%2Fcomments&post=8044"}],"version-history":[{"count":0,"href":"http:\/\/www.korhanyilmaz.com\/index.php?rest_route=\/wp\/v2\/posts\/8044\/revisions"}],"wp:attachment":[{"href":"http:\/\/www.korhanyilmaz.com\/index.php?rest_route=%2Fwp%2Fv2%2Fmedia&parent=8044"}],"wp:term":[{"taxonomy":"category","embeddable":true,"href":"http:\/\/www.korhanyilmaz.com\/index.php?rest_route=%2Fwp%2Fv2%2Fcategories&post=8044"},{"taxonomy":"post_tag","embeddable":true,"href":"http:\/\/www.korhanyilmaz.com\/index.php?rest_route=%2Fwp%2Fv2%2Ftags&post=8044"}],"curies":[{"name":"wp","href":"https:\/\/api.w.org\/{rel}","templated":true}]}}