{"id":8036,"date":"2009-04-10T17:40:26","date_gmt":"2009-04-10T14:40:26","guid":{"rendered":"http:\/\/www.korhanyilmaz.com\/?p=8036"},"modified":"2009-04-10T17:40:26","modified_gmt":"2009-04-10T14:40:26","slug":"%e2%80%98ceketimi-koysam-sectiririm-anlayisi-bitti%e2%80%99","status":"publish","type":"post","link":"http:\/\/www.korhanyilmaz.com\/?p=8036","title":{"rendered":"\u2018Ceketimi koysam se\u00e7tiririm anlay\u0131\u015f\u0131 bitti\u2019"},"content":{"rendered":"<p style=\"text-align: center;\"><img loading=\"lazy\" decoding=\"async\" class=\"aligncenter size-full wp-image-8037\" title=\"Mersin\u2019de bir kad\u0131n bo\u011faz\u0131na yap\u0131\u015ft\u0131\" src=\"http:\/\/www.korhanyilmaz.com\/wp-content\/uploads\/2009\/04\/110420090359586684171.jpg\" alt=\"Mersin\u2019de bir kad\u0131n bo\u011faz\u0131na yap\u0131\u015ft\u0131\" width=\"329\" height=\"210\" \/><\/p>\n<p style=\"text-align: justify;\"><strong>Adana se\u00e7imlerinin iptalini isteyen Baykal&#8217;dan ilgin\u00e7 yorum<\/strong><\/p>\n<p style=\"text-align: justify;\">&#8220;T\u00fcrkiye&#8217;de art\u0131k halka tepeden bakan iktidar anlay\u0131\u015f\u0131na yer yok. AKP, oylar\u0131 y\u00fczde 47&#8217;den 38&#8217;e d\u00fc\u015f\u00fcnce 1 May\u0131s&#8217;\u0131 bayram yapmak zorunda kald\u0131&#8221;<\/p>\n<p style=\"text-align: justify;\">ADANA ve Mersin&#8217;e giderek partisinden se\u00e7ilen belediye ba\u015fkanlar\u0131 ve CHP&#8217;lilerle bulu\u015fan Deniz Baykal, T\u00fcrkiye&#8217;de yeni bir siyaset anlay\u0131\u015f\u0131n\u0131n ele al\u0131naca\u011f\u0131n\u0131 belirterek, &#8220;Art\u0131k &#8216;Ceketimi koysam se\u00e7tiririm&#8217;\u015feklinde iktidar anlay\u0131\u015f\u0131na yer olmad\u0131\u011f\u0131 ortaya \u00e7\u0131km\u0131\u015ft\u0131r&#8221; dedi. Baykal&#8217;\u0131n, se\u00e7imlerden Ergenekon&#8217;a kadar g\u00fcncel konular hakk\u0131ndaki g\u00f6r\u00fc\u015fleri \u015f\u00f6yle: <!--more--><\/p>\n<p style=\"text-align: justify;\"><strong>Adana se\u00e7imleri iptal edilmeli<\/strong><\/p>\n<p style=\"text-align: justify;\">&#8220;Adana se\u00e7imlerini YSK&#8217;n\u0131n iptal etmesini ve yenilemesini bekliyoruz. YSK se\u00e7imlerle ilgili b\u00f6yle bir karar alma yetkisine sahip. Adana se\u00e7imi \u00e7ok \u00f6nemli. Se\u00e7im ve say\u0131m tablosu, g\u00fcven veren ve insanlar\u0131n vicdan\u0131n\u0131 rahatlatan bir sonu\u00e7 vermemi\u015ftir. Her yerde her zaman yap\u0131labilecek itirazlar\u0131n \u00f6tesinde bir durum var. Torbalar de\u011fi\u015ftirildi, foto\u011fraflar ve g\u00fcvenlik kameralar\u0131n\u0131n g\u00f6r\u00fcnt\u00fcs\u00fcyle bunlar tespit edildi, &#8216;oldu bitti&#8217; denilemez denilmemesi gerekir. Tarihi bir g\u00f6rev bekliyor YSK&#8217;y\u0131. Umar\u0131m bu sorumlulu\u011funun gere\u011fini yerine getirir.&#8221;<\/p>\n<p style=\"text-align: justify;\"><strong>Siyasette yeni d\u00f6nem ba\u015flad\u0131<\/strong><\/p>\n<p style=\"text-align: justify;\">&#8220;\u00d6n\u00fcm\u00fczdeki d\u00f6nemde T\u00fcrkiye art\u0131k yeni bir siyaset anlay\u0131\u015f\u0131 ile ele al\u0131nacak. Art\u0131k halka tepeden bakan &#8216;Ben buraday\u0131m, her geleni kumanda ederim&#8217;diyen tahakk\u00fcm edici bir siyaset anlay\u0131\u015f\u0131 kesinlikle reddedilmi\u015ftir. &#8216;Ceketimi koysam se\u00e7tiririm&#8217;\u015feklinde iktidar anlay\u0131\u015f\u0131na yer olmad\u0131\u011f\u0131 ortaya \u00e7\u0131km\u0131\u015ft\u0131r. Demokrasi i\u015flemeye ba\u015flam\u0131\u015ft\u0131r. Bak\u0131n y\u00fczde 47 oy alm\u0131\u015fken h\u00fck\u00fcmet 1 May\u0131s kutlamas\u0131 yapmak isteyenlere copla, bombayla kar\u015f\u0131l\u0131k veriyordu. \u015eimdi oylar y\u00fczde 38&#8217;e d\u00fc\u015ft\u00fc 1 May\u0131s&#8217;\u0131 bayram olarak kutlama karar\u0131n\u0131 bu h\u00fck\u00fcmet almak durumunda kald\u0131. Milli irade h\u00fck\u00fcmeti etkilemeye ba\u015flam\u0131\u015ft\u0131r.&#8221;<\/p>\n<p style=\"text-align: justify;\"><strong>Yavru Ergenekon \u00fcz\u00fcnt\u00fc verici<\/strong><\/p>\n<p style=\"text-align: justify;\">&#8220;Maalesef T\u00fcrkiye&#8217;de hukuk ve yarg\u0131 siyasi ama\u00e7larla kullan\u0131l\u0131yor. Bu konuda \u00e7ok \u00fcz\u00fcnt\u00fc verici olaylar ya\u015fad\u0131k. KKTC&#8217;nin de T\u00fcrkiye&#8217;deki yanl\u0131\u015fl\u0131klar\u0131 \u00f6rnek almaya devam ediyor olmas\u0131 \u00fcz\u00fcnt\u00fc vericidir.&#8221;<\/p>\n<p style=\"text-align: justify;\"><strong>Y\u00fczde 8 eriyen AKP gidici<\/strong><\/p>\n<p style=\"text-align: justify;\">&#8220;Se\u00e7im sonu\u00e7lar\u0131n\u0131n ard\u0131ndan AKP&#8217;nin gidici oldu\u011fu net bir \u015fekilde g\u00f6r\u00fcld\u00fc. AKP&#8217;nin kendisine verilen deste\u011fi hak etmedi\u011fi, ta\u015f\u0131yamad\u0131\u011f\u0131, vatanda\u015f taraf\u0131ndan takdir edildi ve o do\u011frultuda \u00e7ok \u00f6nemli kararlar al\u0131nd\u0131. Art\u0131k tablo g\u00f6r\u00fcld\u00fc. Zaten bunu se\u00e7im kampanyas\u0131nda s\u00f6yl\u00fcyorduk. &#8216;Abbas gidici, ondan b\u00f6yle oluyor&#8217;diyordum. Abbas&#8217;\u0131n gidici oldu\u011fu sand\u0131kta g\u00f6r\u00fcld\u00fc. 2 y\u0131l bile ge\u00e7meden, bir y\u0131lda bu kadar b\u00fcy\u00fck, 8 puanl\u0131k oy kayb\u0131 \u00f6nemlidir.&#8221;<\/p>\n<p style=\"text-align: justify;\"><strong>Mersin&#8217;de bir kad\u0131n bo\u011faz\u0131na yap\u0131\u015ft\u0131<\/strong><\/p>\n<p style=\"text-align: justify;\">Mersin B\u00fcy\u00fck\u015fehir Belediyesi binas\u0131na geldi\u011fi s\u0131rada, Reyhan Ka\u015f adl\u0131 bir kad\u0131n, CHP lideri Deniz Baykal&#8217;\u0131n yakas\u0131na yap\u0131\u015ft\u0131. CHP liderine \u00f6nce seslenen Ka\u015f, yan\u0131t alamay\u0131nca Baykal&#8217;\u0131n yakas\u0131ndan tutarak konu\u015fmak istedi. Bunun \u00fczerine partililerle kad\u0131n aras\u0131nda iti\u015fme ya\u015fand\u0131. Baykal da bu s\u0131rada kad\u0131n\u0131 boynundan tutarak kendisinden uzakla\u015ft\u0131rmaya \u00e7al\u0131\u015ft\u0131. Ka\u015f, g\u00f6revliler taraf\u0131ndan uzakla\u015ft\u0131r\u0131l\u0131nca Baykal da belediye binas\u0131na girdi. Reyhan Ka\u015f, daha \u00f6nce de Devlet Bakan\u0131 K\u00fcr\u015fad T\u00fczmen&#8217;in merkez Yeni\u015fehir il\u00e7esi Kocavilayet Mevkiindeki se\u00e7im \u00e7al\u0131\u015fmalar\u0131 s\u0131ras\u0131nda da g\u00fcndeme gelmi\u015fti.<\/p>\n<p style=\"text-align: justify;\"><strong>&#8216;Kara may\u0131nlar\u0131n\u0131n y\u00fczde 50&#8217;si imha edildi&#8217;<\/strong><\/p>\n<p style=\"text-align: justify;\">T\u00fcrk Silahl\u0131 Kuvvetleri, M\u00fchimmat Ay\u0131rma ve Ay\u0131klama Tesisi M\u00fcd\u00fcr\u00fc Yarbay Zafer Akal\u0131n, TSK depolar\u0131nda bulunan kara may\u0131nlar\u0131n\u0131n y\u00fczde 50&#8217;sinin imha edildi\u011fini a\u00e7\u0131klad\u0131. Genelkurmay Ba\u015fkanl\u0131\u011f\u0131&#8217;nca, d\u00fcn, K\u0131r\u0131kkale&#8217;de bulunan TSK M\u00fchimmat Ay\u0131rma ve Ay\u0131klama Tesisi&#8217;ne bas\u0131n turu d\u00fczenlendi. Geziye Genelkurmay \u0130leti\u015fim Daire Ba\u015fkan\u0131 Tu\u011fgeneral Metin G\u00fcrak da kat\u0131ld\u0131. Tesis hakk\u0131nda bilgi veren Yarbay Akal\u0131n, &#8220;TSK envanterindeki kullan\u0131m d\u0131\u015f\u0131 ve \u00f6mr\u00fcn\u00fc doldurmu\u015f silahlara ait m\u00fchimmat, \u00e7evreye zarar vermeden ekonomiye kazand\u0131r\u0131l\u0131yor&#8221; dedi. Yarbay Akal\u0131n, 10 subay, 16 astsubay, 54 sivil memur ve 97 i\u015f\u00e7inin \u00e7al\u0131\u015ft\u0131\u011f\u0131 tesislerde er ve erba\u015flar\u0131n g\u00f6rev yapmad\u0131\u011f\u0131n\u0131 s\u00f6yledi.<\/p>\n<p style=\"text-align: justify;\"><span style=\"color: #888888;\">Kaynak : Vatan<\/span><\/p>\n","protected":false},"excerpt":{"rendered":"<p style=\"text-align: center;\">\n<p style=\"text-align: justify;\">Adana se\u00e7imlerinin iptalini isteyen Baykal&#8217;dan ilgin\u00e7 yorum<\/p>\n<p style=\"text-align: justify;\">&#8220;T\u00fcrkiye&#8217;de art\u0131k halka tepeden bakan iktidar anlay\u0131\u015f\u0131na yer yok. AKP, oylar\u0131 y\u00fczde 47&#8217;den 38&#8217;e d\u00fc\u015f\u00fcnce 1 May\u0131s&#8217;\u0131 bayram yapmak zorunda kald\u0131&#8221;<\/p>\n<p style=\"text-align: justify;\">ADANA ve Mersin&#8217;e giderek partisinden se\u00e7ilen belediye ba\u015fkanlar\u0131 ve CHP&#8217;lilerle bulu\u015fan Deniz Baykal, T\u00fcrkiye&#8217;de yeni bir siyaset anlay\u0131\u015f\u0131n\u0131n <\/p>\n","protected":false},"author":1,"featured_media":0,"comment_status":"open","ping_status":"closed","sticky":false,"template":"","format":"standard","meta":{"footnotes":""},"categories":[105],"tags":[],"class_list":["post-8036","post","type-post","status-publish","format-standard","hentry","category-gundem","odd"],"_links":{"self":[{"href":"http:\/\/www.korhanyilmaz.com\/index.php?rest_route=\/wp\/v2\/posts\/8036","targetHints":{"allow":["GET"]}}],"collection":[{"href":"http:\/\/www.korhanyilmaz.com\/index.php?rest_route=\/wp\/v2\/posts"}],"about":[{"href":"http:\/\/www.korhanyilmaz.com\/index.php?rest_route=\/wp\/v2\/types\/post"}],"author":[{"embeddable":true,"href":"http:\/\/www.korhanyilmaz.com\/index.php?rest_route=\/wp\/v2\/users\/1"}],"replies":[{"embeddable":true,"href":"http:\/\/www.korhanyilmaz.com\/index.php?rest_route=%2Fwp%2Fv2%2Fcomments&post=8036"}],"version-history":[{"count":0,"href":"http:\/\/www.korhanyilmaz.com\/index.php?rest_route=\/wp\/v2\/posts\/8036\/revisions"}],"wp:attachment":[{"href":"http:\/\/www.korhanyilmaz.com\/index.php?rest_route=%2Fwp%2Fv2%2Fmedia&parent=8036"}],"wp:term":[{"taxonomy":"category","embeddable":true,"href":"http:\/\/www.korhanyilmaz.com\/index.php?rest_route=%2Fwp%2Fv2%2Fcategories&post=8036"},{"taxonomy":"post_tag","embeddable":true,"href":"http:\/\/www.korhanyilmaz.com\/index.php?rest_route=%2Fwp%2Fv2%2Ftags&post=8036"}],"curies":[{"name":"wp","href":"https:\/\/api.w.org\/{rel}","templated":true}]}}