{"id":8027,"date":"2009-04-10T14:43:48","date_gmt":"2009-04-10T11:43:48","guid":{"rendered":"http:\/\/www.korhanyilmaz.com\/?p=8027"},"modified":"2009-04-10T14:43:48","modified_gmt":"2009-04-10T11:43:48","slug":"erdogani-kizdiran-soz","status":"publish","type":"post","link":"http:\/\/www.korhanyilmaz.com\/?p=8027","title":{"rendered":"Erdo\u011fan&#039;\u0131 k\u0131zd\u0131ran s\u00f6z"},"content":{"rendered":"<p style=\"text-align: center;\"><img loading=\"lazy\" decoding=\"async\" class=\"aligncenter size-full wp-image-8028\" title=\"Erdo\u011fan'\u0131 k\u0131zd\u0131ran s\u00f6z \" src=\"http:\/\/www.korhanyilmaz.com\/wp-content\/uploads\/2009\/04\/110420090359042732037.jpg\" alt=\"Erdo\u011fan'\u0131 k\u0131zd\u0131ran s\u00f6z \" width=\"329\" height=\"210\" \/><\/p>\n<p style=\"text-align: justify;\"><strong>36 saat sonra ilk kez ortaya \u00e7\u0131kan Ba\u015fbakan bu s\u00f6ze sinirlendi: &#8220;Sahiller k\u0131rm\u0131z\u0131&#8230;&#8221;<\/strong><\/p>\n<p style=\"text-align: justify;\">Ba\u015fbakan Erdo\u011fan, tatil i\u00e7in gitti\u011fi Antakya&#8217;da yapt\u0131\u011f\u0131 konu\u015fmada yine medyaya y\u00fcklendi: Antalya gitti, Ba\u015fbakan Hatay&#8217;a geldi. Ay\u0131pt\u0131r, bu t\u00fcr ba\u015fl\u0131k at\u0131l\u0131r m\u0131? AKP, kaybedince Ba\u015fbakan olarak Antalya&#8217;ya gidemeyecek miyim?<\/p>\n<p style=\"text-align: justify;\">SE\u00c7\u0130M yorgunlu\u011funu Antakya&#8217;da atmaya \u00e7al\u0131\u015fan Ba\u015fbakan Erdo\u011fan, Ottoman Palace Otel&#8217;den 36 saat sonra cuma namaz\u0131 i\u00e7in \u00e7\u0131kt\u0131.  Ba\u015fbakan Erdo\u011fan, cuma namaz\u0131n\u0131n ard\u0131ndan Hatay Valisi Nusret Miro\u011flu ile Akdeniz&#8217;de AKP&#8217;nin elinde kalan tek belediye olan Antakya Belediye Ba\u015fkan\u0131 L\u00fctf\u00fc Sava\u015f&#8217;\u0131 ziyaret etti. <!--more-->Erdo\u011fan, Cumhuriyet Alan\u0131&#8217;ndaki belediye binas\u0131n\u0131n \u00f6n\u00fcne kurulan platforma \u00e7\u0131karak burada toplanan yakla\u015f\u0131k 5 bin ki\u015fiye hitap etti. Antakya Belediyesi&#8217;ni AKP&#8217;li L\u00fctf\u00fc Sava\u015f&#8217;\u0131n kazanmas\u0131 nedeniyle halka te\u015fekk\u00fcr eden ve ilk te\u015fekk\u00fcr ziyaretini ger\u00e7ekle\u015ftirdi\u011fini belirten Erdo\u011fan, bundan sonra Hatay&#8217;da hizmet patlamas\u0131 ya\u015fanaca\u011f\u0131n\u0131 s\u00f6yledi. Erdo\u011fan, milletin her siyasi partiye gereken mesaj\u0131 net bir \u015fekilde verdi\u011fini belirterek \u015funlar\u0131 s\u00f6yledi:<\/p>\n<p style=\"text-align: justify;\"><strong>39, 23&#8217;TEN K\u00dc\u00c7\u00dcK DE\u011e\u0130L:<\/strong> Milletimiz mesaj\u0131n\u0131 y\u00fczde 39&#8217;u y\u00fczde 23&#8217;den y\u00fczde 15&#8217;den daha k\u00fc\u00e7\u00fck g\u00f6sterme gayretinde onlara da vermi\u015ftir. 39, ikinciden, \u00fc\u00e7\u00fcnc\u00fcden daha k\u00fc\u00e7\u00fck de\u011fildir. Do\u011frudur geneli itibar\u0131yla belki beklenen oy al\u0131namam\u0131\u015f olabilir ama son 30 y\u0131lda 6.5 y\u0131l \u00fcst \u00fcste a\u00e7\u0131k ara bir ba\u015fka birinci parti yoktur. Biz halk\u0131m\u0131z\u0131n ne dedi\u011fini gayet iyi anl\u0131yoruz, biliyoruz ve bunun \u00fczerinde \u00e7al\u0131\u015fmalar\u0131m\u0131z\u0131 s\u00fcrd\u00fcrece\u011fiz.<\/p>\n<p style=\"text-align: justify;\"><strong>\u00c7\u0130RK\u0130N YAKLA\u015eIM:<\/strong> Son zamanlarda \u00fcz\u00fcnt\u00fcm\u00fcz\u00fcn sebebi neymi\u015f, sahiller tamamen k\u0131rm\u0131z\u0131 olmu\u015f. Bu \u00e7ok \u00e7irkin bir yakla\u015f\u0131m. Ne demek sahiller k\u0131rm\u0131z\u0131 oldu, her yer T\u00fcrkiye&#8217;dir. Yani kalk\u0131p da sahil \u015feridinde \u015fu anda baz\u0131 illerimizde muhalefet se\u00e7imleri alm\u0131\u015fsa bunun yan\u0131nda \u0130stanbul&#8217;u Samsun&#8217;u, Trabzon&#8217;u ve Rize&#8217;yi de ayn\u0131 \u015fekilde AKP kazanm\u0131\u015ft\u0131r. Ama kalk\u0131p 16 b\u00fcy\u00fck\u015fehir 10 tanesini AKP&#8217;nin ald\u0131\u011f\u0131n\u0131 niye g\u00f6rmezlikten geliyorsunuz. T\u00fcrkiye&#8217;deki belediyelerin yar\u0131s\u0131ndan fazlas\u0131n\u0131 AKP&#8217;nin ald\u0131\u011f\u0131n\u0131 niye g\u00f6rmezlikten geliyorsunuz.<\/p>\n<p style=\"text-align: justify;\"><strong>ANTALYA&#8217;YI Y\u0130NE ALIRIZ?:<\/strong> Antalya gitti, Ba\u015fbakan Hatay&#8217;a geldi. Ay\u0131pt\u0131r, bu t\u00fcr ba\u015fl\u0131k at\u0131l\u0131r m\u0131? AKP, Antalya Belediye Ba\u015fkanl\u0131\u011f\u0131&#8217;n\u0131 kaybedince Ba\u015fbakan olarak Antalya&#8217;ya gidemeyecek miyim? Sen bana Antalya&#8217;y\u0131 m\u0131 yasaklayacaks\u0131n? Biz gururluyuz, biz ba\u015f\u0131m\u0131z \u00f6nde kaybetmedik. Antalya&#8217;ya yapt\u0131\u011f\u0131m\u0131z hizmetlerle damgam\u0131z\u0131 vurduk. Yine asl\u0131na d\u00f6necek. E\u011fer esere, hizmete oy verilecekse er veya ge\u00e7 AKP, Antalya&#8217;da yine var olacak.<\/p>\n<p style=\"text-align: justify;\"><strong>Y\u0130NE MEDYA:<\/strong> Medyan\u0131n bu yakla\u015f\u0131m\u0131 \u00e7ok \u00e7irkin. Biz gidece\u011fimiz adresi medyaya sorarak takip etmiyoruz. Adresimizi biz kendimiz belirliyoruz. Mevcut partilerin gitmedi\u011fi yerlere nas\u0131l gitti\u011fimizi halk\u0131m g\u00f6rd\u00fc. 81 vilayete gittim. Muhalefet belli b\u00f6lgelerde var beli b\u00f6lgelerde yok. AKP T\u00fcrkiye&#8217;nin her vilayetinde var. Biz T\u00fcrkiye partisiyiz.<\/p>\n<p style=\"text-align: justify;\"><strong>D\u00fcnyan\u0131n umuduyuz<\/strong><\/p>\n<p style=\"text-align: justify;\">BA\u015eBAKAN Hatay&#8217;da T\u00fcrkiye&#8217;nin d\u00fcnya bar\u0131\u015f\u0131 i\u00e7in umut oldu\u011funu da s\u00f6yledi: 3.5 y\u0131l i\u00e7inde Medeniyetler \u0130ttifak\u0131 b\u00fcy\u00fcd\u00fc geli\u015fti, d\u00fcnya bar\u0131\u015f\u0131 i\u00e7in umut haline geldi. Bunun uygulamas\u0131 Antakya&#8217;dad\u0131r. BM G\u00fcvenlik Konseyi \u00fcyeli\u011fimize se\u00e7ilmemiz nedeniyle New York&#8217;ta t\u00fcm \u00fclkelerin b\u00fcy\u00fckel\u00e7ilerine yemek verdim. O yeme\u011fe Antakya&#8217;daki Medeniyetler Korosu&#8217;nu davet ettim. O koro orada g\u00f6steri yapt\u0131 herkesin takdirini kazand\u0131. Medeniyetler \u0130ttifak\u0131 projesinin e\u015fba\u015fkanl\u0131\u011f\u0131n\u0131 \u00fcstlenmemizde Hatay&#8217;\u0131n rol\u00fc \u00e7ok b\u00fcy\u00fckt\u00fcr. Hatay&#8217;da \u015fahit oldu\u011fumuz bar\u0131\u015f ve karde\u015flik iklimini t\u00fcm d\u00fcnyaya g\u00f6stermek i\u00e7in bu ad\u0131m\u0131 att\u0131k.<\/p>\n<p style=\"text-align: justify;\"><span style=\"color: #888888;\">Kaynak : Vatan<\/span><\/p>\n","protected":false},"excerpt":{"rendered":"<p style=\"text-align: center;\">\n<p style=\"text-align: justify;\">36 saat sonra ilk kez ortaya \u00e7\u0131kan Ba\u015fbakan bu s\u00f6ze sinirlendi: &#8220;Sahiller k\u0131rm\u0131z\u0131&#8230;&#8221;<\/p>\n<p style=\"text-align: justify;\">Ba\u015fbakan Erdo\u011fan, tatil i\u00e7in gitti\u011fi Antakya&#8217;da yapt\u0131\u011f\u0131 konu\u015fmada yine medyaya y\u00fcklendi: Antalya gitti, Ba\u015fbakan Hatay&#8217;a geldi. Ay\u0131pt\u0131r, bu t\u00fcr ba\u015fl\u0131k at\u0131l\u0131r m\u0131? AKP, kaybedince Ba\u015fbakan olarak Antalya&#8217;ya gidemeyecek miyim?<\/p>\n<p style=\"text-align: justify;\">SE\u00c7\u0130M yorgunlu\u011funu Antakya&#8217;da atmaya <\/p>\n","protected":false},"author":1,"featured_media":0,"comment_status":"open","ping_status":"closed","sticky":false,"template":"","format":"standard","meta":{"footnotes":""},"categories":[105],"tags":[],"class_list":["post-8027","post","type-post","status-publish","format-standard","hentry","category-gundem","odd"],"_links":{"self":[{"href":"http:\/\/www.korhanyilmaz.com\/index.php?rest_route=\/wp\/v2\/posts\/8027","targetHints":{"allow":["GET"]}}],"collection":[{"href":"http:\/\/www.korhanyilmaz.com\/index.php?rest_route=\/wp\/v2\/posts"}],"about":[{"href":"http:\/\/www.korhanyilmaz.com\/index.php?rest_route=\/wp\/v2\/types\/post"}],"author":[{"embeddable":true,"href":"http:\/\/www.korhanyilmaz.com\/index.php?rest_route=\/wp\/v2\/users\/1"}],"replies":[{"embeddable":true,"href":"http:\/\/www.korhanyilmaz.com\/index.php?rest_route=%2Fwp%2Fv2%2Fcomments&post=8027"}],"version-history":[{"count":0,"href":"http:\/\/www.korhanyilmaz.com\/index.php?rest_route=\/wp\/v2\/posts\/8027\/revisions"}],"wp:attachment":[{"href":"http:\/\/www.korhanyilmaz.com\/index.php?rest_route=%2Fwp%2Fv2%2Fmedia&parent=8027"}],"wp:term":[{"taxonomy":"category","embeddable":true,"href":"http:\/\/www.korhanyilmaz.com\/index.php?rest_route=%2Fwp%2Fv2%2Fcategories&post=8027"},{"taxonomy":"post_tag","embeddable":true,"href":"http:\/\/www.korhanyilmaz.com\/index.php?rest_route=%2Fwp%2Fv2%2Ftags&post=8027"}],"curies":[{"name":"wp","href":"https:\/\/api.w.org\/{rel}","templated":true}]}}