{"id":8023,"date":"2009-04-09T17:09:44","date_gmt":"2009-04-09T14:09:44","guid":{"rendered":"http:\/\/www.korhanyilmaz.com\/?p=8023"},"modified":"2009-04-09T17:09:44","modified_gmt":"2009-04-09T14:09:44","slug":"netekim-kosk%e2%80%99te","status":"publish","type":"post","link":"http:\/\/www.korhanyilmaz.com\/?p=8023","title":{"rendered":"Netekim K\u00f6\u015fk\u2019te!"},"content":{"rendered":"<p style=\"text-align: center;\"><img loading=\"lazy\" decoding=\"async\" class=\"aligncenter size-full wp-image-8024\" title=\"Netekim K\u00f6\u015fk\u2019te! \" src=\"http:\/\/www.korhanyilmaz.com\/wp-content\/uploads\/2009\/04\/100420090310012541870.jpg\" alt=\"Netekim K\u00f6\u015fk\u2019te! \" width=\"329\" height=\"210\" \/><\/p>\n<p style=\"text-align: justify;\"><strong>G\u00fcl ve Evren 29 y\u0131l sonra \u00c7ankaya&#8217;da bulu\u015ftu&#8230;<\/strong><\/p>\n<p style=\"text-align: justify;\">12 Eyl\u00fcl&#8217;de ordunun y\u00f6netime el koymas\u0131yla \u00f6nce &#8220;Milli G\u00fcvenlik Konseyi Ba\u015fkan\u0131&#8221;, k\u0131sa s\u00fcre sonra bu s\u0131fat\u0131na ek olarak &#8220;Devlet Ba\u015fkan\u0131&#8221; s\u0131fat\u0131n\u0131 da \u00fcstlenen, Anayasa&#8217;n\u0131n kabul\u00fcnden sonra &#8220;Cumhurba\u015fkan\u0131&#8221; olan d\u00f6nemin Genelkurmay Ba\u015fkan\u0131 emekli Orgeneral Kenan Evren 7. Cumhurba\u015fkan\u0131 olarak G\u00fcl&#8217;\u00fc ziyaret etti. Evren, K\u00f6\u015fk&#8217;ten ayr\u0131ld\u0131ktan tam 20 y\u0131l sonra 12 Eyl\u00fcl ma\u011fduru olan G\u00fcl&#8217;\u00fcn konu\u011fu olarak \u00c7ankaya K\u00f6\u015fk\u00fc&#8217;ne \u00e7\u0131kt\u0131. Edinilen bilgiye g\u00f6re, Cumhurba\u015fkan\u0131 G\u00fcl ile g\u00f6r\u00fc\u015fme talebi Kenan Evren&#8217;den geldi. Evren, sa\u011fl\u0131k sorunlar\u0131 s\u0131ras\u0131nda Cumhurba\u015fkanl\u0131\u011f\u0131 Genel Sekreterli\u011fi&#8217;ne &#8220;sa\u011fl\u0131k sorunlar\u0131 ile yak\u0131ndan ilgilenilmesi&#8221; talimat\u0131 veren G\u00fcl&#8217;e te\u015fekk\u00fcr etti. 25 dakika s\u00fcren ziyaret ba\u015fba\u015fa ger\u00e7ekle\u015fti. <!--more--><\/p>\n<p style=\"text-align: justify;\">91 ya\u015f\u0131ndaki Evren, y\u0131lba\u015f\u0131ndan bu yana \u00fcst\u00fcste iki \u00f6nemli rahats\u0131zl\u0131k ge\u00e7irdi. Ocak ay\u0131nda so\u011fuk alg\u0131nl\u0131\u011f\u0131 nedeniyle hastaneye kald\u0131r\u0131lan Evren, Mart&#8217;ta da kalp ritm bozuklu\u011fu nedeniyle yo\u011fun bak\u0131mda g\u00f6zetim alt\u0131nda tutuldu. Evren, Mart ay\u0131nda GATA&#8217;da sa\u011fl\u0131k kontrolundan ge\u00e7ti. Evren, sa\u011fl\u0131k sorunlar\u0131 nedeniyle kendisiyle yak\u0131ndan ilgilenilmesini sa\u011flad\u0131\u011f\u0131 gerek\u00e7esiyle G\u00fcl&#8217;e te\u015fekk\u00fcr etmeyi gerekli g\u00f6rd\u00fc.<\/p>\n<p style=\"text-align: justify;\"><strong>Metris&#8217;te yatt\u0131&#8230;<\/strong><\/p>\n<p style=\"text-align: justify;\">1950 do\u011fumlu olan G\u00fcl, 1968&#8217;de \u0130stanbul \u00dcniversitesi \u0130ktisat Fak\u00fcltesi&#8217;ne girdi ve \u00fcniversite y\u0131llar\u0131nda Milli T\u00fcrk Talebe Birli\u011fi&#8217;nde aktif olarak \u00e7al\u0131\u015fmaya ba\u015flad\u0131. G\u00fcl, 1976-1978 y\u0131llar\u0131nda gazeteci Fehmi Koru ve eski Kayseri B\u00fcy\u00fck\u015fehir Belediye Ba\u015fkan\u0131 \u015e\u00fckr\u00fc Karatepe ile birlikte Milli K\u00fclt\u00fcr Vakf\u0131&#8217;n\u0131n bursuyla doktora i\u00e7in \u0130ngiltere&#8217;ye gitti. K\u0131sa ad\u0131 T\u00dcRKYAR olan M\u00fcsl\u00fcman \u00d6\u011frenciler Birli\u011fi&#8217;nde T\u00fcrk \u00d6\u011frencileri Yard\u0131mla\u015fma Derne\u011fi&#8217;nin kurucular\u0131 aras\u0131nda yer alan G\u00fcl, T\u00fcrkiye ile \u0130slam \u00dclkeleri Aras\u0131ndaki Ekonomik \u0130li\u015fkilerin Geli\u015fimi konusunda tez haz\u0131rlad\u0131. Sakarya \u00dcniversitesi&#8217;nde \u00d6\u011fretim \u00dcyesi olarak g\u00f6reve ba\u015flad\u0131. 20 A\u011fustos 1980&#8217;de Hayr\u00fcnnisa \u00d6zyurt ile evlenen G\u00fcl, 12 Eyl\u00fcl sabah\u0131 Erenk\u00f6y&#8217;deki evine gelen bir askeri ekip taraf\u0131ndan g\u00f6zalt\u0131na al\u0131nd\u0131 ve tutuklanarak Metris Cezaevi&#8217;ne kondu.<\/p>\n<p style=\"text-align: justify;\"><strong>3 haftal\u0131k evliydi&#8230;<\/strong><\/p>\n<p style=\"text-align: justify;\">G\u00fcl&#8217;\u00fcn o d\u00f6nemini Can D\u00fcndar kaleme \u015fu c\u00fcmlelerle alm\u0131\u015ft\u0131: &#8220;(&#8230;) Abdullah ve Hayr\u00fcnnisa G\u00fcl, evlendikten sonra 3 hafta kadar Kayseri&#8217;de kald\u0131lar, sonra \u0130stanbul&#8217;a, Erenk\u00f6y&#8217;deki kiral\u0131k evlerine gidip yerle\u015ftiler. Ertesi g\u00fcn sabaha kar\u015f\u0131 6&#8217;da kap\u0131lar\u0131 \u00e7al\u0131nd\u0131. Kap\u0131daki \u00fcste\u011fmen ordunun y\u00f6netime el koydu\u011funu s\u00f6yledi, elindeki ka\u011f\u0131d\u0131 g\u00f6sterip Abdullah G\u00fcl&#8217;\u00fc g\u00f6t\u00fcrmeye geldi\u011fini a\u00e7\u0131klad\u0131. Gece Bayrak Operasyonu ba\u015flay\u0131nca, g\u00fcvenlik g\u00f6revlileri ilkin G\u00fcl&#8217;\u00fcn asistan oldu\u011fu Sakarya \u00dcniversitesi&#8217;ne gitmi\u015f, idarecilerden birini \u00e7a\u011f\u0131rtarak G\u00fcl&#8217;\u00fcn ikametgah\u0131n\u0131 bulmaya \u00e7al\u0131\u015fm\u0131\u015ft\u0131. Orada, \u0130stanbul&#8217;daki bekar evinin adresi vard\u0131. O evi bast\u0131lar. Evlenip \u00e7\u0131kt\u0131\u011f\u0131 yeni evin adresini ald\u0131lar. Ve kap\u0131ya dayand\u0131lar. G\u00fcl \u015fa\u015fk\u0131nl\u0131kla \u00fcst\u00fcn\u00fc giyinirken Hayr\u00fcnnisa Han\u0131m bu kibar \u00fcste\u011fmene kahve pi\u015firdi. \u00dcste\u011fmene, e\u015fiyle yeni evlendiklerini, onu yaln\u0131z b\u0131rakamayaca\u011f\u0131n\u0131 s\u00f6yledi. Erenk\u00f6y&#8217;de halas\u0131n\u0131n k\u0131z\u0131 vard\u0131. E\u015fini oraya b\u0131rak\u0131p b\u0131rakamayacaklar\u0131n\u0131 sordu; &#8216;olur&#8217;dediler. Kolunda \u00fcste\u011fmen oldu\u011fu halde askeri bir cipe bindirildi. (&#8230;)&#8221;<\/p>\n<p style=\"text-align: justify;\">15 g\u00fcn kadar Metris&#8217;te tutulduktan sonra Sakarya&#8217;ya sevk edilen G\u00fcl, 1 ay sonra tahliye edildi. Tutuklu iken Sakarya \u00dcniversitesi&#8217;ndeki bir dinci \u00f6rg\u00fctlenmeyle ilgili sorgulanan G\u00fcl su\u00e7suz bulundu. Karde\u015fi Macit G\u00fcl de &#8220;Laik d\u00fczeni y\u0131kmaya \u00e7al\u0131\u015fmak&#8221; iddias\u0131yla yarg\u0131land\u0131 ancak beraat etti.<\/p>\n<p style=\"text-align: justify;\"><strong>Nereden nereye&#8230; <\/strong><\/p>\n<p style=\"text-align: justify;\">Can D\u00fcndar o d\u00f6nemi anlat\u0131rken \u015f\u00f6yle demi\u015fti: Tutuklulardan biri de MSP&#8217;nin Kayseri Merkez \u0130l\u00e7e Ba\u015fkan\u0131 \u015eaban Bayrak&#8217;t\u0131. G\u00fcl&#8217;\u00fc de politikaya girmeye ikna edecekti. G\u00fcl belki de siyasi yolculu\u011funu y\u0131llar sonra koltu\u011funa oturaca\u011f\u0131 Evren&#8217;e bor\u00e7luydu..<\/p>\n<p style=\"text-align: justify;\"><span style=\"color: #888888;\">Kaynak : Hale G\u00d6N\u00dcLTA\u015e \/ VATAN ANKARA<\/span><\/p>\n","protected":false},"excerpt":{"rendered":"<p style=\"text-align: center;\">\n<p style=\"text-align: justify;\">G\u00fcl ve Evren 29 y\u0131l sonra \u00c7ankaya&#8217;da bulu\u015ftu&#8230;<\/p>\n<p style=\"text-align: justify;\">12 Eyl\u00fcl&#8217;de ordunun y\u00f6netime el koymas\u0131yla \u00f6nce &#8220;Milli G\u00fcvenlik Konseyi Ba\u015fkan\u0131&#8221;, k\u0131sa s\u00fcre sonra bu s\u0131fat\u0131na ek olarak &#8220;Devlet Ba\u015fkan\u0131&#8221; s\u0131fat\u0131n\u0131 da \u00fcstlenen, Anayasa&#8217;n\u0131n kabul\u00fcnden sonra &#8220;Cumhurba\u015fkan\u0131&#8221; olan d\u00f6nemin Genelkurmay Ba\u015fkan\u0131 emekli Orgeneral Kenan Evren 7. Cumhurba\u015fkan\u0131 olarak G\u00fcl&#8217;\u00fc ziyaret <\/p>\n","protected":false},"author":1,"featured_media":0,"comment_status":"open","ping_status":"closed","sticky":false,"template":"","format":"standard","meta":{"footnotes":""},"categories":[105],"tags":[],"class_list":["post-8023","post","type-post","status-publish","format-standard","hentry","category-gundem","odd"],"_links":{"self":[{"href":"http:\/\/www.korhanyilmaz.com\/index.php?rest_route=\/wp\/v2\/posts\/8023","targetHints":{"allow":["GET"]}}],"collection":[{"href":"http:\/\/www.korhanyilmaz.com\/index.php?rest_route=\/wp\/v2\/posts"}],"about":[{"href":"http:\/\/www.korhanyilmaz.com\/index.php?rest_route=\/wp\/v2\/types\/post"}],"author":[{"embeddable":true,"href":"http:\/\/www.korhanyilmaz.com\/index.php?rest_route=\/wp\/v2\/users\/1"}],"replies":[{"embeddable":true,"href":"http:\/\/www.korhanyilmaz.com\/index.php?rest_route=%2Fwp%2Fv2%2Fcomments&post=8023"}],"version-history":[{"count":0,"href":"http:\/\/www.korhanyilmaz.com\/index.php?rest_route=\/wp\/v2\/posts\/8023\/revisions"}],"wp:attachment":[{"href":"http:\/\/www.korhanyilmaz.com\/index.php?rest_route=%2Fwp%2Fv2%2Fmedia&parent=8023"}],"wp:term":[{"taxonomy":"category","embeddable":true,"href":"http:\/\/www.korhanyilmaz.com\/index.php?rest_route=%2Fwp%2Fv2%2Fcategories&post=8023"},{"taxonomy":"post_tag","embeddable":true,"href":"http:\/\/www.korhanyilmaz.com\/index.php?rest_route=%2Fwp%2Fv2%2Ftags&post=8023"}],"curies":[{"name":"wp","href":"https:\/\/api.w.org\/{rel}","templated":true}]}}