{"id":8014,"date":"2009-04-09T19:22:11","date_gmt":"2009-04-09T16:22:11","guid":{"rendered":"http:\/\/www.korhanyilmaz.com\/?p=8014"},"modified":"2009-04-09T19:22:11","modified_gmt":"2009-04-09T16:22:11","slug":"kanadoglundan-sok-iddia","status":"publish","type":"post","link":"http:\/\/www.korhanyilmaz.com\/?p=8014","title":{"rendered":"Kanado\u011flu&#039;ndan \u015fok iddia"},"content":{"rendered":"<p><img loading=\"lazy\" decoding=\"async\" class=\"aligncenter size-full wp-image-8015\" title=\"Kanado\u011flu'ndan \u015fok iddia \" src=\"http:\/\/www.korhanyilmaz.com\/wp-content\/uploads\/2009\/04\/100420090834512380145.jpg\" alt=\"Kanado\u011flu'ndan \u015fok iddia \" width=\"320\" height=\"100\" \/><strong><\/strong><\/p>\n<p style=\"text-align: justify;\"><strong>&#8216;Bir \u015fehirde 25 hakim ve savc\u0131 i\u00e7in dinlenme karar\u0131 al\u0131nd\u0131&#8217;<\/strong><\/p>\n<p style=\"text-align: justify;\">\u0130ZM\u0130R Barosu taraf\u0131ndan d\u00fczenlenen &#8216;Yarg\u0131 Ba\u011f\u0131ms\u0131zl\u0131\u011f\u0131&#8217; konulu panele kat\u0131lan Yarg\u0131tay Onursal Ba\u015fsavc\u0131s\u0131 Sabih Kanado\u011flu, &#8220;Bir b\u00fcy\u00fck \u015fehirde 25 hakim ve savc\u0131n\u0131n, m\u00fcfetti\u015fler taraf\u0131ndan dinlenmesi i\u00e7in karar al\u0131nm\u0131\u015ft\u0131r. E\u011fer 25 hakim ve savc\u0131 dinleniyorsa, teknik takibe u\u011fruyorsa, o \u00fclkede yarg\u0131 ba\u011f\u0131ms\u0131zl\u0131\u011f\u0131ndan bahsetmek hayaldir. B\u00f6yle bir \u00fclkede ya\u015famak arzusunu g\u00f6stermeyiz&#8221; dedi.<\/p>\n<p style=\"text-align: justify;\">Yarg\u0131tay Cumhuriyet Savc\u0131s\u0131, YARSAV Ba\u015fkan\u0131 \u00d6mer Faruk Emina\u011fao\u011flu da &#8220;Ter\u00f6rle M\u00fccadele M\u00fcste\u015farl\u0131\u011f\u0131, ter\u00f6r s\u00f6yleminin siyasalla\u015ft\u0131\u011f\u0131, s\u0131k\u0131y\u00f6netim karargah\u0131d\u0131r. T\u00fcrkiye&#8217;de s\u0131k\u0131y\u00f6netim ilan edilmedi ama uygulan\u0131yor&#8221; diye konu\u015ftu.<!--more--><\/p>\n<p style=\"text-align: justify;\">\u0130zmir Barosu taraf\u0131ndan Bayrakl\u0131&#8217;daki Adliye Binas\u0131&#8217;nda d\u00fczenlenen &#8216;Yarg\u0131 Ba\u011f\u0131ms\u0131zl\u0131\u011f\u0131&#8217; konulu panele, Yarg\u0131tay Onursal Ba\u015fsavc\u0131s\u0131 Sabih Kanado\u011flu, Yarg\u0131tay Cumhuriyet Savc\u0131s\u0131, YARSAV Ba\u015fkan\u0131 \u00d6mer Faruk Emina\u011fao\u011flu, Ankara Barosu avukat\u0131 Mehmet Cengiz, Dokuz Eyl\u00fcl \u00dcniversitesi \u0130ktisadi ve \u0130dari Bilimler Fak\u00fcltesi \u00f6\u011fretim \u00fcyesi Prof. Dr. T\u00fclay \u00d6z\u00fcerman kat\u0131ld\u0131.<\/p>\n<p style=\"text-align: justify;\">Sayg\u0131 duru\u015funda bulunulmas\u0131n\u0131n ard\u0131ndan panele kat\u0131lan Kanado\u011flu ve Emina\u011fao\u011flu, izleyenler taraf\u0131ndan uzun s\u00fcre ayakta alk\u0131\u015fland\u0131. S\u00f6zlerine, \u0130zmir&#8217;de bulunmaktan duydu\u011fu memnuniyeti dile getirerek ba\u015flayan Kanado\u011flu, \u015funlar\u0131 s\u00f6yledi:<br \/>\n&#8220;Yarg\u0131 ba\u011f\u0131ms\u0131zl\u0131\u011f\u0131n\u0131 tek ele almak de\u011fil de onun, onsuz olmaz ko\u015fulu hukuk devleti ve \u00e7a\u011fda\u015f demokrasiyle dile getirmemiz laz\u0131m. \u00c7a\u011fda\u015f demokrasinin yolu hukuk devletinden ge\u00e7mektedir. Hukuk devleti i\u00e7inde yarg\u0131n\u0131n ba\u011f\u0131ms\u0131z olmas\u0131 gerekir. Aksi halde yarg\u0131 siyasalla\u015f\u0131r, adaletin, temelinin y\u0131k\u0131lmas\u0131 anlam\u0131na gelir.\n<\/p>\n<p style=\"text-align: justify;\">Yarg\u0131 ba\u011f\u0131ms\u0131zl\u0131\u011f\u0131n\u0131 konu\u015fuyorsak, ya\u015fatmak i\u00e7in de \u00e7aba g\u00f6stermemiz gerekir. Olmazsa siyasalla\u015ft\u0131\u011f\u0131n\u0131 g\u00f6r\u00fcr\u00fcz, bunu da sadece izlemekle yetinirsiniz. Yarg\u0131n\u0131n siyasalla\u015fmas\u0131 i\u00e7in \u00e7al\u0131\u015fanlar da zarar g\u00f6r\u00fcr ve bumerang gibi d\u00f6n\u00fcp onlar\u0131 da vuracakt\u0131r. T\u00fcrkiye ba\u011f\u0131ms\u0131z yarg\u0131ya m\u0131 sahiptir? Ka\u011f\u0131t \u00fczerinde ba\u011f\u0131ms\u0131z mahkemeler vard\u0131r, bahsedilir. 1982 anayasas\u0131n\u0131n en b\u00fcy\u00fck \u00f6zelli\u011fi budur.<\/p>\n<p style=\"text-align: justify;\">Her\u015fey 12 Eyl\u00fcl g\u00fcn\u00fc ba\u015flad\u0131. O darbeyi ger\u00e7ekle\u015ftirenler, su\u00e7lu arayarak, su\u00e7lu sandalyesine yarg\u0131y\u0131 koyarak, ter\u00f6r ve anar\u015fizmin sorumlusu olarak ilan ederek kendilerine ba\u011fl\u0131 yarg\u0131y\u0131 yaratmaya \u00e7al\u0131\u015ft\u0131lar. 1982 Anayasas\u0131na g\u00f6re mahkemeler ba\u011f\u0131ms\u0131zd\u0131. Hakim ve savc\u0131lar idari bak\u0131mdan Adalet Bakanl\u0131\u011f\u0131&#8217;na ba\u011fl\u0131yd\u0131. Denetim, soru\u015fturma, Adalet Bakan\u0131&#8217;n\u0131n tayin etti\u011fi, izin vermesi halinde m\u00fcfetti\u015fler taraf\u0131ndan y\u00fcr\u00fct\u00fclecekti. 138&#8217;inci maddeden ba\u015flayarak d\u00fczenlenen yarg\u0131 b\u00f6l\u00fcm\u00fc, bug\u00fcne de\u011fin isteklere, ele\u015ftirilere, duyulan ihtiyaca ra\u011fmen iktidara gelen hi\u00e7bir siyasi parti taraf\u0131ndan dikkate al\u0131nmad\u0131.<\/p>\n<p style=\"text-align: justify;\">Bu ortaya konan yarg\u0131 b\u00f6l\u00fcm\u00fc, b\u00fct\u00fcn isteklere ra\u011fmen hayata ge\u00e7irilmedi. Bug\u00fcne kadar \u00e7e\u015fitli siyasi partilerin olu\u015fturdu\u011fu iktidarlar g\u00f6rd\u00fck. Muhalefetteyken iktidara ge\u00e7enler verdikleri s\u00f6zleri tutmad\u0131. \u0130stenen y\u00fcr\u00fctmeye ba\u011fl\u0131 yarg\u0131 yaratmakt\u0131. Belirli bir ki\u015fiye g\u00f6re yap\u0131ld\u0131. \u0130ktidara gelenler sanki oradan hi\u00e7 gitmeyecekmi\u015f gibi hareket ettiler,. \u0130ktidardan d\u00fc\u015ft\u00fckten sonra yarg\u0131 ba\u011f\u0131ms\u0131zl\u0131\u011f\u0131ndan faydalanmak istediler. Bu s\u00fcre\u00e7, anayasan\u0131n y\u00fcr\u00fcrl\u00fc\u011fe girdi\u011fi tarihten itibaren s\u00fcre gelmektedir. Ke\u015fke sadece anayasadaki h\u00fck\u00fcmlerden ibaret kalsayd\u0131.&#8221;<\/p>\n<p style=\"text-align: justify;\"><strong>KADROLA\u015eMA \u0130DD\u0130ASI<\/strong><\/p>\n<p style=\"text-align: justify;\">Kanado\u011flu, &#8220;En \u00f6nemli sorun bence, mesle\u011fe adayl\u0131\u011fa kabul g\u00fcc\u00fcm\u00fcz. Bu g\u00fcc\u00fcn Adalet Bakanl\u0131\u011f\u0131&#8217;na tan\u0131nm\u0131\u015f olmas\u0131d\u0131r. \u00c7e\u015fitli \u00f6nlemlerle, kabul edilebilir \u015fekle sokulur hale getirilerek T\u00fcrkiye Adalet Akademisi kuruldu. \u00d6zerkli\u011fi olmayan, bilimin k\u00f6\u015fesinden ge\u00e7medi\u011fi bir akademi. Devaml\u0131 bask\u0131 alt\u0131nda kald\u0131\u011f\u0131 i\u00e7in ba\u015fkanlar\u0131n\u0131n istifalar\u0131n\u0131n ya\u015fand\u0131\u011f\u0131 bir akademi.<\/p>\n<p style=\"text-align: justify;\">Eski iktidarlarda kadrola\u015fma hevesi yoktu. Elbette, e\u015f, dost, tan\u0131d\u0131k mesle\u011fe girmesi i\u00e7in bir dereceye kadar makul g\u00f6r\u00fclebilirdi. Art\u0131k &#8216;bizden olan&#8217;\u0131n mesle\u011fe kabul bi\u00e7imine geldik. Ben, s\u0131navlarda birinci olan ki\u015filerin, bizden olmad\u0131\u011f\u0131 i\u00e7in mesle\u011fe giri\u015finin engellendi\u011fini g\u00f6rd\u00fcm. \u00d6yle bir kadrola\u015fma hevesi ba\u015flad\u0131ki, her mesle\u011fe al\u0131nma s\u0131ras\u0131nda sizden olanlar adedi her y\u0131l artarak gidiyorsa, belli bir kadronun y\u00fcksek mahkemede g\u00f6rev almas\u0131 zaman\u0131 hi\u00e7 ku\u015fkusuz gelmi\u015ftir&#8221; dedi.<\/p>\n<p style=\"text-align: justify;\">Kanado\u011flu, &#8220;Yarg\u0131 ba\u011f\u0131ms\u0131zl\u0131\u011f\u0131n\u0131n zedelenmi\u015f oldu\u011funu ve yerel d\u00fczeyde ba\u011f\u0131ms\u0131zl\u0131\u011f\u0131n hi\u00e7 olmad\u0131\u011f\u0131n\u0131 s\u00f6yl\u00fcyorsak, y\u00fcksek yarg\u0131da da kalmad\u0131 diyebilecek hale gelece\u011fiz&#8221; diye konu\u015ftu.<\/p>\n<p style=\"text-align: justify;\"><strong>ASIL FELAKET TELEKULAK OLAYI<\/strong><\/p>\n<p style=\"text-align: justify;\">Yarg\u0131 ba\u011f\u0131ms\u0131zl\u0131\u011f\u0131 konusundaki as\u0131l sorunun telekulak olay\u0131 oldu\u011funa dikkat \u00e7eken Kanado\u011flu, bu olay\u0131n 70 milyon insan \u00fczerinde bir korku yaratt\u0131\u011f\u0131n\u0131 ve bu durumun giderek bir salg\u0131n hastal\u0131k halinde herkesi iktidar\u0131 ele\u015ftirmemeye, konu\u015fmamaya y\u00f6neltti\u011fini ifade etti. Dinlenme korkusunun halk\u0131 sindirmeye y\u00f6nelik bir yakla\u015f\u0131m oldu\u011funu kaydeden Kanado\u011flu, &#8220;Acaba ben de dinleniyor muyum korkusu olursa o \u00fclkede ne temel hak ve \u00f6zg\u00fcrl\u00fckler ne de \u00e7a\u011fda\u015f demokrasi olur.<\/p>\n<p style=\"text-align: justify;\">O \u00fclkenin y\u00fcr\u00fctmesi ba\u015f\u0131ndaki ki\u015fi de bundan \u015fikayet\u00e7i olabiliyorsa, duru\u015fmalar\u0131 y\u00fcr\u00fcten A\u011f\u0131r Ceza Mahkemesi Ba\u015fkanlar\u0131 da bunu diyorsa, siz herhalde bir demokratik \u00fclkede ya\u015fad\u0131\u011f\u0131n\u0131z\u0131 iddia edemezsiniz&#8221; dedi. Kanado\u011flu, &#8220;Bir b\u00fcy\u00fck \u015fehirde 25 hakim ve savc\u0131n\u0131n, m\u00fcfetti\u015fler taraf\u0131ndan dinlenmesi i\u00e7in karar al\u0131nm\u0131\u015ft\u0131r. E\u011fer 25 hakim ve savc\u0131 dinleniyorsa, teknik takibe u\u011fruyorsa, o \u00fclkede yarg\u0131 ba\u011f\u0131ms\u0131zl\u0131\u011f\u0131ndan bahsetmek hayaldir. B\u00f6yle bir \u00fclkede ya\u015famak arzusunu g\u00f6stermeyiz&#8221; diye konu\u015ftu.<\/p>\n<p style=\"text-align: justify;\"><strong>SAVCI G\u00d6K OLAYINDA ADALET BAKANI&#8217;NA ELE\u015eT\u0130R\u0130<\/strong><\/p>\n<p style=\"text-align: justify;\">\u0130zmir&#8217;de \u00d6zel yetkili Cumhuriyet Savc\u0131s\u0131 Murat G\u00f6k&#8217;\u00fcn g\u00f6rev yerinin de\u011fi\u015ftirilmesiyle ilgili de konu\u015fan Kanado\u011flu, &#8220;Rutin bir g\u00f6rev de\u011fi\u015fikli\u011finde bile g\u00fcvensizlik nedeniyle bunun alt\u0131nda bir\u015fey mi var diye d\u00fc\u015f\u00fcn\u00fclmekte. Ku\u015fku duyulan bir \u00fclkeden h\u0131zla uzakla\u015fmak zorunday\u0131z. Adalet Bakan\u0131, &#8216;Benim bu olayda bir talimat\u0131m olmad\u0131&#8217; diyor. Adalet Bakan\u0131, yetkisinin ne oldu\u011funu bilmeyen bir ki\u015fi. Siz kime talimat veriyorsunuz, hakim ve savc\u0131lara talimat vermek durumundam\u0131s\u0131n\u0131z. Siz, istedi\u011finiz kadar, &#8216;Talimat\u0131m yok&#8217; desenizde vatanda\u015f\u0131n beyninde ku\u015fku do\u011fmaktad\u0131r, do\u011facakt\u0131r&#8221; dedi.<\/p>\n<p style=\"text-align: justify;\"><strong>T\u00dcRK\u0130YE CUMHUR\u0130YET\u0130 BA\u015eSAVCILI\u011eI<\/strong><\/p>\n<p style=\"text-align: justify;\">Kanado\u011flu, Yarg\u0131tay Cumhuriyet Ba\u015fsavc\u0131l\u0131\u011f\u0131&#8217;n\u0131n, T\u00fcrkiye Cumhuriyeti Ba\u015fsavc\u0131l\u0131\u011f\u0131 haline getirilmesini \u0131srarla her koalisyon h\u00fck\u00fcmetine ve ondan sonra kurulan tek parti iktidarlar\u0131na da anlatt\u0131\u011f\u0131n\u0131 ifade ederek, &#8220;E\u011fer istedi\u011fimiz gibi bir T\u00fcrkiye Cumhuriyeti Ba\u015fsavc\u0131l\u0131\u011f\u0131 yerle\u015ftirebilseydik sorun \u00e7\u00f6z\u00fcl\u00fcrd\u00fc. T\u00fcrkiye Cumhuriyeti&#8217;nin i\u00e7 ve d\u0131\u015f g\u00fcvenli\u011fini sa\u011flayacak olan bu \u00f6rg\u00fctl\u00fc Ba\u015fsavc\u0131l\u0131k, \u00f6rg\u00fctl\u00fc su\u00e7larla m\u00fccadele etme yolunu a\u00e7abilecekti.<\/p>\n<p style=\"text-align: justify;\">Ve art\u0131k her savc\u0131n\u0131n akl\u0131na esti\u011fi gibi iddianeme yazma d\u00f6nemi de bitecekti. Bu su\u00e7lar TC Ba\u015fsavc\u0131l\u0131\u011f\u0131n\u0131n denetimi ve g\u00f6zetimi alt\u0131nda yap\u0131l\u0131p bilgi ve ar\u015fivle tek elden \u00f6rg\u00fctl\u00fc m\u00fccadeleyle y\u00fcr\u00fct\u00fclecekti. E\u011fer T\u00fcrkiye Cumhuriyeti Ba\u015fsavc\u0131l\u0131\u011f\u0131 kurulmu\u015f olsayd\u0131 bug\u00fcn bu nas\u0131l i\u015f denen bir \u00e7ok i\u015f olmazd\u0131. Yarg\u0131 ba\u011f\u0131ms\u0131zl\u0131\u011f\u0131 konusunda daha az konu\u015fma imkan\u0131 bulurduk ama ger\u00e7ekle\u015ftiremedik. Bu saatten sonra nas\u0131l ger\u00e7ekle\u015fir. Bu umudumu safiyane bir inan\u0131\u015f olaca\u011f\u0131dan devam ettirmek istemiyorum. Yarg\u0131n\u0131n ba\u011f\u0131ms\u0131zl\u0131\u011f\u0131ndan bahsediyoruz olmas\u0131 gerekti\u011finden bahsediyoruz. Ama yap\u0131lmas\u0131 gerekeni yapabilme g\u00fcc\u00fcm\u00fcz ve bu konuda da sesimiz yok. Hepimizie b\u00fcy\u00fck g\u00f6revler d\u00fc\u015f\u00fcyor. Yarg\u0131n\u0131n ba\u011f\u0131ms\u0131z oldu\u011fu hukuk devletinde ya\u015famak istiyoruz, \u00e7aba sarfetmeliyiz&#8221; dedi.<\/p>\n<p style=\"text-align: justify;\"><strong>TEKNOLOJ\u0130 YARGIYI KU\u015eATTI<\/strong><\/p>\n<p style=\"text-align: justify;\">Yarg\u0131tay Cumhuriyet Savc\u0131s\u0131 ve YARSAV Ba\u015fkan\u0131 \u00d6mer Faruk Emina\u011fao\u011flu ise, yarg\u0131 ba\u011f\u0131ms\u0131zl\u0131\u011f\u0131n\u0131n ko\u015fulunun tam ba\u011f\u0131ms\u0131zl\u0131k oldu\u011funu vurgulad\u0131. 1982 Anayasas\u0131&#8217;nda de\u011fi\u015ftirilmeyen tek b\u00f6l\u00fcm\u00fcn yarg\u0131 b\u00f6l\u00fcm\u00fc oldu\u011funa dikkat \u00e7eken Emina\u011fao\u011flu, bu anayasan\u0131n, yarg\u0131 ba\u011f\u0131ms\u0131zl\u0131\u011f\u0131na en b\u00fcy\u00fck \u00e7ekinceleri koyan bir anayasa oldu\u011funu ifade etti. Anayasa&#8217;da ve 12 Eyl\u00fcl d\u00f6neminden kalan yasalarda \u00e7ok ciddi sorunlar oldu\u011funu belirten Emina\u011fao\u011flu, \u015funlar\u0131 anlatt\u0131:<\/p>\n<p style=\"text-align: justify;\">&#8220;\u0130ktidar reform yap\u0131yorum diyerek farkl\u0131 metinlerle kar\u015f\u0131m\u0131za \u00e7\u0131k\u0131p d\u00fczenleme yap\u0131ld\u0131\u011f\u0131n\u0131 s\u00f6yl\u00fcyor. Bu d\u00fczenlemeleri g\u00f6r\u00fcnce ke\u015fke yap\u0131lmasa diyoruz. En \u00f6nemli sorun y\u00f6ntem sorunu. Bu konuda \u00f6nce bir reform komisyonu olu\u015fturulmal\u0131, ba\u011f\u0131ms\u0131z komisyon olu\u015fturulmal\u0131. Komisyon metinleri haz\u0131rlamal\u0131. Yarg\u0131 reformunu dilinden d\u00fc\u015f\u00fcrmeyen iktidar bir kere b\u00f6yle bir y\u00f6ntem d\u00fc\u015f\u00fcnebildi mi. Bu yap\u0131lan yarg\u0131 reformu de\u011fil yarg\u0131ya bi\u00e7im vermedir.&#8221;<\/p>\n<p style=\"text-align: justify;\">Ulusal Yarg\u0131 A\u011f\u0131 Projesi (UYAP) ile t\u00fcm yarg\u0131n\u0131n g\u00f6zlenir ve g\u00f6zetlenir hale geldi\u011fini belirten Emina\u011fao\u011flu, &#8220;UYAP&#8217;taki t\u00fcm gizli soru\u015fturmalar, dosyalar, yarg\u0131\u00e7 ve hakimlerin ki\u015fisel bilgileri, iddianameler hepsi burada. \u0130ddianamenin onaylanmas\u0131na kadar Bakanl\u0131k mahkemeye gidecek metnin nas\u0131l olaca\u011f\u0131 konusunda etkile\u015fim i\u00e7ine girebilir. Bunun bir ba\u015fka \u00f6rne\u011fi hi\u00e7 bir yerde yok. Her t\u00fcrl\u00fc bilgi y\u00fcr\u00fctmenin elinde. Elbette yarg\u0131 teknolojiden yararlans\u0131n ancak UYAP yoluyla teknoloji yarg\u0131y\u0131 ku\u015fatt\u0131, ba\u011f\u0131ms\u0131zl\u0131\u011f\u0131 elinden ald\u0131&#8221; dedi. Sivil anayasa s\u00f6yleminin de \u00fclkede ciddi bir r\u00fczgar estirdi\u011fini ve etki b\u0131rakt\u0131\u011f\u0131n\u0131 dile getiren Emina\u011fao\u011flu, yarg\u0131 reformuyla ilgili olarak da &#8220;Yarg\u0131 reformu yap\u0131lacaksa bunu yapacak olan yarg\u0131n\u0131n kendisidir. Siyasi iradenin buna heveslenmemesini dilerim&#8221; dedi.<\/p>\n<p style=\"text-align: justify;\">Telekulak y\u00f6ntemiyle hukuk devletinin rafa kald\u0131r\u0131ld\u0131\u011f\u0131n\u0131 vurgulayan Emina\u011fao\u011flu, &#8220;Bug\u00fcn yarg\u0131n\u0131n ba\u011f\u0131ms\u0131zl\u0131\u011f\u0131n\u0131 tart\u0131\u015f\u0131yorsak, 12 Mart&#8217;tan da 12 Eyl\u00fcl&#8217;den de \u00e7ok gerideyiz. Ben t\u00fcm meslekta\u015flar\u0131ma bir \u00e7a\u011fr\u0131da bulunuyorum. Savc\u0131 ve hakimleri dinleme talebinde bulunan tefti\u015f kurulu, ba\u015f\u00fcfetti\u015fler hakk\u0131nda su\u00e7 duyurusunda bulunulmas\u0131 ve ihbar edilmesi \u00e7a\u011fr\u0131s\u0131nda bulunuyorum. Bunun gere\u011fini YARSAV yapt\u0131 ve yapmaya devam edecek&#8221; diye konu\u015ftu. Avrupa Birli\u011fi uygulamalar\u0131na da de\u011finen Emina\u011fao\u011flu, &#8220;Ter\u00f6rle M\u00fccadele M\u00fcste\u015farl\u0131\u011f\u0131, ter\u00f6r s\u00f6yleminin siyasalla\u015ft\u0131\u011f\u0131, s\u0131k\u0131y\u00f6netim karargah\u0131d\u0131r. T\u00fcrkiye&#8217;de s\u0131k\u0131y\u00f6netim ilan edilmedi ama uygulan\u0131yor&#8221; diye s\u00f6zlerini bitirdi.<br \/>\nDi\u011fer konu\u015fmac\u0131lar\u0131n da s\u00f6z almas\u0131n\u0131n ard\u0131ndan panelistlere te\u015fekk\u00fcr plaketleri takdim edildi.\n<\/p>\n<p style=\"text-align: justify;\"><span style=\"color: #888888;\">Kaynak : Tura\u00e7 TOP\/\u0130ZM\u0130R, (DHA)<\/span><\/p>\n<p style=\"text-align: justify;\">\n","protected":false},"excerpt":{"rendered":"<\/p>\n<p style=\"text-align: justify;\">&#8216;Bir \u015fehirde 25 hakim ve savc\u0131 i\u00e7in dinlenme karar\u0131 al\u0131nd\u0131&#8217;<\/p>\n<p style=\"text-align: justify;\">\u0130ZM\u0130R Barosu taraf\u0131ndan d\u00fczenlenen &#8216;Yarg\u0131 Ba\u011f\u0131ms\u0131zl\u0131\u011f\u0131&#8217; konulu panele kat\u0131lan Yarg\u0131tay Onursal Ba\u015fsavc\u0131s\u0131 Sabih Kanado\u011flu, &#8220;Bir b\u00fcy\u00fck \u015fehirde 25 hakim ve savc\u0131n\u0131n, m\u00fcfetti\u015fler taraf\u0131ndan dinlenmesi i\u00e7in karar al\u0131nm\u0131\u015ft\u0131r. E\u011fer 25 hakim ve savc\u0131 dinleniyorsa, teknik takibe u\u011fruyorsa, o \u00fclkede yarg\u0131 ba\u011f\u0131ms\u0131zl\u0131\u011f\u0131ndan <\/p>\n","protected":false},"author":1,"featured_media":0,"comment_status":"open","ping_status":"closed","sticky":false,"template":"","format":"standard","meta":{"footnotes":""},"categories":[105],"tags":[],"class_list":["post-8014","post","type-post","status-publish","format-standard","hentry","category-gundem","odd"],"_links":{"self":[{"href":"http:\/\/www.korhanyilmaz.com\/index.php?rest_route=\/wp\/v2\/posts\/8014","targetHints":{"allow":["GET"]}}],"collection":[{"href":"http:\/\/www.korhanyilmaz.com\/index.php?rest_route=\/wp\/v2\/posts"}],"about":[{"href":"http:\/\/www.korhanyilmaz.com\/index.php?rest_route=\/wp\/v2\/types\/post"}],"author":[{"embeddable":true,"href":"http:\/\/www.korhanyilmaz.com\/index.php?rest_route=\/wp\/v2\/users\/1"}],"replies":[{"embeddable":true,"href":"http:\/\/www.korhanyilmaz.com\/index.php?rest_route=%2Fwp%2Fv2%2Fcomments&post=8014"}],"version-history":[{"count":0,"href":"http:\/\/www.korhanyilmaz.com\/index.php?rest_route=\/wp\/v2\/posts\/8014\/revisions"}],"wp:attachment":[{"href":"http:\/\/www.korhanyilmaz.com\/index.php?rest_route=%2Fwp%2Fv2%2Fmedia&parent=8014"}],"wp:term":[{"taxonomy":"category","embeddable":true,"href":"http:\/\/www.korhanyilmaz.com\/index.php?rest_route=%2Fwp%2Fv2%2Fcategories&post=8014"},{"taxonomy":"post_tag","embeddable":true,"href":"http:\/\/www.korhanyilmaz.com\/index.php?rest_route=%2Fwp%2Fv2%2Ftags&post=8014"}],"curies":[{"name":"wp","href":"https:\/\/api.w.org\/{rel}","templated":true}]}}