{"id":8010,"date":"2009-04-10T09:30:15","date_gmt":"2009-04-10T06:30:15","guid":{"rendered":"http:\/\/www.korhanyilmaz.com\/?p=8010"},"modified":"2009-04-10T09:30:15","modified_gmt":"2009-04-10T06:30:15","slug":"ergenekondaki-ilginc-tesaduf","status":"publish","type":"post","link":"http:\/\/www.korhanyilmaz.com\/?p=8010","title":{"rendered":"Ergenekon&#039;daki ilgin\u00e7 tesad\u00fcf"},"content":{"rendered":"<p><img loading=\"lazy\" decoding=\"async\" class=\"aligncenter size-full wp-image-8011\" title=\"Ergenekon'daki ilgin\u00e7 tesad\u00fcf \" src=\"http:\/\/www.korhanyilmaz.com\/wp-content\/uploads\/2009\/04\/100420090929351550292.jpg\" alt=\"Ergenekon'daki ilgin\u00e7 tesad\u00fcf \" width=\"320\" height=\"100\" \/><strong><\/strong><\/p>\n<p style=\"text-align: justify;\"><strong>Ergenekon soru\u015fturmas\u0131 kapsam\u0131nda g\u00f6zalt\u0131na al\u0131nan ya da tutuklanan baz\u0131 isimler aras\u0131nda KKTC vatanda\u015fl\u0131\u011f\u0131 s\u00fcren isimler var<\/strong><\/p>\n<p style=\"text-align: justify;\">\u0130\u015fte \u0130\u00e7i\u015fleri Bakanl\u0131\u011f\u0131 kaynaklar\u0131na g\u00f6re KKTC vatanda\u015f\u0131 olanlar&#8230;<\/p>\n<p style=\"text-align: justify;\"><strong>Mustafa \u00d6zbek: <\/strong>Eski T\u00fcrk Metal Sendikas\u0131 Ba\u015fkan\u0131. Ergenekon soru\u015fturmas\u0131 kapsam\u0131nda tutuklu. KKTC vatanda\u015f\u0131.<\/p>\n<p style=\"text-align: justify;\"><strong>Sinan Ayg\u00fcn:<\/strong> Ankara Ticaret Odas\u0131 Ba\u015fkan\u0131. Ergenekon davas\u0131 san\u0131\u011f\u0131. KKTC vatanda\u015f\u0131 oldu. Daha sonra y\u00fcksek mahkeme karar\u0131yla vatanda\u015fl\u0131\u011f\u0131 iptal edildi. <!--more--><\/p>\n<p style=\"text-align: justify;\"><strong>Semih Tufan G\u00fclaltay:<\/strong> Ergenekon davas\u0131 san\u0131\u011f\u0131. Ak\u0131n Birdal&#8217;a suikasttan h\u00fck\u00fcm giymi\u015fti. KKTC vatanda\u015fl\u0131\u011f\u0131 iptal edildi.<\/p>\n<p style=\"text-align: justify;\"><strong>Muzaffer Tekin:<\/strong> Eski y\u00fczba\u015f\u0131. Ergenekon san\u0131\u011f\u0131. O da KKTC vatanda\u015f\u0131.<\/p>\n<p style=\"text-align: justify;\"><strong>Mecit Haz\u0131r: <\/strong>26 Mart 1997&#8217;de KKTC vatanda\u015f\u0131 oldu. T\u00fcrk Metal Sendikas\u0131 y\u00f6neticisi. Ergenekon&#8217;dan g\u00f6zalt\u0131na al\u0131n\u0131p serbest b\u0131rak\u0131lm\u0131\u015ft\u0131.<\/p>\n<p style=\"text-align: justify;\"><strong>Pevrul Kavlak:<\/strong> 16. 10. 2002&#8217;de KKTC vatanda\u015f\u0131 oldu. Mustafa \u00d6zbek&#8217;in genel ba\u015fkanl\u0131\u011fa aday g\u00f6sterdi\u011fi Kavlak Ergenekon&#8217;dan g\u00f6zalt\u0131na al\u0131n\u0131p serbest b\u0131rak\u0131lm\u0131\u015ft\u0131.<\/p>\n<p style=\"text-align: justify;\"><strong>S\u00fcleyman Erdin\u00e7:<\/strong> 18.10.2002&#8217;de KKTC vatanda\u015f\u0131 oldu. O da Ergenekon&#8217;dan g\u00f6zalt\u0131na al\u0131n\u0131p serbest b\u0131rak\u0131ld\u0131.<\/p>\n<p style=\"text-align: justify;\"><span style=\"color: #888888;\">Kaynak : Vatan<\/span><\/p>\n","protected":false},"excerpt":{"rendered":"<\/p>\n<p style=\"text-align: justify;\">Ergenekon soru\u015fturmas\u0131 kapsam\u0131nda g\u00f6zalt\u0131na al\u0131nan ya da tutuklanan baz\u0131 isimler aras\u0131nda KKTC vatanda\u015fl\u0131\u011f\u0131 s\u00fcren isimler var<\/p>\n<p style=\"text-align: justify;\">\u0130\u015fte \u0130\u00e7i\u015fleri Bakanl\u0131\u011f\u0131 kaynaklar\u0131na g\u00f6re KKTC vatanda\u015f\u0131 olanlar&#8230;<\/p>\n<p style=\"text-align: justify;\">Mustafa \u00d6zbek: Eski T\u00fcrk Metal Sendikas\u0131 Ba\u015fkan\u0131. Ergenekon soru\u015fturmas\u0131 kapsam\u0131nda tutuklu. KKTC vatanda\u015f\u0131.<\/p>\n<p style=\"text-align: justify;\">Sinan Ayg\u00fcn: Ankara Ticaret Odas\u0131 Ba\u015fkan\u0131. Ergenekon davas\u0131 san\u0131\u011f\u0131. <\/p>\n","protected":false},"author":1,"featured_media":0,"comment_status":"open","ping_status":"closed","sticky":false,"template":"","format":"standard","meta":{"footnotes":""},"categories":[105],"tags":[],"class_list":["post-8010","post","type-post","status-publish","format-standard","hentry","category-gundem","odd"],"_links":{"self":[{"href":"http:\/\/www.korhanyilmaz.com\/index.php?rest_route=\/wp\/v2\/posts\/8010","targetHints":{"allow":["GET"]}}],"collection":[{"href":"http:\/\/www.korhanyilmaz.com\/index.php?rest_route=\/wp\/v2\/posts"}],"about":[{"href":"http:\/\/www.korhanyilmaz.com\/index.php?rest_route=\/wp\/v2\/types\/post"}],"author":[{"embeddable":true,"href":"http:\/\/www.korhanyilmaz.com\/index.php?rest_route=\/wp\/v2\/users\/1"}],"replies":[{"embeddable":true,"href":"http:\/\/www.korhanyilmaz.com\/index.php?rest_route=%2Fwp%2Fv2%2Fcomments&post=8010"}],"version-history":[{"count":0,"href":"http:\/\/www.korhanyilmaz.com\/index.php?rest_route=\/wp\/v2\/posts\/8010\/revisions"}],"wp:attachment":[{"href":"http:\/\/www.korhanyilmaz.com\/index.php?rest_route=%2Fwp%2Fv2%2Fmedia&parent=8010"}],"wp:term":[{"taxonomy":"category","embeddable":true,"href":"http:\/\/www.korhanyilmaz.com\/index.php?rest_route=%2Fwp%2Fv2%2Fcategories&post=8010"},{"taxonomy":"post_tag","embeddable":true,"href":"http:\/\/www.korhanyilmaz.com\/index.php?rest_route=%2Fwp%2Fv2%2Ftags&post=8010"}],"curies":[{"name":"wp","href":"https:\/\/api.w.org\/{rel}","templated":true}]}}