{"id":8006,"date":"2009-04-10T09:15:50","date_gmt":"2009-04-10T06:15:50","guid":{"rendered":"http:\/\/www.korhanyilmaz.com\/?p=8006"},"modified":"2009-04-10T09:15:50","modified_gmt":"2009-04-10T06:15:50","slug":"yskyi-tarihi-bir-gorev-bekliyor","status":"publish","type":"post","link":"http:\/\/www.korhanyilmaz.com\/?p=8006","title":{"rendered":"&#039;YSK&#039;y\u0131 tarihi bir g\u00f6rev bekliyor&#039;"},"content":{"rendered":"<p><img loading=\"lazy\" decoding=\"async\" class=\"aligncenter size-full wp-image-8007\" title=\"'YSK'y\u0131 tarihi bir g\u00f6rev bekliyor' \" src=\"http:\/\/www.korhanyilmaz.com\/wp-content\/uploads\/2009\/04\/100420090914328253790.jpg\" alt=\"'YSK'y\u0131 tarihi bir g\u00f6rev bekliyor' \" width=\"320\" height=\"100\" \/><\/p>\n<p style=\"text-align: justify;\"><strong>CHP lideri Baykal Adana&#8217;da yeniden se\u00e7im istiyor<\/strong>.<\/p>\n<p style=\"text-align: justify;\">CUMHUR\u0130YET Halk Partisi (CHP) Genel Ba\u015fkan\u0131 Deniz Baykal, \u015fikayetler \u00fczerine savc\u0131l\u0131k\u00e7a soru\u015fturma ba\u015flat\u0131lan Adana se\u00e7imlerinin yenilenmesi gerekti\u011fini belirterek, &#8220;Bu kadar ku\u015fku ortam\u0131nda Adana se\u00e7imleri oldu bittiye getirilemez. Y\u00fcksek Se\u00e7im Kurulu&#8217;nu tarihi bir g\u00f6rev bekliyor. Umar\u0131m o sorumlulu\u011funu yerine getirerek Adana se\u00e7imlerini iptal eder&#8221; dedi. <!--more--><\/p>\n<p style=\"text-align: justify;\">CHP lideri Deniz Baykal, merkez CHP&#8217;li \u00c7ukurova \u0130l\u00e7e Belediye Ba\u015fkan\u0131 Y\u0131ld\u0131ray Ar\u0131kan ile CHP&#8217;li Mersin B\u00fcy\u00fck\u015fehir Belediye Ba\u015fkan\u0131 Macit \u00d6zcan&#8217;a hay\u0131rl\u0131 olsun ziyaretinde bulunmak \u00fczere Genel Sekreter \u00d6nder Sav ve Adana milletvekilleri ile birlikte Anadolu Jet&#8217;e ait tarifeli u\u00e7akla saat 00.30 s\u0131ralar\u0131nda Adana Havaalan\u0131&#8217;na geldi. Burada \u0130l Ba\u015fkan\u0131 Serdar Seyhan, Adana B\u00fcy\u00fck\u015fehir Belediye Ba\u015fkan Aday\u0131 \u00dcmit \u00d6zg\u00fcm\u00fc\u015f, il\u00e7e belediye ba\u015fkan adaylar\u0131 ve yakla\u015f\u0131k 100 partili taraf\u0131ndan kar\u015f\u0131lanan Baykal, daha sonra konaklayaca\u011f\u0131 Hilton-Sa Oteli&#8217;ne ge\u00e7ti. Otelin lobisinde partililerle sohbet eden Baykal, gazetecilerin Adana se\u00e7imlerine ili\u015fkin sorular\u0131n\u0131 yan\u0131tlad\u0131.<\/p>\n<p style=\"text-align: justify;\"><strong>OLDU B\u0130TT\u0130YE GET\u0130R\u0130LEMEZ<\/strong><\/p>\n<p style=\"text-align: justify;\">Baykal, MHP&#8217;li B\u00fcy\u00fck\u015fehir Belediye Ba\u015fkan\u0131 Ayta\u00e7 Durak&#8217;\u0131n 1500 oy farkla kazand\u0131\u011f\u0131n\u0131n a\u00e7\u0131klanmas\u0131n\u0131n ard\u0131ndan AKP ve CHP&#8217;nin &#8216;tutanaklarda de\u011fi\u015fiklikler yap\u0131ld\u0131\u011f\u0131&#8217; iddias\u0131yla yapt\u0131klar\u0131 \u015fikayetler \u00fczerine savc\u0131l\u0131k\u00e7a soru\u015fturma ba\u015flat\u0131lan Adana se\u00e7imlerinin yenilenmesi gerekti\u011fini s\u00f6yledi. Adana se\u00e7imlerinin oldu bittiye getirilemeyece\u011fini belirten Baykal, \u015funlar\u0131 s\u00f6yledi:<\/p>\n<p style=\"text-align: justify;\">&#8220;Savc\u0131l\u0131k soru\u015fturmas\u0131 \u00e7ok \u00f6nemli. Biz Seyhan&#8217;da \u00e7ok az farkla kaybettik. Bu kadar teredd\u00fcd\u00fcn oldu\u011fu, bu kadar ku\u015fkulu bir ortamda se\u00e7im oldu bittiye getirilemez. Y\u00fcksek Se\u00e7im Kurulu bunun i\u00e7in var. \u00c7ok ciddi bir karar alabilir, almas\u0131n\u0131 bekliyoruz. Se\u00e7im insanlar\u0131n vicdan\u0131n\u0131 tatmin eden bir sonu\u00e7 vermedi. Do\u011fal olarak YSK&#8217;n\u0131n iptal etmesini, se\u00e7imleri yenilemesini bekliyoruz. Bu konuda hi\u00e7bir teredd\u00fcd\u00fcm\u00fcz yok. YSK b\u00f6yle bir karar alma yetkisine sahip. Elinde se\u00e7imlerle ilgili iptale gerek\u00e7e olacak \u00e7ok sa\u011flam bir dosya var. O g\u00f6r\u00fcnt\u00fcler ortada, aradaki farklar ortada. Tutanaklardan elde edilen sonu\u00e7larla ilgili \u00e7ok ciddi ku\u015fkular var. Bunlar yok say\u0131lamaz. Oldu bitti denilemez.&#8221;<\/p>\n<p style=\"text-align: justify;\"><strong>ADANA SE\u00c7\u0130MLER\u0130 V\u0130CDANLARI TATM\u0130N ETMED\u0130<\/strong><\/p>\n<p style=\"text-align: justify;\">Adana&#8217;daki se\u00e7imlerin \u00e7ok \u00f6nemli oldu\u011funu ve vatanda\u015f\u0131n vicdan\u0131n\u0131 tatmin etmedi\u011fini kaydeden Baykal, &#8220;\u00d6yle ki se\u00e7im ve say\u0131m kadrosu g\u00fcven veren, insanlar\u0131n vicdan\u0131n\u0131 rahatlatan bir sonu\u00e7 vermemi\u015ftir. Bu \u00e7ok a\u00e7\u0131k. Her yerde her zaman yap\u0131labilecek olan itirazlar\u0131n \u00f6tesinde bir durum var. Torbalar de\u011fi\u015ftiriliyor, bu g\u00fcvenlik kameralar\u0131 g\u00f6r\u00fcnt\u00fcleriyle, foto\u011fraflarla tespit ediliyor. Bu y\u00fczden oldu bitti denilemez, denilmemesi gerekir. YSK&#8217;y\u0131 tarihi bir g\u00f6rev bekliyor. Umar\u0131m o sorumlulu\u011funun gere\u011fini yerine getirir, se\u00e7imleri iptal eder&#8221; diye konu\u015ftu.<\/p>\n<p style=\"text-align: justify;\">Baykal, se\u00e7imlerin iptal olup yeniden tekrarlanmas\u0131 durumunda sonucun ne olaca\u011f\u0131na ili\u015fkin bir soru \u00fczerine, &#8220;Onu bilemeyiz. Onu art\u0131k Adanal\u0131lar kararla\u015ft\u0131racakt\u0131r, en do\u011frusunu yapacakt\u0131r. Ama bu se\u00e7imin yenilenmesi gerekiyor&#8221; dedi.<\/p>\n<p style=\"text-align: justify;\">A\u00e7\u0131klaman\u0131n ard\u0131ndan, kendisini kar\u015f\u0131lamaya gelen B\u00fcy\u00fck\u015fehir Belediye Ba\u015fkanl\u0131\u011f\u0131&#8217;na aday g\u00f6sterip, sonradan vazge\u00e7ti\u011fi Soner \u00c7etin&#8217;le de bir s\u00fcre konu\u015fan Baykal, daha sonra odas\u0131na \u00e7ekildi.<\/p>\n<p style=\"text-align: justify;\"><span style=\"color: #888888;\">Kaynak : Tahsin \u00dcLKER\/ADANA, (DHA)<\/span><\/p>\n","protected":false},"excerpt":{"rendered":"<\/p>\n<p style=\"text-align: justify;\">CHP lideri Baykal Adana&#8217;da yeniden se\u00e7im istiyor.<\/p>\n<p style=\"text-align: justify;\">CUMHUR\u0130YET Halk Partisi (CHP) Genel Ba\u015fkan\u0131 Deniz Baykal, \u015fikayetler \u00fczerine savc\u0131l\u0131k\u00e7a soru\u015fturma ba\u015flat\u0131lan Adana se\u00e7imlerinin yenilenmesi gerekti\u011fini belirterek, &#8220;Bu kadar ku\u015fku ortam\u0131nda Adana se\u00e7imleri oldu bittiye getirilemez. Y\u00fcksek Se\u00e7im Kurulu&#8217;nu tarihi bir g\u00f6rev bekliyor. Umar\u0131m o sorumlulu\u011funu yerine getirerek Adana se\u00e7imlerini iptal eder&#8221; <\/p>\n","protected":false},"author":1,"featured_media":0,"comment_status":"open","ping_status":"closed","sticky":false,"template":"","format":"standard","meta":{"footnotes":""},"categories":[105],"tags":[],"class_list":["post-8006","post","type-post","status-publish","format-standard","hentry","category-gundem","odd"],"_links":{"self":[{"href":"http:\/\/www.korhanyilmaz.com\/index.php?rest_route=\/wp\/v2\/posts\/8006","targetHints":{"allow":["GET"]}}],"collection":[{"href":"http:\/\/www.korhanyilmaz.com\/index.php?rest_route=\/wp\/v2\/posts"}],"about":[{"href":"http:\/\/www.korhanyilmaz.com\/index.php?rest_route=\/wp\/v2\/types\/post"}],"author":[{"embeddable":true,"href":"http:\/\/www.korhanyilmaz.com\/index.php?rest_route=\/wp\/v2\/users\/1"}],"replies":[{"embeddable":true,"href":"http:\/\/www.korhanyilmaz.com\/index.php?rest_route=%2Fwp%2Fv2%2Fcomments&post=8006"}],"version-history":[{"count":0,"href":"http:\/\/www.korhanyilmaz.com\/index.php?rest_route=\/wp\/v2\/posts\/8006\/revisions"}],"wp:attachment":[{"href":"http:\/\/www.korhanyilmaz.com\/index.php?rest_route=%2Fwp%2Fv2%2Fmedia&parent=8006"}],"wp:term":[{"taxonomy":"category","embeddable":true,"href":"http:\/\/www.korhanyilmaz.com\/index.php?rest_route=%2Fwp%2Fv2%2Fcategories&post=8006"},{"taxonomy":"post_tag","embeddable":true,"href":"http:\/\/www.korhanyilmaz.com\/index.php?rest_route=%2Fwp%2Fv2%2Ftags&post=8006"}],"curies":[{"name":"wp","href":"https:\/\/api.w.org\/{rel}","templated":true}]}}