{"id":8000,"date":"2009-04-09T17:24:04","date_gmt":"2009-04-09T14:24:04","guid":{"rendered":"http:\/\/www.korhanyilmaz.com\/?p=8000"},"modified":"2009-04-09T17:24:04","modified_gmt":"2009-04-09T14:24:04","slug":"1-mayis-tatil-oluyor-disk-taksimi-istiyor","status":"publish","type":"post","link":"http:\/\/www.korhanyilmaz.com\/?p=8000","title":{"rendered":"1 may\u0131s tatil oluyor, D\u0130SK Taksim&#039;i istiyor"},"content":{"rendered":"<p style=\"text-align: center;\"><img loading=\"lazy\" decoding=\"async\" class=\"aligncenter size-full wp-image-8001\" title=\"1 may\u0131s tatil oluyor, D\u0130SK Taksim'i istiyor\" src=\"http:\/\/www.korhanyilmaz.com\/wp-content\/uploads\/2009\/04\/fft28_mf152842.jpeg\" alt=\"1 may\u0131s tatil oluyor, D\u0130SK Taksim'i istiyor\" width=\"286\" height=\"190\" \/><\/p>\n<p style=\"text-align: center;\">\n<p style=\"text-align: justify;\"><strong>\u00c7al\u0131\u015fma ve Sosyal G\u00fcvenlik Bakan\u0131 Faruk \u00c7elik, 1 May\u0131s&#8217;\u0131n geni\u015f kapsaml\u0131, t\u00fcm \u00e7al\u0131\u015fanlar\u0131 i\u00e7ine alan bir tatil olaca\u011f\u0131n\u0131 s\u00f6yledi.<\/strong><\/p>\n<p style=\"text-align: justify;\">H\u00fck\u00fcmet, i\u015f\u00e7i ve i\u015fveren kesiminin temsil edildi\u011fi \u00dc\u00e7l\u00fc Dan\u0131\u015fma Kurulu, \u00c7al\u0131\u015fma ve Sosyal G\u00fcvenlik Bakanl\u0131\u011f\u0131nda topland\u0131.<br \/>\nBakan \u00c7elik ba\u015fkanl\u0131\u011f\u0131ndaki toplant\u0131ya T\u0130SK Y\u00f6netim Kurulu Ba\u015fkan\u0131 Tu\u011frul Kudatgobilik, T\u00fcrk-\u0130\u015f Genel Ba\u015fkan\u0131 Mustafa Kumlu, D\u0130SK Genel Ba\u015fkan\u0131 S\u00fcleyman \u00c7elebi, Hak-\u0130\u015f Genel Ba\u015fkan\u0131 Salim Uslu, bakanl\u0131k b\u00fcrokratlar\u0131 ve konfederasyonlar\u0131n uzmanlar\u0131 kat\u0131l\u0131yor.<br \/>\nFaruk \u00c7elik, toplant\u0131 \u00f6ncesi yapt\u0131\u011f\u0131 a\u00e7\u0131klamada, ekonomik kriz nedeniyle kurulun her ay toplanmas\u0131n\u0131 kararla\u015ft\u0131rd\u0131klar\u0131n\u0131 ve Nisan ay\u0131 toplant\u0131s\u0131n\u0131 ger\u00e7ekle\u015ftireceklerini s\u00f6yledi. <!--more--><br \/>\n\u00c7al\u0131\u015fma ili\u015fkilerinde \u00e7at\u0131\u015fmac\u0131 anlay\u0131\u015f\u0131 d\u00fcnyan\u0131n geride b\u0131rakt\u0131\u011f\u0131n\u0131 vurgulayan \u00c7elik, sosyal devlet, sosyal diyalog ve insan merkezli \u00e7al\u0131\u015fma politikalar\u0131n\u0131 d\u00fcnyan\u0131n hayata ge\u00e7irmeye ba\u015flad\u0131\u011f\u0131n\u0131 kaydetti.<br \/>\nBu anlay\u0131\u015f\u0131n 1 May\u0131s&#8217;\u0131 art\u0131k korku g\u00fcnleri olmaktan \u00e7\u0131kar\u0131p i\u015f\u00e7i ve emek\u00e7inin dayan\u0131\u015fma g\u00fcn\u00fcne d\u00f6n\u00fc\u015ft\u00fcrd\u00fc\u011f\u00fcn\u00fc dile getiren \u00c7elik, \u015f\u00f6yle konu\u015ftu:<br \/>\n&#8220;Al\u0131n terinin sembol\u00fc olan 1 May\u0131s t\u00fcm d\u00fcnyada \u00e7al\u0131\u015fanlar\u0131n birlik, emek ve dayan\u0131\u015fma g\u00fcn\u00fc olarak kutlanmaktad\u0131r. \u00dclkemizde de 1935 y\u0131l\u0131nda yay\u0131nlanan Ulusal Bayram, Tatil G\u00fcnleri hakk\u0131ndaki Kanun ile bahar bayram\u0131 olarak 1 May\u0131s tatil g\u00fcnlerine ilave edilmi\u015fti ancak 1980 sonras\u0131 yap\u0131lan d\u00fczenlemeyle bayram, \u00e7al\u0131\u015fanlar\u0131m\u0131z\u0131n elinden al\u0131nm\u0131\u015ft\u0131. H\u00fck\u00fcmetimizin bu konudaki hassasiyetini hepiniz biliyorsunuz. 25 Nisan 2008&#8217;de yay\u0131nlanan Bakanlar Kurulu karar\u0131yla 1 May\u0131s&#8217;\u0131n Emek ve Dayan\u0131\u015fma g\u00fcn\u00fc olarak en iyi \u015fekilde de\u011ferlendirilmesi konusunda bakanl\u0131\u011f\u0131m\u0131z g\u00f6revlendirilmi\u015fti ve 1 May\u0131s Emek ve Dayan\u0131\u015fma g\u00fcn\u00fc olarak ilan edilmi\u015fti.<br \/>\nD\u00fcn say\u0131n Ba\u015fbakan\u0131m\u0131zla yapt\u0131\u011f\u0131m\u0131z g\u00f6r\u00fc\u015fme neticesinde 1 May\u0131s&#8217;\u0131n Emek ve Dayan\u0131\u015fma Bayram\u0131 olarak tatil ilan edilmesi konusunda \u00e7al\u0131\u015fmalar\u0131 yapmam\u0131z i\u00e7in gerekli talimatlar\u0131 verdiler. Toplant\u0131da bu konuda heyeti bilgilendirme noktas\u0131nda da talimat ald\u0131m. D\u00fcn gece bu g\u00f6r\u00fc\u015fmemizden sonra gerekli \u00e7al\u0131\u015fmalar\u0131 yapt\u0131k ve kanun tasar\u0131s\u0131n\u0131 Bakanlar Kurulunun imzas\u0131na a\u00e7m\u0131\u015f bulunuyoruz. \u015eimdiden \u00e7al\u0131\u015fanlar\u0131m\u0131z\u0131n 1 May\u0131s&#8217;\u0131n\u0131, Emek ve Dayan\u0131\u015fma G\u00fcn\u00fc&#8217;n\u00fc en i\u00e7ten dileklerimle kutluyorum. 1 May\u0131s Emek ve Dayan\u0131\u015fma G\u00fcn\u00fc, eme\u011fin dayan\u0131\u015fmas\u0131, \u00e7al\u0131\u015fma hayat\u0131n\u0131n sorunlar\u0131n\u0131n irdelendi\u011fi, demokrasi k\u00fclt\u00fcr\u00fcn\u00fcn zirveye \u00e7\u0131kt\u0131\u011f\u0131, sevginin, bar\u0131\u015f\u0131n ye\u015ferdi\u011fi bir bayram olarak haf\u0131zalarda bundan sonra umuyoruz ki yer edecektir. \u00dclkemize, \u00e7al\u0131\u015fanlar\u0131m\u0131za, milletimize hay\u0131rl\u0131 olmas\u0131 temennisinde bulunuyorum.&#8221;<\/p>\n<p><strong>&#8220;NEREDE KUTLANACA\u011eINA M\u00dcLK\u0130 AM\u0130RLER KARAR VERECEK&#8221; <\/strong><\/p>\n<p style=\"text-align: justify;\">\n1 May\u0131s&#8217;\u0131n Taksim&#8217;de kutlanmas\u0131 konusunda h\u00fck\u00fcmetin tavr\u0131n\u0131n sorulmas\u0131 \u00fczerine \u00c7elik, emek\u00e7ilerin, 1 May\u0131s&#8217;\u0131n tatil ilan edilmesini istedi\u011fini ve bunun ger\u00e7ekle\u015fti\u011fini s\u00f6yledi.<br \/>\nFaruk \u00c7elik, 1 May\u0131s&#8217;\u0131n nerede kutlanaca\u011f\u0131na yasal mevzuat \u00e7er\u00e7evesinde idare ve m\u00fclki amirlerin karar verece\u011fini belirtti.<br \/>\n\u00c7elik, &#8220;Nerede, ne \u015fekilde kutlanaca\u011f\u0131 konusu bu atmosferin ve bakanl\u0131\u011f\u0131m\u0131z\u0131n konusuyla ilgili de\u011fildir. Mevcut mevzuat neyse ilgili bakanl\u0131klar ne gibi karar al\u0131rsa hepimiz ona sayg\u0131l\u0131 olmak durumunday\u0131z. Onun i\u00e7in Taksim veya ba\u015fka bir yerle ilgili daha ileri bir d\u00fczeyde g\u00f6r\u00fc\u015f sergilemeyi do\u011fru bulmam&#8221; dedi.<br \/>\n1 May\u0131s ile ilgili tasar\u0131y\u0131 TBMM&#8217;de \u00e7ok h\u0131zl\u0131 bir \u015fekilde ele almay\u0131 planlad\u0131klar\u0131n\u0131 vurgulayan \u00c7elik, uzla\u015fma sa\u011flanmas\u0131 halinde sendikal yasalarla ilgili de\u011fi\u015fikliklerle birlikte her iki konuyu k\u0131sa s\u00fcrede hayata ge\u00e7irmeyi istediklerini ifade etti.<br \/>\n\u00c7elik, Ba\u015fbakan Erdo\u011fan ile yapt\u0131klar\u0131 g\u00f6r\u00fc\u015fmede Taksim konusunun g\u00fcndeme gelmedi\u011fini, 1 May\u0131s&#8217;\u0131n tatil olmas\u0131 konusunu de\u011ferlendirdiklerini ve bunun da ger\u00e7ekle\u015fmesi i\u00e7in ellerinden geleni yapacaklar\u0131n\u0131 s\u00f6yledi.<br \/>\n1 May\u0131s&#8217;\u0131n tatil edilmesinin kar\u015f\u0131l\u0131kl\u0131 bir jest olmad\u0131\u011f\u0131n\u0131 ifade eden \u00c7elik, &#8220;Biz bunu yapmay\u0131 gerekli g\u00f6rd\u00fc\u011f\u00fcm\u00fcz i\u00e7in yap\u0131yoruz. Say\u0131n Ba\u015fkanlar da eme\u011fin temsilcisi olarak bunu \u00f6teden beri b\u00fct\u00fcn h\u00fck\u00fcmetlerden talep ettiler ama unutmayal\u0131m ki bu 1 May\u0131s meselesi, 30 y\u0131ld\u0131r konu\u015fulan bir hadisedir. 30 y\u0131ld\u0131r konu\u015fulan meselenin bug\u00fcn \u00e7\u00f6z\u00fcl\u00fcyor oldu\u011funu g\u00f6rmek herhalde herkese bir \u015feyler anlat\u0131yordur&#8221; diye konu\u015ftu.<br \/>\n\u00c7elik, tatilin kapsam\u0131na ili\u015fkin soruyu yan\u0131tlarken, &#8220;Geni\u015f kapsaml\u0131, t\u00fcm \u00e7al\u0131\u015fanlar\u0131 i\u00e7ine al\u0131yor. Mevcut yasan\u0131n devam\u0131nda, &#8216;ulusal, resmi, dini bayram g\u00fcnleri, y\u0131lba\u015f\u0131 ile 1 May\u0131s Emek ve Dayan\u0131\u015fma g\u00fcnleri resmi daire ve kurulu\u015flar tatil edilir&#8217; \u015feklinde 1 May\u0131s da ilave ediliyor&#8221; dedi.\n<\/p>\n<p style=\"text-align: justify;\"><strong>T\u00dcRK-\u0130\u015e, HAK-\u0130\u015e GERG\u0130NL\u0130\u011e\u0130 <\/strong><\/p>\n<p style=\"text-align: justify;\">\nBakan \u00c7elik, bir gazetecinin &#8220;T\u00fcrk-\u0130\u015f Ba\u015fkanlar Kurulu&#8217;nun Hak-\u0130\u015f&#8217;le ya\u015fanan gerilimde bakanl\u0131\u011f\u0131n taraf olarak &#8216;Hak-\u0130\u015f&#8217;i kollad\u0131\u011f\u0131&#8217; \u015feklindeki ele\u015ftirisini nas\u0131l de\u011ferlendiriyorsunuz?&#8221; sorusunu yan\u0131tlarken, \u015funlar\u0131 kaydetti:<br \/>\n&#8220;Siyaseti hep y\u00fczle\u015ferek yapt\u0131m. Birinin genel kurulunda ba\u015fka, bir ba\u015fkas\u0131n\u0131n genel kurulunda ba\u015fka konu\u015fmad\u0131m. Yani i\u015fverenin genel kuruluna gidip i\u015fverence, i\u015f\u00e7inin genel kuruluna gidip i\u015f\u00e7inin i\u015fine gelecek \u015fekilde bir siyaset tarz\u0131 hi\u00e7 hayat\u0131mda yer almam\u0131\u015ft\u0131r. De\u011ferli ba\u015fkanlar da 1,5-2 y\u0131la yak\u0131n s\u00fcre i\u00e7erisinde ne kadar \u015feffaf, ne kadar net ve ald\u0131\u011f\u0131m\u0131z kararlar\u0131 neticelendirme konusunda ne kadar seri oldu\u011fumuzu \u00f6yle san\u0131yorum ki takdir ediyorlar.<br \/>\nBir \u015feffaf \u00e7al\u0131\u015fma i\u00e7erisindeyiz. \u015eunu net olarak ifade ediyorum, bizim burada bulunan konfederasyon ve ba\u015fkanlar\u0131yla ilgili en ufak bir ayr\u0131nt\u0131da bile ayr\u0131mc\u0131l\u0131k s\u00f6z konusu olur ise onun net bir \u015fekilde belgelendirilmesi ve bilgilendirilmemizi istiyorum Buna sebep olan kim olursa olsun benim \u00e7al\u0131\u015fma arkada\u015f\u0131m olamaz. Bu tart\u0131\u015fmaya sendikalar aras\u0131ndaki rekabet \u00e7er\u00e7evesinde sayg\u0131 duyar\u0131z, fakat buna bakanl\u0131\u011f\u0131m\u0131z\u0131n kar\u0131\u015ft\u0131r\u0131lmamas\u0131n\u0131 \u00f6zellikle istirham ediyorum.&#8221;<\/p>\n<p><strong>D\u0130SK: TAKS\u0130M KUTLAMALARA A\u00c7ILMALI, 77 \u0130\u00c7\u0130N MECL\u0130S ARA\u015eTIRMASI YAPILMALI <\/strong><\/p>\n<p style=\"text-align: justify;\">\nD\u0130SK Genel Ba\u015fkan\u0131 S\u00fcleyman \u00c7elebi, 1 May\u0131s&#8217;\u0131n, \u00fczerindeki yasaklar kald\u0131r\u0131larak tatil ilan edilmesini, Taksim meydan\u0131n\u0131n da kutlamalara a\u00e7\u0131lmas\u0131n\u0131 istedi.<br \/>\n\u00c7elebi yaz\u0131l\u0131 a\u00e7\u0131klamas\u0131nda, Ba\u015fbakan Recep Tayyip Erdo\u011fan&#8217;\u0131n, \u00c7al\u0131\u015fma ve Sosyal G\u00fcvenlik Bakan\u0131 Faruk \u00c7elik&#8217;e, &#8220;1 May\u0131s&#8217;\u0131n tatil olarak ilan edilmesi\u00f6 konusunda i\u015f\u00e7i konfederasyonlar\u0131yla g\u00f6r\u00fc\u015fmesi i\u00e7in talimat verdi\u011fini s\u00f6yledi\u011fini an\u0131msatt\u0131. 1 May\u0131s&#8217;\u0131n tatil ilan edilmesine ili\u015fkin at\u0131lan ad\u0131m\u0131n, gelinen yer a\u00e7\u0131s\u0131ndan \u00f6nemli; ancak yetersiz bir a\u015fama oldu\u011funu belirten \u00c7elebi, &#8220;Bu &#8216;bah\u015fedilen&#8217; bir hak de\u011fil, m\u00fccadeleler sonucu kazan\u0131lan bir hakt\u0131r. D\u0130SK&#8217;in ve emek \u00f6rg\u00fctlerinin bedeller \u00f6deyerek y\u0131llarca verdi\u011fi m\u00fccadelenin \u00f6nemli bir sonucudur\u00f6 dedi.<br \/>\nMart ay\u0131nda toplanan \u00dc\u00e7l\u00fc Dan\u0131\u015fma Kurulu&#8217;na 1 May\u0131s&#8217;\u0131n i\u015f\u00e7i s\u0131n\u0131f\u0131n\u0131n ve emek\u00e7ilerin birlik, m\u00fccadele ve dayan\u0131\u015fma g\u00fcn\u00fc olarak tatil ilan edilmesi \u00f6nerisi sunuldu\u011funu, bunun kat\u0131l\u0131mc\u0131lar taraf\u0131ndan da \u00f6nemsendi\u011fini kaydeden S\u00fcleyman \u00c7elebi, &#8220;Bug\u00fcn Ankara&#8217;da toplanan olan \u00dc\u00e7l\u00fc Dan\u0131\u015fma Kurulu&#8217;na ve \u00c7al\u0131\u015fma Bakanl\u0131\u011f\u0131&#8217;na sunaca\u011f\u0131m\u0131z krize kar\u015f\u0131 sosyal programda da &#8216;1 May\u0131s&#8217;\u0131n tarihsel i\u00e7eri\u011fine uygun bi\u00e7imde i\u015f\u00e7i bayram\u0131 olarak yasala\u015fmas\u0131&#8217; gerekti\u011fine de\u011findik. \u00c7\u00fcnk\u00fc T\u00fcrkiye, toplam \u00e7al\u0131\u015fan\u0131n 22 milyona, tar\u0131m d\u0131\u015f\u0131nda \u00e7al\u0131\u015fan say\u0131s\u0131n\u0131n 13 milyona ula\u015ft\u0131\u011f\u0131 ama 1 May\u0131s&#8217;\u0131n bayram tatili olmad\u0131\u011f\u0131 ender \u00fclkelerden birisidir\u00f6 dedi.<\/p>\n<p><strong>1 MAYIS 1977 \u0130\u00c7\u0130N MECL\u0130S ARA\u015eTIRMASI A\u00c7ILMALI <\/strong><\/p>\n<p style=\"text-align: justify;\">\nD\u00fcnyada kutlanmas\u0131na 100 y\u0131l \u00f6nce ba\u015flanan ve D\u0130SK \u00f6nc\u00fcl\u00fc\u011f\u00fcnde T\u00fcrkiye&#8217;de 32 y\u0131ld\u0131r kitlesel olarak kutlanan bir bayram oldu\u011fu halde, anlams\u0131z, \u00e7a\u011fd\u0131\u015f\u0131 yasaklar ve korkularla 1 May\u0131s&#8217;a s\u00fcrekli engel \u00e7\u0131kar\u0131ld\u0131\u011f\u0131n\u0131 anlatan \u00c7elebi, &#8220;Taksim alan\u0131 h\u00e2l\u00e2 i\u015f\u00e7ilerin 1 May\u0131s bulu\u015fmas\u0131na kapal\u0131 tutulmaktad\u0131r. B\u00fct\u00fcn bu engellemeler g\u00fcn\u00fcm\u00fcz T\u00fcrkiye&#8217;sinde sona erdirilmelidir. 1 May\u0131s bayram tatili olmal\u0131, eme\u011fini harcayan, y\u0131llar\u0131n\u0131 \u00fcretime veren milyonlarca emek\u00e7inin istedi\u011fi alanlarda \u00f6zg\u00fcrce bulu\u015fmas\u0131n\u0131n \u00f6n\u00fcndeki engeller kald\u0131r\u0131larak Taksim Alan\u0131 1 May\u0131s kutlamalar\u0131na a\u00e7\u0131lmal\u0131d\u0131r.<br \/>\n1 May\u0131s \u00f6n\u00fcndeki engellerin kald\u0131r\u0131lmas\u0131, 1 May\u0131s 1977 katliam\u0131n\u0131n ortaya \u00e7\u0131kar\u0131lmas\u0131 i\u00e7in de yeni imk\u00e2nlar\u0131n yarat\u0131lmas\u0131na katk\u0131 sa\u011flayacakt\u0131r. Bu konuda da cesaretle ad\u0131m at\u0131larak, 1 May\u0131s 1977&#8217;de ya\u015fanan katliam\u0131n ayd\u0131nlat\u0131lmas\u0131 ve sorumlular\u0131n\u0131n yarg\u0131lanmas\u0131 i\u00e7in TBMM Ara\u015ft\u0131rma Komisyonu bir an \u00f6nce kurulmal\u0131d\u0131r\u00f6 \u00f6nerisinde bulundu.\n<\/p>\n<p style=\"text-align: justify;\">S\u00fcleyman \u00c7elebi, Taksim&#8217;de yap\u0131lacak 1 May\u0131s kutlamalar\u0131n\u0131n uluslararas\u0131 bir \u00f6nem ta\u015f\u0131d\u0131\u011f\u0131n\u0131, AB T\u00fcrkiye raporunun h\u00fck\u00fcmeti bar\u0131\u015f\u00e7\u0131l 1 May\u0131s kutlamalar\u0131 i\u00e7in sendikalarla diyaloga davet etti\u011fini belirterek, ba\u015fta ITUC ve ETUC olmak \u00fczere Avrupa sendikalar\u0131ndan y\u00f6neticilerin de bulundu\u011fu \u00e7ok say\u0131da sendikac\u0131 ve Avrupa Parlamentosu milletvekilinin 1 May\u0131s g\u00fcn\u00fc T\u00fcrkiye&#8217;de olaca\u011f\u0131n\u0131 an\u0131msatt\u0131.<\/p>\n<p style=\"text-align: justify;\"><span style=\"color: #888888;\">ANKA<\/span><\/p>\n","protected":false},"excerpt":{"rendered":"<p style=\"text-align: center;\">\n<p style=\"text-align: center;\">\n<p style=\"text-align: justify;\">\u00c7al\u0131\u015fma ve Sosyal G\u00fcvenlik Bakan\u0131 Faruk \u00c7elik, 1 May\u0131s&#8217;\u0131n geni\u015f kapsaml\u0131, t\u00fcm \u00e7al\u0131\u015fanlar\u0131 i\u00e7ine alan bir tatil olaca\u011f\u0131n\u0131 s\u00f6yledi.<\/p>\n<p style=\"text-align: justify;\">H\u00fck\u00fcmet, i\u015f\u00e7i ve i\u015fveren kesiminin temsil edildi\u011fi \u00dc\u00e7l\u00fc Dan\u0131\u015fma Kurulu, \u00c7al\u0131\u015fma ve Sosyal G\u00fcvenlik Bakanl\u0131\u011f\u0131nda topland\u0131. Bakan \u00c7elik ba\u015fkanl\u0131\u011f\u0131ndaki toplant\u0131ya T\u0130SK Y\u00f6netim Kurulu Ba\u015fkan\u0131 Tu\u011frul Kudatgobilik, <\/p>\n","protected":false},"author":1,"featured_media":0,"comment_status":"open","ping_status":"closed","sticky":false,"template":"","format":"standard","meta":{"footnotes":""},"categories":[105],"tags":[],"class_list":["post-8000","post","type-post","status-publish","format-standard","hentry","category-gundem","odd"],"_links":{"self":[{"href":"http:\/\/www.korhanyilmaz.com\/index.php?rest_route=\/wp\/v2\/posts\/8000","targetHints":{"allow":["GET"]}}],"collection":[{"href":"http:\/\/www.korhanyilmaz.com\/index.php?rest_route=\/wp\/v2\/posts"}],"about":[{"href":"http:\/\/www.korhanyilmaz.com\/index.php?rest_route=\/wp\/v2\/types\/post"}],"author":[{"embeddable":true,"href":"http:\/\/www.korhanyilmaz.com\/index.php?rest_route=\/wp\/v2\/users\/1"}],"replies":[{"embeddable":true,"href":"http:\/\/www.korhanyilmaz.com\/index.php?rest_route=%2Fwp%2Fv2%2Fcomments&post=8000"}],"version-history":[{"count":0,"href":"http:\/\/www.korhanyilmaz.com\/index.php?rest_route=\/wp\/v2\/posts\/8000\/revisions"}],"wp:attachment":[{"href":"http:\/\/www.korhanyilmaz.com\/index.php?rest_route=%2Fwp%2Fv2%2Fmedia&parent=8000"}],"wp:term":[{"taxonomy":"category","embeddable":true,"href":"http:\/\/www.korhanyilmaz.com\/index.php?rest_route=%2Fwp%2Fv2%2Fcategories&post=8000"},{"taxonomy":"post_tag","embeddable":true,"href":"http:\/\/www.korhanyilmaz.com\/index.php?rest_route=%2Fwp%2Fv2%2Ftags&post=8000"}],"curies":[{"name":"wp","href":"https:\/\/api.w.org\/{rel}","templated":true}]}}