{"id":7997,"date":"2009-04-09T15:36:03","date_gmt":"2009-04-09T12:36:03","guid":{"rendered":"http:\/\/www.korhanyilmaz.com\/?p=7997"},"modified":"2009-04-09T15:36:03","modified_gmt":"2009-04-09T12:36:03","slug":"super-savci-2000-kisiyi-daha-gozaltina-alacakmis","status":"publish","type":"post","link":"http:\/\/www.korhanyilmaz.com\/?p=7997","title":{"rendered":"&#039;S\u00fcper savc\u0131&#039; 2000 ki\u015fiyi daha g\u00f6zalt\u0131na alacakm\u0131\u015f"},"content":{"rendered":"<p style=\"text-align: center;\"><img loading=\"lazy\" decoding=\"async\" class=\"aligncenter size-full wp-image-7998\" title=\"\u00d6zel yetkileri al\u0131nan savc\u0131 Murat G\u00f6k\" src=\"http:\/\/www.korhanyilmaz.com\/wp-content\/uploads\/2009\/04\/fft5_mf152747.jpeg\" alt=\"\u00d6zel yetkileri al\u0131nan savc\u0131 Murat G\u00f6k\" width=\"315\" height=\"174\" \/><\/p>\n<p style=\"text-align: center;\">\n<p style=\"text-align: justify;\"><strong>\u00d6zel yetkileri al\u0131nan savc\u0131 Murat G\u00f6k, &#8220;E\u011fer g\u00f6revime devam etseydim Ege&#8217;de 2 bin ki\u015fi hakk\u0131nda yasal i\u015flem yapt\u0131racakt\u0131m&#8221; dedi.<\/strong><\/p>\n<p style=\"text-align: justify;\"><strong><\/strong><br \/>\n\u0130zmir&#8217;de son 2 y\u0131lda bir\u00e7ok organize su\u00e7 \u00f6rg\u00fct\u00fc ve belediyeye y\u00f6nelik yapt\u0131\u011f\u0131 &#8216;yolsuzluk&#8217; operasyonlar\u0131yla kamuoyunun g\u00fcndemine oturan \u00d6zel Yetkili Cumhuriyet Savc\u0131s\u0131 Murat G\u00f6k, &#8216;soru\u015fturma ve operasyon yapma yetkisi&#8217; elinden al\u0131narak \u0130zmir mahkemelerinden birine duru\u015fma savc\u0131s\u0131 olarak atanmas\u0131n\u0131n ard\u0131ndan yapt\u0131\u011f\u0131 a\u00e7\u0131klamada, &#8220;E\u011fer g\u00f6revime devam etseydim Ege&#8217;de 2 bin ki\u015fi hakk\u0131nda yasal i\u015flem yapt\u0131racakt\u0131m&#8221; dedi.<br \/>\nSavc\u0131 Murat G\u00f6k, \u0130zmir&#8217;de yay\u0131nlanan Yenias\u0131r gazetesinin sorular\u0131n\u0131 yan\u0131tlad\u0131 ve \u00f6nemli a\u00e7\u0131klamalarda bulundu. G\u00f6k, \u0130zmir Cumhuriyet Savc\u0131l\u0131\u011f\u0131 taraf\u0131ndan duru\u015fma savc\u0131s\u0131 olarak g\u00f6revlendirilmesinin temelinde bundan sonra yapaca\u011f\u0131 operasyonlar\u0131n&#8221; yatt\u0131\u011f\u0131n\u0131 s\u00f6yledi. <!--more-->Bu arada b\u00fcrokrasiye k\u0131rg\u0131nl\u0131\u011f\u0131n\u0131 dile getiren Savc\u0131 G\u00f6k, kendisini gol yemi\u015f gibi hissetti\u011fini de belirterek, g\u00f6revden al\u0131nmas\u0131n\u0131n ard\u0131ndan Yenias\u0131r Yay\u0131n Grubu Ba\u015fkan\u0131 \u015eebnem Bursal\u0131&#8217;n\u0131n sorular\u0131na verdi\u011fi yan\u0131tlar \u015f\u00f6yle:<br \/>\n&#8211; Ne zaman g\u00f6revden al\u0131nd\u0131n\u0131z?<br \/>\n&#8211; Sal\u0131 g\u00fcn\u00fc saat 17.30 s\u0131ralar\u0131nda, Ba\u015fsavc\u0131 Vekili Mehmet Do\u011far imzas\u0131yla, g\u00f6revli bir arkada\u015f odama evrak getirdi. Evrakta &#8220;Soru\u015fturmalardan al\u0131nd\u0131n\u0131z. Art\u0131k bundan b\u00f6yle sadece duru\u015fmaya \u00e7\u0131kacaks\u0131n\u0131z&#8221; yaz\u0131yordu.<br \/>\n&#8211; Ba\u015fka ne yaz\u0131yordu?<br \/>\n&#8211; Bundan ba\u015fka bir a\u00e7\u0131klama yok. Ayr\u0131nt\u0131 da yok. Sadece g\u00f6revden al\u0131nd\u0131\u011f\u0131m ve duru\u015fmalara \u00e7\u0131kan di\u011fer savc\u0131 arkada\u015fla yer de\u011fi\u015ftirdi\u011fim yaz\u0131yordu.<br \/>\n&#8211; Siz bu tebligattan sonra Ba\u015fsavc\u0131 veya vekili ile bir g\u00f6r\u00fc\u015fmede bulundunuz mu?<br \/>\n&#8211; Kesinlikle kimseyle g\u00f6r\u00fc\u015fmedim, g\u00f6r\u00fc\u015fmem de&#8230; Bu benim etik anlaya\u015f\u0131ma yak\u0131\u015fmaz.<br \/>\n&#8211; Peki tebligat\u0131 ald\u0131\u011f\u0131n\u0131z an ne hissettiniz?<br \/>\n&#8211; \u00c7ok \u00fcz\u00fcld\u00fcm, y\u0131k\u0131ld\u0131m. Resmen kendimi gol yemi\u015f gibi hissettim.<br \/>\n&#8211; G\u00f6revden al\u0131nd\u0131ktan sonra ilk kimi arad\u0131n\u0131z?<br \/>\n&#8211; \u0130lk arad\u0131\u011f\u0131m ki\u015fi, Adana&#8217;da bulunan teyzem Nazik Han\u0131m oldu. Annemi kaybetti\u011fim i\u00e7in o anne yar\u0131md\u0131r. Onu arad\u0131m, dertle\u015ftim.<br \/>\n&#8211; Nazik teyzenize ne dediniz peki? O size ne dedi?<br \/>\n&#8211; L\u00fctfen bu teyzemle bizim aram\u0131zda kals\u0131n.<br \/>\n&#8211; Bu bekledi\u011finiz bir g\u00f6revden al\u0131nma m\u0131yd\u0131? Yetkilerinizin al\u0131nmas\u0131nda sizi en \u00e7ok ne \u00fczd\u00fc?<br \/>\n&#8211; Tabii ki yapaca\u011f\u0131m ve y\u00f6netece\u011fim operasyonlar i\u00e7in \u00fcz\u00fcld\u00fcm.<br \/>\n&#8211; Daha \u00f6nce, &#8216;as\u0131l se\u00e7imlerden sonra operasyonlar\u0131n artaca\u011f\u0131n\u0131&#8217; s\u00f6ylemi\u015ftiniz. Biraz da bunlar\u0131n engellenmesi i\u00e7in mi oldu bu durum?<br \/>\n&#8211; Evet g\u00f6revden al\u0131nmam tammen bunun i\u00e7in oldu.<br \/>\n&#8211; Peki bu operasyonlar nerelerle ilgiliydi?<br \/>\n&#8211; Bu operasyonlar \u00f6ncelikle baz\u0131 kamu kurumlar\u0131 ve belediyelerle ilgiliydi.<br \/>\n&#8211; \u0130pucu verebilir misiniz?<br \/>\n&#8211; Yok ipucu veremem.<br \/>\n.. &#8211; Daha \u00f6nceki r\u00f6portajlar\u0131n\u0131zda, \u0130zmir&#8217;in \u00fczerine \u00e7\u00f6ken baz\u0131 kesimlerden insanlar\u0131n hesap \u00f6deme zaman\u0131 geldi\u011fini ve bu ki\u015filere oparasyonun kap\u0131da oldu\u011funu s\u00f6yl\u00fcyordunuz.<br \/>\n&#8211; Evet, bu ki\u015filer i\u00e7in hesap verme zaman\u0131yd\u0131.<br \/>\n&#8211; Peki say\u0131n Savc\u0131m, bundan sonra bu operasyonlar duracak m\u0131, yap\u0131lacak m\u0131?<br \/>\n&#8211; Bu denize ta\u015f atmak gibi bir olay. E\u011fer denize siz atarsan\u0131z, ta\u015f muhtemelen on metre gider. E\u011fer denize ben atarsam ta\u015f\u0131, muhtemelen y\u00fcz metre gider.<br \/>\n&#8211; \u015eimdiye kadar yap\u0131lan operasyonlarda 2 bin 500&#8217;e yak\u0131n ki\u015fi hakk\u0131nda i\u015flem yapt\u0131n\u0131z. E\u011fer operasyonlara devam etseydiniz ka\u00e7 ki\u015fi daha al\u0131nacakt\u0131.<br \/>\n&#8211; Evet devam etseydim, yetkilerim al\u0131nmasayd\u0131, Ege B\u00f6lgesi&#8217;nde 2 binin \u00fczerinde ki\u015fi hakk\u0131nda yasal i\u015flem yapt\u0131racakt\u0131m.<br \/>\n&#8211; G\u00f6revden al\u0131nman\u0131z\u0131n siyasi bir karar oldu\u011fu y\u00f6n\u00fcnde saptamalar\u0131n\u0131z oldu\u011funu s\u00f6yl\u00fcyorsunuz. Biraz daha a\u00e7ar m\u0131s\u0131n\u0131z?<br \/>\n&#8211; Bana \u00f6yle s\u00f6ylendi. Nedenini hi\u00e7 bilmiyorum.<br \/>\n&#8211; Peki nedenini soracak m\u0131s\u0131n\u0131z?<br \/>\n&#8211; Hay\u0131r d\u00fc\u015f\u00fcnm\u00fcyorum.<br \/>\n&#8211; G\u00f6revden \u00e7ekildikten sonra 20 g\u00fcn rapor ald\u0131n\u0131z. Dinlenmek i\u00e7in mi?<br \/>\n&#8211; Sadece karar vermek i\u00e7in ald\u0131m. Dinlenmek i\u00e7in de\u011fil.<br \/>\n&#8211; Karar vermek i\u00e7in rapor ald\u0131\u011f\u0131n\u0131z s\u00fcre i\u00e7inde, alternatiflerinizden biri de istifa etmek anlad\u0131\u011f\u0131m kadar\u0131yla. \u00c7ok gen\u00e7siniz ve mesle\u011finizin en verimli d\u00f6nemindesiniz.<br \/>\n&#8211; \u015eu an d\u00fc\u015f\u00fcnme a\u015famas\u0131nday\u0131m. \u0130stifa karar\u0131 verirsem, birincisi herkesin merak etti\u011fi gibi asla siyasete girmeyece\u011fim. \u0130kincisi, asla avukatl\u0131k yapmayaca\u011f\u0131m. Bu bana yak\u0131\u015fmaz. \u00dc\u00e7\u00fcnc\u00fcs\u00fc de Murat G\u00f6k olarak ne yapabilirim onu d\u00fc\u015f\u00fcnece\u011fim. Ticaret yapamam, g\u00f6rev yapt\u0131\u011f\u0131m \u0130zmir&#8217;de ya\u015fayamam. Bundan sonra ya \u0130stanbul&#8217;da ya da memleketim Adana&#8217;da ya\u015far\u0131m.<br \/>\n&#8211; Peki siz \u0130stanbul&#8217;da ne yapabilirsiniz?<br \/>\n&#8211; \u0130stanbul&#8217;da avukat karde\u015fim var. Yan\u0131na giderim belki.<br \/>\n&#8211; Peki neden avukatl\u0131k yapmazs\u0131n\u0131z?<br \/>\n&#8211; Bu kadar operasyon yapt\u0131ktan sonra avukatl\u0131\u011fa ge\u00e7ersem bana \u00e7ok ki\u015fi gelir. Onlar\u0131 d\u00fcn su\u00e7lam\u0131\u015fken bug\u00fcn savunmak bana yak\u0131\u015fmaz.<br \/>\n&#8211; Bir k\u0131rg\u0131nl\u0131\u011f\u0131n\u0131z var m\u0131?<br \/>\n&#8211; Hem de \u00e7ok k\u0131rg\u0131nl\u0131\u011f\u0131m var.<br \/>\n&#8211; Kimlere?<br \/>\n&#8211; B\u00fcrokrasiye&#8230;<br \/>\n&#8211; Bu kadar operasyon sonras\u0131 bir yandan da halk kahraman\u0131 oldunuz. \u0130nternette yap\u0131lan yorumlardan da bunu g\u00f6r\u00fcyoruz. Hesap sorulabilirli\u011fi g\u00f6sterdiniz. \u00c7ok emek verdi\u011finiz bir \u015feyi b\u0131rakmak zorunda olmak g\u00fcc\u00fcn\u00fcze gidiyor mu?<br \/>\n&#8211; \u00c7ok g\u00fcc\u00fcme gidiyor. \u00c7ok&#8230;<br \/>\n&#8211; Beklemedi\u011finiz tepkiler ald\u0131n\u0131z m\u0131?<br \/>\n&#8211; Pek \u00e7ok ki\u015fiden destek ald\u0131m. Hi\u00e7 ummad\u0131\u011f\u0131m ki\u015filerden de telefonla destek ald\u0131m ve \u015fa\u015f\u0131rd\u0131\u011f\u0131m isimler de oldu.<br \/>\n&#8211; Peki kim bunlar?<br \/>\n&#8211; S\u00f6ylemem do\u011fru olmaz.<br \/>\n&#8211; Anafor Operasyonu \u0130ddianamesi kabul edilmemi\u015f. Bundan sonra davayla ilgili de\u011fi\u015fen bir \u015fey olur mu?\n<\/p>\n<p style=\"text-align: justify;\">&#8211; Yok, de\u011fi\u015fen bir \u015fey olmaz. Dosyada bir tak\u0131m eksiklikler varm\u0131\u015f. Mahkeme eksiklikleri s\u00f6yledi, onlar tamamlan\u0131p yeniden g\u00f6nderilir.<\/p>\n<p style=\"text-align: justify;\"><span style=\"color: #888888;\">ANKA<\/span><\/p>\n","protected":false},"excerpt":{"rendered":"<p style=\"text-align: center;\">\n<p style=\"text-align: center;\">\n<p style=\"text-align: justify;\">\u00d6zel yetkileri al\u0131nan savc\u0131 Murat G\u00f6k, &#8220;E\u011fer g\u00f6revime devam etseydim Ege&#8217;de 2 bin ki\u015fi hakk\u0131nda yasal i\u015flem yapt\u0131racakt\u0131m&#8221; dedi.<\/p>\n<p style=\"text-align: justify;\"> \u0130zmir&#8217;de son 2 y\u0131lda bir\u00e7ok organize su\u00e7 \u00f6rg\u00fct\u00fc ve belediyeye y\u00f6nelik yapt\u0131\u011f\u0131 &#8216;yolsuzluk&#8217; operasyonlar\u0131yla kamuoyunun g\u00fcndemine oturan \u00d6zel Yetkili Cumhuriyet Savc\u0131s\u0131 Murat G\u00f6k, &#8216;soru\u015fturma ve <\/p>\n","protected":false},"author":1,"featured_media":0,"comment_status":"open","ping_status":"closed","sticky":false,"template":"","format":"standard","meta":{"footnotes":""},"categories":[105],"tags":[],"class_list":["post-7997","post","type-post","status-publish","format-standard","hentry","category-gundem","odd"],"_links":{"self":[{"href":"http:\/\/www.korhanyilmaz.com\/index.php?rest_route=\/wp\/v2\/posts\/7997","targetHints":{"allow":["GET"]}}],"collection":[{"href":"http:\/\/www.korhanyilmaz.com\/index.php?rest_route=\/wp\/v2\/posts"}],"about":[{"href":"http:\/\/www.korhanyilmaz.com\/index.php?rest_route=\/wp\/v2\/types\/post"}],"author":[{"embeddable":true,"href":"http:\/\/www.korhanyilmaz.com\/index.php?rest_route=\/wp\/v2\/users\/1"}],"replies":[{"embeddable":true,"href":"http:\/\/www.korhanyilmaz.com\/index.php?rest_route=%2Fwp%2Fv2%2Fcomments&post=7997"}],"version-history":[{"count":0,"href":"http:\/\/www.korhanyilmaz.com\/index.php?rest_route=\/wp\/v2\/posts\/7997\/revisions"}],"wp:attachment":[{"href":"http:\/\/www.korhanyilmaz.com\/index.php?rest_route=%2Fwp%2Fv2%2Fmedia&parent=7997"}],"wp:term":[{"taxonomy":"category","embeddable":true,"href":"http:\/\/www.korhanyilmaz.com\/index.php?rest_route=%2Fwp%2Fv2%2Fcategories&post=7997"},{"taxonomy":"post_tag","embeddable":true,"href":"http:\/\/www.korhanyilmaz.com\/index.php?rest_route=%2Fwp%2Fv2%2Ftags&post=7997"}],"curies":[{"name":"wp","href":"https:\/\/api.w.org\/{rel}","templated":true}]}}