{"id":7988,"date":"2009-04-09T17:28:33","date_gmt":"2009-04-09T14:28:33","guid":{"rendered":"http:\/\/www.korhanyilmaz.com\/?p=7988"},"modified":"2009-04-09T17:28:33","modified_gmt":"2009-04-09T14:28:33","slug":"huzurlu-yasama-atis-serbest","status":"publish","type":"post","link":"http:\/\/www.korhanyilmaz.com\/?p=7988","title":{"rendered":"&#039;Huzurlu ya\u015fam&#039;a at\u0131\u015f serbest!"},"content":{"rendered":"<p style=\"text-align: center;\"><img loading=\"lazy\" decoding=\"async\" class=\"aligncenter size-full wp-image-7989\" title=\"Vali Celaletten G\u00fcven\u00e7 \" src=\"http:\/\/www.korhanyilmaz.com\/wp-content\/uploads\/2009\/04\/fft28_mf152867.jpeg\" alt=\"Vali Celaletten G\u00fcven\u00e7 \" width=\"306\" height=\"204\" \/><\/p>\n<p style=\"text-align: justify;\"><strong>Turgutlu Huzurlu Ya\u015fam\u0131 Destekleme Derne\u011fi&#8217;nden tabanca at\u0131\u015f yar\u0131\u015fmas\u0131 yapt\u0131. \u0130lk at\u0131\u015f\u0131 Vali Celaletten G\u00fcven\u00e7 ger\u00e7ekle\u015ftirdi.<\/strong><\/p>\n<p style=\"text-align: justify;\">Turgutlu Huzurlu Ya\u015fam\u0131 Destekleme Derne\u011fi taraf\u0131ndan, Polis Te\u015fkilat\u0131&#8217;n\u0131n 164&#8217;\u00fcnc\u00fc kurulu\u015f y\u0131ld\u00f6n\u00fcm\u00fc nedeniyle \u00f6d\u00fcll\u00fc tabanca at\u0131\u015flar\u0131 yar\u0131\u015fmas\u0131 d\u00fczenlendi.<br \/>\nTurgutlu \u0130l\u00e7e Emniyet M\u00fcd\u00fcrl\u00fc\u011f\u00fc Irlamaz At\u0131\u015f sahas\u0131nda yap\u0131lan yar\u0131\u015fmada ilk at\u0131\u015f\u0131 Manisa Valisi Celalettin G\u00fcven\u00e7 yapt\u0131. \u0130kinci at\u0131\u015f\u0131 yapan Turgutlu Belediye Ba\u015fkan\u0131 Serhat Orhan, Vali G\u00fcven\u00e7 gibi hedefe isabet ettirdi. Turgutlu Emniyet M\u00fcd\u00fcr\u00fc Nesim Gezer, 12 Nisan Pazar g\u00fcn\u00fcne kadar devam edecek tabanca at\u0131\u015flar\u0131 yar\u0131\u015fmas\u0131na, polislerin yan\u0131 s\u0131ra ruhsat\u0131 bulunan sivillerin de kat\u0131labilece\u011fini s\u00f6yledi. <!--more--><br \/>\nGezer, polis te\u015fkilat\u0131na yard\u0131m amac\u0131yla kurulan, ba\u015fkanl\u0131\u011f\u0131n\u0131 Cengiz \u00c7\u0131k\u0131k\u00e7\u0131&#8217;n\u0131n yapt\u0131\u011f\u0131 Turgutlu Huzurlu Ya\u015fam\u0131 Destekleme Derne\u011fi taraf\u0131ndan d\u00fczenlenen \u00f6d\u00fcll\u00fc yar\u0131\u015fa g\u00f6sterilen ilgiden son derece memnun oldu\u011funu belirtti.\n<\/p>\n<p style=\"text-align: justify;\">Yar\u0131\u015fmaya kat\u0131lmak isteyenlerin 10 at\u0131\u015f kar\u015f\u0131l\u0131\u011f\u0131 20 lira \u00f6dedi\u011fi ve elde edilen gelirin yeni yap\u0131lan lokale malzeme al\u0131m\u0131nda kullan\u0131laca\u011f\u0131 belirtildi. Yar\u0131\u015fman\u0131n sonunda dereceye girenlere \u00f6d\u00fcl olarak da tabanca verilece\u011fi a\u00e7\u0131kland\u0131.<\/p>\n<p style=\"text-align: justify;\"><span style=\"color: #888888;\">Kaynak : Radikal<\/span><\/p>\n","protected":false},"excerpt":{"rendered":"<p style=\"text-align: center;\">\n<p style=\"text-align: justify;\">Turgutlu Huzurlu Ya\u015fam\u0131 Destekleme Derne\u011fi&#8217;nden tabanca at\u0131\u015f yar\u0131\u015fmas\u0131 yapt\u0131. \u0130lk at\u0131\u015f\u0131 Vali Celaletten G\u00fcven\u00e7 ger\u00e7ekle\u015ftirdi.<\/p>\n<p style=\"text-align: justify;\">Turgutlu Huzurlu Ya\u015fam\u0131 Destekleme Derne\u011fi taraf\u0131ndan, Polis Te\u015fkilat\u0131&#8217;n\u0131n 164&#8217;\u00fcnc\u00fc kurulu\u015f y\u0131ld\u00f6n\u00fcm\u00fc nedeniyle \u00f6d\u00fcll\u00fc tabanca at\u0131\u015flar\u0131 yar\u0131\u015fmas\u0131 d\u00fczenlendi. Turgutlu \u0130l\u00e7e Emniyet M\u00fcd\u00fcrl\u00fc\u011f\u00fc Irlamaz At\u0131\u015f sahas\u0131nda yap\u0131lan yar\u0131\u015fmada ilk at\u0131\u015f\u0131 Manisa Valisi Celalettin G\u00fcven\u00e7 yapt\u0131. <\/p>\n","protected":false},"author":1,"featured_media":0,"comment_status":"open","ping_status":"closed","sticky":false,"template":"","format":"standard","meta":{"footnotes":""},"categories":[105],"tags":[],"class_list":["post-7988","post","type-post","status-publish","format-standard","hentry","category-gundem","odd"],"_links":{"self":[{"href":"http:\/\/www.korhanyilmaz.com\/index.php?rest_route=\/wp\/v2\/posts\/7988","targetHints":{"allow":["GET"]}}],"collection":[{"href":"http:\/\/www.korhanyilmaz.com\/index.php?rest_route=\/wp\/v2\/posts"}],"about":[{"href":"http:\/\/www.korhanyilmaz.com\/index.php?rest_route=\/wp\/v2\/types\/post"}],"author":[{"embeddable":true,"href":"http:\/\/www.korhanyilmaz.com\/index.php?rest_route=\/wp\/v2\/users\/1"}],"replies":[{"embeddable":true,"href":"http:\/\/www.korhanyilmaz.com\/index.php?rest_route=%2Fwp%2Fv2%2Fcomments&post=7988"}],"version-history":[{"count":0,"href":"http:\/\/www.korhanyilmaz.com\/index.php?rest_route=\/wp\/v2\/posts\/7988\/revisions"}],"wp:attachment":[{"href":"http:\/\/www.korhanyilmaz.com\/index.php?rest_route=%2Fwp%2Fv2%2Fmedia&parent=7988"}],"wp:term":[{"taxonomy":"category","embeddable":true,"href":"http:\/\/www.korhanyilmaz.com\/index.php?rest_route=%2Fwp%2Fv2%2Fcategories&post=7988"},{"taxonomy":"post_tag","embeddable":true,"href":"http:\/\/www.korhanyilmaz.com\/index.php?rest_route=%2Fwp%2Fv2%2Ftags&post=7988"}],"curies":[{"name":"wp","href":"https:\/\/api.w.org\/{rel}","templated":true}]}}