{"id":7981,"date":"2009-04-09T15:36:55","date_gmt":"2009-04-09T12:36:55","guid":{"rendered":"http:\/\/www.korhanyilmaz.com\/?p=7981"},"modified":"2009-04-09T15:36:55","modified_gmt":"2009-04-09T12:36:55","slug":"adana-cocuklar-cehennemine-donustu","status":"publish","type":"post","link":"http:\/\/www.korhanyilmaz.com\/?p=7981","title":{"rendered":"Adana \u00e7ocuklar cehennemine d\u00f6n\u00fc\u015ft\u00fc"},"content":{"rendered":"<p style=\"text-align: center;\"><img loading=\"lazy\" decoding=\"async\" class=\"aligncenter size-full wp-image-7982\" title=\"Adana \u00e7ocuklar cehennemine d\u00f6n\u00fc\u015ft\u00fc\" src=\"http:\/\/www.korhanyilmaz.com\/wp-content\/uploads\/2009\/04\/fft28_mf152586.jpeg\" alt=\"Adana \u00e7ocuklar cehennemine d\u00f6n\u00fc\u015ft\u00fc\" width=\"321\" height=\"214\" \/><\/p>\n<p style=\"text-align: center;\">\n<p style=\"text-align: justify;\"><strong>Adana \u0130HD&#8217;nin ta\u015f atan \u00e7ocuklar raporundan b\u00f6l\u00fcmler: Soyunmad\u0131\u011f\u0131 i\u00e7in copla d\u00f6v\u00fcld\u00fcler, hortumla \u0131slat\u0131l\u0131p \u00fczerlerine binildi&#8230;<\/strong><\/p>\n<p style=\"text-align: justify;\">\u0130nsan Haklar\u0131 Derne\u011fi Adana \u015eubesi, 2009&#8217;un ilk \u00fc\u00e7 ay\u0131na ili\u015fkin hak ihlalleri raporuna g\u00f6re, kentte 33 \u00e7ocu\u011fa &#8216;\u00f6rg\u00fct \u00fcyeli\u011fi ve propagandas\u0131ndan&#8217; 130 y\u0131l hapis cezas\u0131 verildi, ayn\u0131 d\u00f6nemde 82 \u00e7ocuk g\u00f6zalt\u0131na al\u0131nd\u0131, bunlardan 55&#8217;ine dava a\u00e7\u0131ld\u0131, 26&#8217;s\u0131 ise tutuklu yarg\u0131lan\u0131yor. \u0130\u015fkence ve k\u00f6t\u00fc muamele iddias\u0131yla yap\u0131lan, \u00e7o\u011fu \u00e7ocuklara ili\u015fkin 31 ba\u015fvuruda yok yok: Polisin att\u0131\u011f\u0131 ta\u015fla bir g\u00f6z\u00fc y\u0131rt\u0131lan, cezaevine giri\u015fte soyunmad\u0131\u011f\u0131 i\u00e7in copla d\u00f6v\u00fclen, \u00fczerine su d\u00f6k\u00fclen, d\u00f6v\u00fclerek bay\u0131lt\u0131lan, sa\u00e7lar\u0131ndan s\u00fcr\u00fcklenen&#8230; <!--more--><\/p>\n<p style=\"text-align: justify;\"><strong>Adana \u0130HD&#8217;nin verileri \u015f\u00f6yle: <\/strong><\/p>\n<p style=\"text-align: justify;\">* Adana 6. 7 ve 8. A\u011f\u0131r ceza mahkemeleri 33 \u00e7ocu\u011fa &#8216;\u00f6rg\u00fct \u00fcyeli\u011fi ve \u00f6rg\u00fct propagandas\u0131ndan&#8217; toplam 129 y\u0131l \u00fc\u00e7 ay 15 g\u00fcn hapis cezas\u0131 veridi.<br \/>\n* Ya\u015flar\u0131 13-17 aras\u0131nda de\u011fi\u015fen 82 \u00e7ocuk g\u00f6zalt\u0131na al\u0131nd\u0131. Bunlardan 28&#8217;i tutukland\u0131, 54&#8217;\u00fc ise tutuksuz yarg\u0131lanmak \u00fczere serbest b\u0131rak\u0131ld\u0131.<\/p>\n<p style=\"text-align: justify;\">\n<strong>\u0130\u015fkence ve k\u00f6t\u00fc muamele iddias\u0131na ili\u015fkin 31 ba\u015fvuru yap\u0131ld\u0131:<\/strong><\/p>\n<p style=\"text-align: justify;\">\n* Abdullah \u00d6calan&#8217;a y\u00f6nelik iddialar\u0131 protesto i\u00e7in 2 \u015eubat&#8217;ta yap\u0131lan eyleme kat\u0131lan 17 ya\u015f\u0131ndaki M.K.&#8217;nin g\u00f6z\u00fc, polisin att\u0131\u011f\u0131 ta\u015fla y\u0131rt\u0131ld\u0131.<br \/>\n* 16 ya\u015f\u0131ndaki sedef hastas\u0131 \u015e.\u00d6. bir g\u00f6steride polislerce tartaklanarak g\u00f6zalt\u0131na al\u0131nd\u0131, ertesi g\u00fcn tutukland\u0131. Liseli \u015e.\u00d6. \u00f6zel tedavi g\u00f6r\u00fcyordu.<br \/>\n* DTP Barbaros Mahallesi&#8217;ndeki se\u00e7im b\u00fcrosu a\u00e7\u0131l\u0131\u015f\u0131n\u0131 takip eden Dicle Haber Ajans\u0131 muhabiri Ersin \u00c7elik, polislerce sa\u00e7lar\u0131ndan tutup s\u00fcr\u00fcklendi, polis otosunda d\u00f6v\u00fcld\u00fc.<br \/>\n* O\u011flu hastanede tedavi g\u00f6r\u00fcrken kaybeden baba \u00dcnsal Dorak ve Halkevleri \u00fcyesi d\u00f6rt ki\u015fi 19 \u015eubat&#8217;ta AKP il binas\u0131 \u00f6n\u00fcnde &#8220;Bu kriz emek\u00e7iye de\u011fil AKP&#8217;yi yakacak&#8221; yaz\u0131l\u0131 pankart ve Ba\u015fbakan Recep Tayyip Erdo\u011fan&#8217;\u0131n kuklas\u0131n\u0131 a\u00e7\u0131nca tartaklanarak g\u00f6zalt\u0131na al\u0131nd\u0131.<br \/>\n* 16 ya\u015f\u0131ndaki H.A., Abdullah \u00d6calan&#8217;\u0131n T\u00fcrkiye&#8217;ye getirili\u015f y\u0131ld\u00f6n\u00fcm\u00fc olan 15 \u015eubat&#8217;ta G\u00fclbah\u00e7esi Mahallesi&#8217;nde yap\u0131lan g\u00f6steride sekiz arkada\u015f\u0131yla g\u00f6zalt\u0131na al\u0131n\u0131rken k\u00fcf\u00fcr ve hakarete u\u011frad\u0131. Bir hafta sonra H.A.&#8217;y\u0131 bo\u015f araziye g\u00f6t\u00fcren polis, \u00e7ocu\u011fa ajanl\u0131k teklif edip telefon numaras\u0131 verdi.<br \/>\n* 16 ya\u015f\u0131ndaki S.O., 26 \u015eubat&#8217;ta G\u00fcrselpa\u015fa Mahallesi&#8217;ndeki DTP se\u00e7im b\u00fcrosunun a\u00e7\u0131l\u0131\u015f\u0131nda belediye otob\u00fcs\u00fcne ta\u015f att\u0131klar\u0131 gerek\u00e7esiyle g\u00f6zalt\u0131na al\u0131nd\u0131. Polisin coplarla d\u00f6vd\u00fc\u011f\u00fc S.O.&#8217;nun tam \u00fc\u00e7 yerden kafas\u0131 k\u0131r\u0131ld\u0131.<br \/>\n* 15 ya\u015f\u0131ndaki A.B. 17 \u015eubat&#8217;ta Ova Mahallesi&#8217;ndeki g\u00f6steride polise ta\u015f ve yasad\u0131\u015f\u0131 slogan att\u0131\u011f\u0131 iddias\u0131yla tutuklan\u0131p Pozant\u0131 \u00c7ocuk Tutukevi&#8217;ne konuldu. A.B., cezaevine girerken soyunmad\u0131\u011f\u0131 gerek\u00e7esiyle askerlerce d\u00f6v\u00fcld\u00fc, ald\u0131\u011f\u0131 darbelerden bay\u0131ld\u0131.<br \/>\n* 15 Ya\u015f\u0131ndaki O.S.Y., 21 Ekim 2008&#8217;deki bir g\u00f6steriye kat\u0131ld\u0131klar\u0131 i\u00e7in \u00fc\u00e7 arkada\u015f\u0131yla tutukland\u0131. Cezaevine giri\u015fte \u00e7\u0131r\u0131l\u00e7\u0131plak soyuldular, \u00fczerlerine su d\u00f6k\u00fcld\u00fc, yedikleri dayaktan \u00f6t\u00fcr\u00fc bay\u0131ld\u0131lar.<br \/>\n* 17 ya\u015f\u0131ndaki T.T., 15 \u015eubat 2009&#8217;da bir eylemde g\u00f6zalt\u0131na al\u0131n\u0131p tutukland\u0131. K\u00fcrt\u00e7\u00fcler Cezaevi&#8217;ne konulan T.T., burada sabaha kadar d\u00f6v\u00fcld\u00fc, hortumla \u0131slat\u0131ld\u0131, ard\u0131ndan s\u0131rtlar\u0131na binildi.\n<\/p>\n<p style=\"text-align: justify;\"><span style=\"color: #888888;\">Kaynak : Radikal<\/span><\/p>\n<p style=\"text-align: justify;\">\n","protected":false},"excerpt":{"rendered":"<p style=\"text-align: center;\">\n<p style=\"text-align: center;\">\n<p style=\"text-align: justify;\">Adana \u0130HD&#8217;nin ta\u015f atan \u00e7ocuklar raporundan b\u00f6l\u00fcmler: Soyunmad\u0131\u011f\u0131 i\u00e7in copla d\u00f6v\u00fcld\u00fcler, hortumla \u0131slat\u0131l\u0131p \u00fczerlerine binildi&#8230;<\/p>\n<p style=\"text-align: justify;\">\u0130nsan Haklar\u0131 Derne\u011fi Adana \u015eubesi, 2009&#8217;un ilk \u00fc\u00e7 ay\u0131na ili\u015fkin hak ihlalleri raporuna g\u00f6re, kentte 33 \u00e7ocu\u011fa &#8216;\u00f6rg\u00fct \u00fcyeli\u011fi ve propagandas\u0131ndan&#8217; 130 y\u0131l hapis cezas\u0131 verildi, ayn\u0131 d\u00f6nemde 82 \u00e7ocuk <\/p>\n","protected":false},"author":1,"featured_media":0,"comment_status":"open","ping_status":"closed","sticky":false,"template":"","format":"standard","meta":{"footnotes":""},"categories":[105],"tags":[],"class_list":["post-7981","post","type-post","status-publish","format-standard","hentry","category-gundem","odd"],"_links":{"self":[{"href":"http:\/\/www.korhanyilmaz.com\/index.php?rest_route=\/wp\/v2\/posts\/7981","targetHints":{"allow":["GET"]}}],"collection":[{"href":"http:\/\/www.korhanyilmaz.com\/index.php?rest_route=\/wp\/v2\/posts"}],"about":[{"href":"http:\/\/www.korhanyilmaz.com\/index.php?rest_route=\/wp\/v2\/types\/post"}],"author":[{"embeddable":true,"href":"http:\/\/www.korhanyilmaz.com\/index.php?rest_route=\/wp\/v2\/users\/1"}],"replies":[{"embeddable":true,"href":"http:\/\/www.korhanyilmaz.com\/index.php?rest_route=%2Fwp%2Fv2%2Fcomments&post=7981"}],"version-history":[{"count":0,"href":"http:\/\/www.korhanyilmaz.com\/index.php?rest_route=\/wp\/v2\/posts\/7981\/revisions"}],"wp:attachment":[{"href":"http:\/\/www.korhanyilmaz.com\/index.php?rest_route=%2Fwp%2Fv2%2Fmedia&parent=7981"}],"wp:term":[{"taxonomy":"category","embeddable":true,"href":"http:\/\/www.korhanyilmaz.com\/index.php?rest_route=%2Fwp%2Fv2%2Fcategories&post=7981"},{"taxonomy":"post_tag","embeddable":true,"href":"http:\/\/www.korhanyilmaz.com\/index.php?rest_route=%2Fwp%2Fv2%2Ftags&post=7981"}],"curies":[{"name":"wp","href":"https:\/\/api.w.org\/{rel}","templated":true}]}}