{"id":7976,"date":"2009-04-09T15:52:19","date_gmt":"2009-04-09T12:52:19","guid":{"rendered":"http:\/\/www.korhanyilmaz.com\/?p=7976"},"modified":"2009-04-09T15:52:19","modified_gmt":"2009-04-09T12:52:19","slug":"olduren-polis-darbesine-5-yil-hapis","status":"publish","type":"post","link":"http:\/\/www.korhanyilmaz.com\/?p=7976","title":{"rendered":"\u00d6ld\u00fcren polis darbesine 5 y\u0131l hapis"},"content":{"rendered":"<p style=\"text-align: center;\"><img loading=\"lazy\" decoding=\"async\" class=\"aligncenter size-full wp-image-7977\" title=\"\u00d6ld\u00fcren polis darbesine 5 y\u0131l hapis \" src=\"http:\/\/www.korhanyilmaz.com\/wp-content\/uploads\/2009\/04\/ea9d7d9cfa88ac439018e5dax.jpg\" alt=\"\u00d6ld\u00fcren polis darbesine 5 y\u0131l hapis \" width=\"332\" height=\"175\" \/><\/p>\n<p style=\"text-align: justify;\">Avc\u0131lar&#8217;da bir parkta tart\u0131\u015ft\u0131\u011f\u0131 Feyzullah Ete&#8217;nin \u00f6l\u00fcm\u00fcne sebebiyet verdi\u011fi gerek\u00e7esiyle yarg\u0131lanan polis memuru Ali Mutlu, 5 y\u0131l hapis cezas\u0131na \u00e7arpt\u0131r\u0131ld\u0131.<\/p>\n<p style=\"text-align: justify;\">Bak\u0131rk\u00f6y 10. A\u011f\u0131r Ceza Mahkemesi&#8217;ndeki duru\u015fmaya, tutuksuz yarg\u0131lanan san\u0131k polis memuru Mutlu ile avukatlar\u0131 Ali \u00c7elik ve Halil \u0130brahim Koca, m\u00fc\u015fteki san\u0131k Ali Yavuz Oturak\u00e7\u0131 kat\u0131ld\u0131. Feyzullah Ete&#8217;nin babas\u0131 Fettullah ve annesi Hayriye Ete de \u015fikayet\u00e7i olarak avukatlar\u0131 Murat Nas ile birlikte duru\u015fmada haz\u0131r bulundu.<!--more--><\/p>\n<p style=\"text-align: justify;\">San\u0131k avukat\u0131 Koca, emsal te\u015fkil etmek \u00fczere Yarg\u0131tay Ceza Genel Kurulu kararlar\u0131n\u0131n bulundu\u011fu bir dosyay\u0131 mahkeme heyetine sundu.<\/p>\n<p style=\"text-align: justify;\">Ayn\u0131 san\u0131\u011f\u0131n di\u011fer avukat\u0131 \u00c7elik de m\u00fcvekkilinin maktule hi\u00e7bir etkili eylemde bulunmad\u0131\u011f\u0131n\u0131 \u00f6ne s\u00fcrerek, alkol\u00fcn etkisiyle sald\u0131ran Ete&#8217;nin olay s\u0131ras\u0131nda Mutlu ile birlikte yere d\u00fc\u015ft\u00fc\u011f\u00fcn\u00fc savundu.<\/p>\n<p style=\"text-align: justify;\">Adli T\u0131p Kurumu&#8217;nca haz\u0131rlanan raporda, uzmanlar\u0131n &#8221;\u00f6len ki\u015finin g\u00f6\u011fs\u00fcndeki izin verilen elektro\u015fok cihaz\u0131yla olu\u015fabilece\u011fini&#8221; belirtti\u011fini vurgulayan \u00c7elik, raporda Ete&#8217;nin \u00f6l\u00fcm nedenleri aras\u0131nda bunun detayl\u0131 bir \u015fekilde anlat\u0131ld\u0131\u011f\u0131n\u0131 ifade etti.<\/p>\n<p style=\"text-align: justify;\">M\u00fcvekkilinin Ete&#8217;ye kimlik sormas\u0131yla g\u00f6rev s\u0131n\u0131rlar\u0131n\u0131 a\u015fmad\u0131\u011f\u0131n\u0131 da belirten \u00c7elik, Ali Mutlu&#8217;nun beraat\u0131n\u0131 istedi.<\/p>\n<p style=\"text-align: justify;\">Ete ailesinin avukat\u0131 Nas ise san\u0131\u011f\u0131n &#8221;kasten adam \u00f6ld\u00fcrmek&#8221; su\u00e7undan cezaland\u0131r\u0131lmas\u0131n\u0131 talep etti.<\/p>\n<p style=\"text-align: justify;\">&#8221;Memura mukavemet&#8221; su\u00e7undan hakk\u0131nda kamu davas\u0131 a\u00e7\u0131lan Oturak\u00e7\u0131 ise olay\u0131n ma\u011fduru olduklar\u0131n\u0131 ifade ederek, &#8221;Bu olay ya\u015fand\u0131ktan sonra s\u00fcrekli olarak emniyet g\u00fc\u00e7lerince kar\u015f\u0131la\u015f\u0131r hale geldim&#8221; dedi.<br \/>\n<strong><br \/>\nKARAR<br \/>\n<\/strong><br \/>\nVerilen aran\u0131n ard\u0131ndan davay\u0131 karara ba\u011flayan mahkeme heyeti, m\u00fc\u015fteki san\u0131k Oturak\u00e7\u0131&#8217;n\u0131n beraat\u0131n\u0131 kararla\u015ft\u0131rd\u0131.\n<\/p>\n<p style=\"text-align: justify;\">San\u0131k polis memuru Mutlu&#8217;ya ise Oturak\u00e7\u0131&#8217;ya y\u00f6nelik yaralama eyleminden dolay\u0131 4 ay hapis cezas\u0131 veren mahkeme heyeti, bu cezay\u0131 a\u00e7\u0131klamay\u0131 erteleyerek, Mutlu&#8217;nun 5 y\u0131l denetim s\u00fcresine tabi tutulmas\u0131n\u0131 kararla\u015ft\u0131rd\u0131.<\/p>\n<p style=\"text-align: justify;\">Mahkeme heyeti, Feyzullah Ete&#8217;ye y\u00f6nelik &#8221;yaralama sonucu \u00f6l\u00fcme sebebiyet vermek&#8221; su\u00e7undan dolay\u0131 ise &#8221;tahrik ve kamu g\u00f6revlisi olmas\u0131n\u0131 da dikkate alarak&#8221; Mutlu&#8217;ya 5 y\u0131l hapis cezas\u0131 verdi.<br \/>\n<strong><br \/>\nKARARA TEPK\u0130<br \/>\n<\/strong><br \/>\nFetullah ve Hayriye Ete \u00e7iftinin avukat\u0131 Murat Nas, duru\u015fman\u0131n ard\u0131ndan gazetecilere yapt\u0131\u011f\u0131 a\u00e7\u0131klamada, karar\u0131 Yarg\u0131tay&#8217;da temyiz edeceklerini belirterek, &#8221;Yaz\u0131kt\u0131r. Hakimler, cezadaki indirim haklar\u0131n\u0131 \u00e7ok c\u00f6mert\u00e7e kulland\u0131lar&#8221; diye konu\u015ftu.Bu arada, Feyzullah Ete&#8217;nin e\u015fi Necla Ete ile 4 ya\u015f\u0131ndaki k\u0131z\u0131 Burcu da duru\u015fmay\u0131 izleyenler aras\u0131nda yer ald\u0131.<br \/>\n<strong><br \/>\n\u0130DD\u0130ANAMEDEN<\/strong>\n<\/p>\n<p style=\"text-align: justify;\">Bak\u0131rk\u00f6y Cumhuriyet Savc\u0131l\u0131\u011f\u0131nca haz\u0131rlanan iddianamede, san\u0131k polis memuru Ali Mutlu&#8217;nun, 21 Kas\u0131m 2007 tarihinde Avc\u0131lar&#8217;daki parkta m\u00fc\u015fteki san\u0131k Ali Yavuz Oturak\u00e7\u0131 ile i\u00e7ki i\u00e7en Feyzullah Ete&#8217;nin g\u00f6\u011f\u00fcs b\u00f6lgesine tekme att\u0131\u011f\u0131 anlat\u0131l\u0131yordu.<\/p>\n<p style=\"text-align: justify;\">\u0130ddianamede, Ete&#8217;nin ilk muayenesini yapan hastane g\u00f6revlilerinin, g\u00f6\u011f\u00fcs b\u00f6lgesinde yeniden canland\u0131rma i\u015flemi yap\u0131lmadan k\u0131zar\u0131kl\u0131k g\u00f6rd\u00fckleri beyan\u0131nda bulunduklar\u0131 belirtiliyordu.<\/p>\n<p style=\"text-align: justify;\"><span style=\"color: #888888;\">Kaynak : Sabah<\/span><\/p>\n","protected":false},"excerpt":{"rendered":"<p style=\"text-align: center;\">\n<p style=\"text-align: justify;\">Avc\u0131lar&#8217;da bir parkta tart\u0131\u015ft\u0131\u011f\u0131 Feyzullah Ete&#8217;nin \u00f6l\u00fcm\u00fcne sebebiyet verdi\u011fi gerek\u00e7esiyle yarg\u0131lanan polis memuru Ali Mutlu, 5 y\u0131l hapis cezas\u0131na \u00e7arpt\u0131r\u0131ld\u0131.<\/p>\n<p style=\"text-align: justify;\">Bak\u0131rk\u00f6y 10. A\u011f\u0131r Ceza Mahkemesi&#8217;ndeki duru\u015fmaya, tutuksuz yarg\u0131lanan san\u0131k polis memuru Mutlu ile avukatlar\u0131 Ali \u00c7elik ve Halil \u0130brahim Koca, m\u00fc\u015fteki san\u0131k Ali Yavuz Oturak\u00e7\u0131 kat\u0131ld\u0131. Feyzullah Ete&#8217;nin <\/p>\n","protected":false},"author":1,"featured_media":0,"comment_status":"open","ping_status":"closed","sticky":false,"template":"","format":"standard","meta":{"footnotes":""},"categories":[105],"tags":[],"class_list":["post-7976","post","type-post","status-publish","format-standard","hentry","category-gundem","odd"],"_links":{"self":[{"href":"http:\/\/www.korhanyilmaz.com\/index.php?rest_route=\/wp\/v2\/posts\/7976","targetHints":{"allow":["GET"]}}],"collection":[{"href":"http:\/\/www.korhanyilmaz.com\/index.php?rest_route=\/wp\/v2\/posts"}],"about":[{"href":"http:\/\/www.korhanyilmaz.com\/index.php?rest_route=\/wp\/v2\/types\/post"}],"author":[{"embeddable":true,"href":"http:\/\/www.korhanyilmaz.com\/index.php?rest_route=\/wp\/v2\/users\/1"}],"replies":[{"embeddable":true,"href":"http:\/\/www.korhanyilmaz.com\/index.php?rest_route=%2Fwp%2Fv2%2Fcomments&post=7976"}],"version-history":[{"count":0,"href":"http:\/\/www.korhanyilmaz.com\/index.php?rest_route=\/wp\/v2\/posts\/7976\/revisions"}],"wp:attachment":[{"href":"http:\/\/www.korhanyilmaz.com\/index.php?rest_route=%2Fwp%2Fv2%2Fmedia&parent=7976"}],"wp:term":[{"taxonomy":"category","embeddable":true,"href":"http:\/\/www.korhanyilmaz.com\/index.php?rest_route=%2Fwp%2Fv2%2Fcategories&post=7976"},{"taxonomy":"post_tag","embeddable":true,"href":"http:\/\/www.korhanyilmaz.com\/index.php?rest_route=%2Fwp%2Fv2%2Ftags&post=7976"}],"curies":[{"name":"wp","href":"https:\/\/api.w.org\/{rel}","templated":true}]}}