{"id":7946,"date":"2009-04-09T17:43:29","date_gmt":"2009-04-09T14:43:29","guid":{"rendered":"http:\/\/www.korhanyilmaz.com\/?p=7946"},"modified":"2009-04-09T17:43:29","modified_gmt":"2009-04-09T14:43:29","slug":"ergenekonda-cok-ilginc-iddia","status":"publish","type":"post","link":"http:\/\/www.korhanyilmaz.com\/?p=7946","title":{"rendered":"Ergenekon&#039;da \u00e7ok ilgin\u00e7 iddia!.."},"content":{"rendered":"<p style=\"text-align: center;\"><img loading=\"lazy\" decoding=\"async\" class=\"aligncenter size-full wp-image-7947\" title=\"Ergenekon'da \u00e7ok ilgin\u00e7 iddia!.. \" src=\"http:\/\/www.korhanyilmaz.com\/wp-content\/uploads\/2009\/04\/090420091743515336167.jpg\" alt=\"Ergenekon'da \u00e7ok ilgin\u00e7 iddia!.. \" width=\"329\" height=\"210\" \/><\/p>\n<p style=\"text-align: justify;\">\n<p style=\"text-align: justify;\"><strong>San\u0131k \u00dcmit O\u011fuztan, M\u0130T&#8217;in g\u00f6nderdi\u011fi \u00f6ne s\u00fcr\u00fclen CD&#8217;deki i\u015fkence yap\u0131lan ki\u015finin kendisi oldu\u011funu savunurken, Kemal Kerin\u00e7siz ise ayn\u0131 davada 3 san\u0131k i\u00e7in &#8220;Birlikte 100 metre yol y\u00fcr\u00fcmem&#8221; dedi<\/strong>.<\/p>\n<p style=\"text-align: justify;\">&#8216;Ergenekon&#8217; davas\u0131n\u0131n tutuklu san\u0131klar\u0131ndan avukat Kemal Kerin\u00e7siz, di\u011fer san\u0131klar &#8216;Oktay Y\u0131ld\u0131r\u0131m, Behi\u00e7 G\u00fcrcihan ve Bekir \u00d6zt\u00fcrk ile ili\u015fkilerinin son derece k\u00f6t\u00fc oldu\u011funu&#8217; ifade ederek, &#8216;Birlikte 100 metre yol y\u00fcr\u00fcyemeyiz. Zaruretten ayn\u0131 \u00e7at\u0131 alt\u0131nda bulunuyoruz. Burada \u00f6rg\u00fct ili\u015fkisi aramak zorlamad\u0131r&#8217; dedi.<\/p>\n<p style=\"text-align: justify;\">\u0130stanbul 13. A\u011f\u0131r Ceza Mahkemesi&#8217;nde g\u00f6r\u00fclen duru\u015fmada savunmas\u0131na devam eden Kemal Kerin\u00e7siz, iddianamede yer alan\u0131n aksine 28 Ekim 2005&#8217;te Fener Rum Patrikhanesi&#8217;nin Yunanistan&#8217;a g\u00f6nderilmesi i\u00e7in yapt\u0131klar\u0131 etkinli\u011fe Veli K\u00fc\u00e7\u00fck ile Muzaffer Tekin&#8217;in kat\u0131lmad\u0131\u011f\u0131n\u0131 s\u00f6yledi.<!--more--><\/p>\n<p style=\"text-align: justify;\">Bu tarihte K\u00fc\u00e7\u00fck ile Tekin&#8217;i tan\u0131mad\u0131\u011f\u0131n\u0131 ifade eden Kerin\u00e7siz,  etkinlikte san\u0131klardan Sevgi Erenerol&#8217;un bulundu\u011funu anlatt\u0131.<\/p>\n<p style=\"text-align: justify;\">Kerin\u00e7siz, &#8216;Dan\u0131\u015ftay sald\u0131r\u0131s\u0131n\u0131 da Frans\u0131z Konsoloslu\u011fu \u00f6n\u00fcnde, s\u00f6zde Ermeni soyk\u0131r\u0131m\u0131n\u0131n Frans\u0131z meclisinde kabul edilmesini protesto etmek i\u00e7in yapt\u0131klar\u0131 etkinlikte bir bas\u0131n mensubundan \u00f6\u011frendi\u011fini&#8217; ifade ederek, sald\u0131r\u0131dan dolay\u0131 b\u00fcy\u00fck \u00fcz\u00fcnt\u00fc duydu\u011funu kaydetti.<\/p>\n<p style=\"text-align: justify;\">Kuvva-i Milliye ve Kuvay\u0131 Milliye 1919 adl\u0131 derneklerle hi\u00e7bir etkinli\u011fe kat\u0131lmad\u0131\u011f\u0131n\u0131 dile getiren Kerin\u00e7siz, sadece Beykoz&#8217;daki T\u00fcrkiye Kuvay\u0131 Milliye M\u00fccahitleri Derne\u011fi&#8217;nin d\u00fczenledi\u011fi bir etkinli\u011fe kat\u0131ld\u0131\u011f\u0131n\u0131 anlatt\u0131.<\/p>\n<p style=\"text-align: justify;\"><strong>-&#8216;\u0130NSAN \u0130L\u0130\u015eK\u0130LER\u0130 \u00d6RG\u00dcTSEL FAAL\u0130YET DE\u011e\u0130L&#8217;-<\/strong><\/p>\n<p style=\"text-align: justify;\">Kerin\u00e7siz, Ayasofya Derne\u011fi, B\u00fcy\u00fck Hukuk\u00e7ular Derne\u011fi ve B\u00fcy\u00fck G\u00fc\u00e7birli\u011fi Derne\u011fi&#8217;nin etkinliklerinin iddianamede \u00f6rg\u00fctsel faaliyet olarak g\u00f6sterildi\u011fini, bu derneklerin kurulmas\u0131 i\u00e7in herhangi bir talimat al\u0131nmad\u0131\u011f\u0131n\u0131 s\u00f6yledi.<\/p>\n<p style=\"text-align: justify;\">Yapt\u0131klar\u0131 30 etkinli\u011fi de emniyete bildirdiklerini, \u00f6rg\u00fctlerde olmas\u0131 gereken gizlilik kural\u0131n\u0131n bulunmad\u0131\u011f\u0131n\u0131 belirten Kerin\u00e7siz, &#8216;\u0130ddianamede basit insan ili\u015fkileri maalesef \u00f6rg\u00fctsel ili\u015fki olarak belirtilmi\u015f. Basit insani dostluklar maalesef burada bir su\u00e7un delili olarak g\u00f6steriliyor&#8217; dedi.<\/p>\n<p style=\"text-align: justify;\">Kerin\u00e7siz, kendilerinin g\u00f6zalt\u0131na al\u0131nmalar\u0131 s\u0131ras\u0131nda g\u00f6revlilerin hi\u00e7bir zorlukla kar\u015f\u0131la\u015fmad\u0131\u011f\u0131n\u0131, tek bir direni\u015fin dahi ya\u015fanmad\u0131\u011f\u0131n\u0131 ifade ederek, \u00f6rg\u00fct operasyonlar\u0131nda b\u00f6yle bir durumun olamayaca\u011f\u0131n\u0131 kaydetti.<\/p>\n<p style=\"text-align: justify;\">Oktay Y\u0131ld\u0131r\u0131m ile 7 ayl\u0131k bir ili\u015fkileri oldu\u011funu, bu tarihten sonra g\u00f6r\u00fc\u015fmediklerini, birbirlerini, g\u00f6rmeye katlanamayacak kadar sevmediklerini dile getiren Kerin\u00e7siz, savunmas\u0131na \u015f\u00f6yle devam etti:<\/p>\n<p style=\"text-align: justify;\">&#8216;Bu ki\u015fiyle \u00f6rg\u00fct ili\u015fkisi i\u00e7inde bulunmam m\u00fcmk\u00fcn de\u011fil. Behi\u00e7 G\u00fcrcihan, hakk\u0131mda defalarca yaz\u0131 yazm\u0131\u015f. Bekir \u00d6zt\u00fcrk ile de husumetim var. Bu ki\u015filerle ili\u015fkilerimiz son derece k\u00f6t\u00fc, pespaye hale gelmi\u015ftir. Birlikte 100 metre yol y\u00fcr\u00fcyemeyiz. Biz burada zaruretten ayn\u0131 \u00e7at\u0131 alt\u0131nda bulunuyoruz. \u0130nsanlar art\u0131k bir arada bulunamayacak duruma gelmi\u015ftir. \u0130li\u015fkimiz kopmu\u015f, bitmi\u015ftir. Oktay Y\u0131ld\u0131r\u0131m, Behi\u00e7 G\u00fcrcihan ve Bekir \u00d6zt\u00fcrk ile husumetimin ba\u015flad\u0131\u011f\u0131 11. aydan itibaren bir araya gelmedim. Hi\u00e7bir etkinlikte beraber olmad\u0131k. Normalde yolda kar\u015f\u0131la\u015fsak kavga ederiz. Burada \u00f6rg\u00fct ili\u015fkisi aramak zorlamad\u0131r.&#8217;<\/p>\n<p style=\"text-align: justify;\">Di\u011fer san\u0131klardan Fikri Karada\u011f ile tan\u0131\u015f\u0131kl\u0131\u011f\u0131 olmad\u0131\u011f\u0131n\u0131, Muzaffer Tekin&#8217;in ise avukatl\u0131\u011f\u0131n\u0131 yapt\u0131\u011f\u0131n\u0131 anlatan Kerin\u00e7siz, Veli K\u00fc\u00e7\u00fck ile de asla samimi bir ili\u015fkileri bulunmad\u0131\u011f\u0131n\u0131, birka\u00e7 toplant\u0131da bir araya geldiklerini s\u00f6yledi.<\/p>\n<p style=\"text-align: justify;\">Mahkeme Heyeti Ba\u015fkan\u0131 K\u00f6ksal \u015eeng\u00fcn, Kerin\u00e7siz&#8217;in savunmas\u0131na ara  vererek, duru\u015fmay\u0131 yar\u0131n saat 09.30&#8217;a b\u0131rakt\u0131.<\/p>\n<p style=\"text-align: justify;\"><strong>O \u0130\u015eKENCEDEK\u0130 SES, TUNCAY G\u00dcNEY&#8217;E DE\u011e\u0130L BANA A\u0130T<\/strong><\/p>\n<p style=\"text-align: justify;\">\u00d6te yandan, davan\u0131n tutuklu san\u0131klar\u0131ndan \u00dcmit O\u011fuztan, duru\u015fma s\u0131ras\u0131nda avukatlar\u0131 arac\u0131l\u0131\u011f\u0131yla yapt\u0131\u011f\u0131 a\u00e7\u0131klamada, &#8216;M\u0130T taraf\u0131ndan g\u00f6nderildi\u011fi \u00f6ne s\u00fcr\u00fclen ve mahkemenin bilirki\u015fiye \u00e7\u00f6z\u00fcm\u00fcn\u00fc yapt\u0131rd\u0131\u011f\u0131 ses CD&#8217;sinde i\u015fkence yap\u0131lan ki\u015finin Tuncay G\u00fcney de\u011fil, kendisi oldu\u011fu&#8217; iddias\u0131nda bulundu. O\u011fuztan, a\u00e7\u0131klamas\u0131nda, &#8216;Gazetelerde yay\u0131nlanan sorgu seslerinde i\u015fkence yap\u0131lan ki\u015fi benim. Bana yap\u0131lan i\u015fkence Tuncay G\u00fcney&#8217;e izlettirilerek korku ve sorgucular\u0131n her istediklerini kabul ettirebilmeleri sa\u011flanm\u0131\u015ft\u0131r. Tuncay G\u00fcney&#8217;e psikolojik bask\u0131 uygulanm\u0131\u015f, birka\u00e7 tokat at\u0131lm\u0131\u015fsa da fiziki olarak sistemli bir i\u015fkence yap\u0131lmam\u0131\u015ft\u0131r. Yap\u0131lmas\u0131na gerek kalmam\u0131\u015ft\u0131r. M\u00fclakat\u0131nda yer alan s\u00f6ylemleri ve rahatl\u0131\u011f\u0131 kan\u0131tt\u0131r&#8217; g\u00f6r\u00fc\u015f\u00fcne yer verdi.<\/p>\n<p style=\"text-align: justify;\"><span style=\"color: #888888;\">Kaynak : Vatan<\/span><\/p>\n<p style=\"text-align: justify;\">\n","protected":false},"excerpt":{"rendered":"<p style=\"text-align: center;\">\n<p style=\"text-align: justify;\">\n<p style=\"text-align: justify;\">San\u0131k \u00dcmit O\u011fuztan, M\u0130T&#8217;in g\u00f6nderdi\u011fi \u00f6ne s\u00fcr\u00fclen CD&#8217;deki i\u015fkence yap\u0131lan ki\u015finin kendisi oldu\u011funu savunurken, Kemal Kerin\u00e7siz ise ayn\u0131 davada 3 san\u0131k i\u00e7in &#8220;Birlikte 100 metre yol y\u00fcr\u00fcmem&#8221; dedi.<\/p>\n<p style=\"text-align: justify;\">&#8216;Ergenekon&#8217; davas\u0131n\u0131n tutuklu san\u0131klar\u0131ndan avukat Kemal Kerin\u00e7siz, di\u011fer san\u0131klar &#8216;Oktay Y\u0131ld\u0131r\u0131m, Behi\u00e7 G\u00fcrcihan ve Bekir \u00d6zt\u00fcrk ile <\/p>\n","protected":false},"author":1,"featured_media":0,"comment_status":"open","ping_status":"closed","sticky":false,"template":"","format":"standard","meta":{"footnotes":""},"categories":[105],"tags":[],"class_list":["post-7946","post","type-post","status-publish","format-standard","hentry","category-gundem","odd"],"_links":{"self":[{"href":"http:\/\/www.korhanyilmaz.com\/index.php?rest_route=\/wp\/v2\/posts\/7946","targetHints":{"allow":["GET"]}}],"collection":[{"href":"http:\/\/www.korhanyilmaz.com\/index.php?rest_route=\/wp\/v2\/posts"}],"about":[{"href":"http:\/\/www.korhanyilmaz.com\/index.php?rest_route=\/wp\/v2\/types\/post"}],"author":[{"embeddable":true,"href":"http:\/\/www.korhanyilmaz.com\/index.php?rest_route=\/wp\/v2\/users\/1"}],"replies":[{"embeddable":true,"href":"http:\/\/www.korhanyilmaz.com\/index.php?rest_route=%2Fwp%2Fv2%2Fcomments&post=7946"}],"version-history":[{"count":0,"href":"http:\/\/www.korhanyilmaz.com\/index.php?rest_route=\/wp\/v2\/posts\/7946\/revisions"}],"wp:attachment":[{"href":"http:\/\/www.korhanyilmaz.com\/index.php?rest_route=%2Fwp%2Fv2%2Fmedia&parent=7946"}],"wp:term":[{"taxonomy":"category","embeddable":true,"href":"http:\/\/www.korhanyilmaz.com\/index.php?rest_route=%2Fwp%2Fv2%2Fcategories&post=7946"},{"taxonomy":"post_tag","embeddable":true,"href":"http:\/\/www.korhanyilmaz.com\/index.php?rest_route=%2Fwp%2Fv2%2Ftags&post=7946"}],"curies":[{"name":"wp","href":"https:\/\/api.w.org\/{rel}","templated":true}]}}