{"id":7932,"date":"2009-04-09T08:59:20","date_gmt":"2009-04-09T05:59:20","guid":{"rendered":"http:\/\/www.korhanyilmaz.com\/?p=7932"},"modified":"2009-04-09T08:59:20","modified_gmt":"2009-04-09T05:59:20","slug":"basbakan-erdogan-tatil-icin-hatayda","status":"publish","type":"post","link":"http:\/\/www.korhanyilmaz.com\/?p=7932","title":{"rendered":"Ba\u015fbakan Erdo\u011fan tatil i\u00e7in Hatay&#039;da"},"content":{"rendered":"<p><img loading=\"lazy\" decoding=\"async\" class=\"aligncenter size-full wp-image-7934\" src=\"http:\/\/www.korhanyilmaz.com\/wp-content\/uploads\/2009\/04\/77345901.gif\" alt=\"\" width=\"291\" height=\"193\" \/><\/p>\n<p style=\"text-align: justify;\">\n<p style=\"text-align: justify;\"><strong>Ba\u015fbakan Recep Tayyip Erdo\u011fan, yerel se\u00e7imlerin ard\u0131ndan tatilini ge\u00e7irmek \u00fczere e\u015fi Emine Erdo\u011fan ile birlikte Hatay&#8217;a gitti. <\/strong><\/p>\n<p style=\"text-align: justify;\">Erdo\u011fan, daha \u00f6nce tatilleri i\u00e7in Bal\u0131kesir&#8217;in Ekinlik Adas\u0131&#8217;n\u0131 ya da Antalya&#8217;y\u0131 tercih ediyordu. Ama bu kez tatil i\u00e7in se\u00e7ti\u011fi yer farkl\u0131 oldu. Hatay, AKP&#8217;nin Ege ve Akdeniz k\u0131y\u0131lar\u0131nda kazand\u0131\u011f\u0131 tek belediye olma \u00f6zelli\u011fini ta\u015f\u0131yor.29 Mart yerel se\u00e7imlerinde Ba\u015fbakan Erdo\u011fan&#8217;\u0131n &#8216;kesin al\u0131r\u0131z&#8217; g\u00f6z\u00fcyle bakt\u0131\u011f\u0131 Antalya&#8217;y\u0131 CHP, Bal\u0131kesir&#8217;i ise MHP kazand\u0131.<\/p>\n<p style=\"text-align: justify;\">Son iki ayda T\u00fcrkiye&#8217;nin hemen hemen her yerinden miting yapan ve yerel se\u00e7imlerin ard\u0131ndan ABD Ba\u015fkan\u0131 Barack Obama&#8217;y\u0131 a\u011f\u0131rlayan Ba\u015fbakan Recep Tayyip Erdo\u011fan, \u0130stanbul&#8217;da partisinin \u0130l Ba\u015fkanl\u0131\u011f\u0131&#8217;nda d\u00fczenledi\u011fi toplant\u0131dan sonra tatile \u00e7\u0131kaca\u011f\u0131 belirtildi. Nereye gidece\u011fi bir s\u00fcre gizlenen Erdo\u011fan, u\u00e7akla saat 00.30 s\u0131ralar\u0131nda Hatay Havaalan\u0131&#8217;na geldi.<!--more--><\/p>\n<p style=\"text-align: justify;\">E\u015fi Emine Erdo\u011fan ile kente gelen Ba\u015fbakan, daha sonra karayoluyla tatilini ge\u00e7irece\u011fi termal kapl\u0131caya sahip Ottoman Otel&#8217;ine ge\u00e7ti. Kent merkezine yakla\u015f\u0131k 20 kilometre uzakl\u0131ktaki otelde kapl\u0131calardan faydalanacak olan Erdo\u011fan Ailesi&#8217;nin hafta sonuna kadar burada kalaca\u011f\u0131 bildirildi.<\/p>\n<p style=\"text-align: justify;\"><strong>380 METREKAREL\u0130K SU\u0130TTE KALIYOR<\/strong><\/p>\n<p style=\"text-align: justify;\">Hatay&#8217;da Nisan 2008&#8217;de hizmete giren 5 y\u0131ld\u0131zl\u0131 Antakya Ottoman Palac Termal ve Kongre Oteli&#8217;nin \u015fifal\u0131 suyu, otelin temel kaz\u0131s\u0131 s\u0131ras\u0131nda bulundu. Do\u011fa Akdeniz&#8217;in turizm \u00e7ana\u011f\u0131n\u0131n son u\u00e7 noktas\u0131ndaki Hatay&#8217;da d\u00fcnyan\u0131n d\u00f6rt bir yan\u0131ndan gelen turistlerin \u00f6nemli bir tercihi haline gelen otel, Antakya- \u0130skenderun karayolu Alaattin K\u00f6y\u00fc yak\u0131nlar\u0131nda. 226 standart, 24 suit ve 2 tam donan\u0131ml\u0131 kral dairesiyle toplam 252 odas\u0131 bulunan otelin yatak kapasitesi ise\u00a0650.\u00a0 30 metrekarelik suite odalardan 380 metrekarelik odalara kadar geni\u015f yelpazede oda standartlar\u0131 bulunuyor.<\/p>\n<p style=\"text-align: justify;\">Kad\u0131nlar ve erkekler i\u00e7in ayr\u0131 ayr\u0131 ve karma termal havuzlar\u0131 bulunan otel, \u015fehir merkezine 10, Hatay Havaalan\u0131&#8217;na 15 kilometre uzakl\u0131kta. Otelin b\u00fcnyesinde bulunan \u015fifal\u0131 suyun i\u00e7erisinde bulunan iyod\u00fcr\u00a0 mineralin 1 litresinde 15 miligram oldu\u011fu, d\u00fcnyada sadece Almanya&#8217;da 1 litrede suda 6 miligram olarak bilindi\u011fi kabul ediliyor. 60 ki\u015fiden\u00a0 bin 500 ki\u015fiye kadar misafir a\u011f\u0131rlayabilecek konferans salonlar\u0131 bulunan otelde 350, 400 ve 1000 ki\u015filik restoranlar da bulunuyor. S\u0131cak suyun her t\u00fcrl\u00fc \u015fifas\u0131na varmak i\u00e7in T\u00fcrk hamam\u0131, jakuzi, buhar odalar\u0131, a\u00e7\u0131k profesyonel y\u00fczme havuzlar\u0131n\u0131n yan\u0131 s\u0131ra yosun, \u00e7i\u00e7ek, \u00e7ikolata banyolar\u0131 da bulunuyor. Ayr\u0131ca, aqua park ve su kayd\u0131raklar\u0131 da bulunan otelde fitness center de yer al\u0131yor.<\/p>\n<p style=\"text-align: justify;\"><strong>\u015e\u0130FALI SUYUN \u00d6ZELL\u0130KLER\u0130<\/strong><\/p>\n<p style=\"text-align: justify;\">45 derece s\u0131cakl\u0131\u011f\u0131nda 1 litre suda 29.317 mg mineral ve T\u00fcrkiye&#8217;de 15 mg iyod\u00fcr mineraline sahip olan tek termal sudur. \u015eifal\u0131 su, solunum termal yolu rahats\u0131zl\u0131klar\u0131 kulak, burun, bo\u011faz, guatr\u0131 hastal\u0131\u011f\u0131, periferik damar hastal\u0131\u011f\u0131 ve esansiyel hipertansiyon, romatizmal\u0131 hastal\u0131klar, deri cilt hastal\u0131klar\u0131, kad\u0131n hastal\u0131klar\u0131, ortopedik ameliyat ve k\u0131r\u0131klar sonras\u0131 d\u00f6nem, bel a\u011fr\u0131lar\u0131na iyi geldi\u011fi biliyor.<\/p>\n<p style=\"text-align: justify;\"><strong>F\u0130YATLARI<\/strong><\/p>\n<p style=\"text-align: justify;\">Ottoman Placa&#8217;da bir gece konuklaman\u0131n en d\u00fc\u015f\u00fck bedeli ise iki ki\u015filik odada ki\u015fi ba\u015f\u0131na yar\u0131m pansiyon 100 ile 150 lira aras\u0131nda de\u011fi\u015fiyor. Termal havuzlar, jakuzi, sauna, buhar odas\u0131, finnes salonu ve T\u00fcrk hamam\u0131ndan \u00fccretsiz yararlan\u0131labiliyor.<\/p>\n<p style=\"text-align: justify;\"><strong>M\u00dc\u015eTER\u0130 PROF\u0130L\u0130<\/strong><\/p>\n<p style=\"text-align: justify;\">Ottoman, ba\u015fta Adana, Mersin, Gaziantep ve Ankara&#8217;dan tercih ediliyor, Suriye, Dubai&#8217;den de talep oluyor. \u00d6zellikle hafta sonlar yaz k\u0131\u015f dolu olan otelin hafta i\u00e7i ise doluluk oran\u0131 y\u00fczde 70-80 civarlar\u0131nda.\u00a0 Ottoman Placa&#8217;ya gelen misafirler i\u00e7in de istendi\u011fi takdirde Suriye turlar\u0131 da d\u00fczenlenebiliyor.<\/p>\n<p style=\"text-align: justify;\"><span style=\"color: #888888;\">Kaynak : Hatay &#8211; DHA<\/span><\/p>\n","protected":false},"excerpt":{"rendered":"<\/p>\n<p style=\"text-align: justify;\">\n<p style=\"text-align: justify;\">Ba\u015fbakan Recep Tayyip Erdo\u011fan, yerel se\u00e7imlerin ard\u0131ndan tatilini ge\u00e7irmek \u00fczere e\u015fi Emine Erdo\u011fan ile birlikte Hatay&#8217;a gitti. <\/p>\n<p style=\"text-align: justify;\">Erdo\u011fan, daha \u00f6nce tatilleri i\u00e7in Bal\u0131kesir&#8217;in Ekinlik Adas\u0131&#8217;n\u0131 ya da Antalya&#8217;y\u0131 tercih ediyordu. Ama bu kez tatil i\u00e7in se\u00e7ti\u011fi yer farkl\u0131 oldu. Hatay, AKP&#8217;nin Ege ve Akdeniz k\u0131y\u0131lar\u0131nda kazand\u0131\u011f\u0131 <\/p>\n","protected":false},"author":1,"featured_media":0,"comment_status":"open","ping_status":"closed","sticky":false,"template":"","format":"standard","meta":{"footnotes":""},"categories":[105],"tags":[],"class_list":["post-7932","post","type-post","status-publish","format-standard","hentry","category-gundem","odd"],"_links":{"self":[{"href":"http:\/\/www.korhanyilmaz.com\/index.php?rest_route=\/wp\/v2\/posts\/7932","targetHints":{"allow":["GET"]}}],"collection":[{"href":"http:\/\/www.korhanyilmaz.com\/index.php?rest_route=\/wp\/v2\/posts"}],"about":[{"href":"http:\/\/www.korhanyilmaz.com\/index.php?rest_route=\/wp\/v2\/types\/post"}],"author":[{"embeddable":true,"href":"http:\/\/www.korhanyilmaz.com\/index.php?rest_route=\/wp\/v2\/users\/1"}],"replies":[{"embeddable":true,"href":"http:\/\/www.korhanyilmaz.com\/index.php?rest_route=%2Fwp%2Fv2%2Fcomments&post=7932"}],"version-history":[{"count":0,"href":"http:\/\/www.korhanyilmaz.com\/index.php?rest_route=\/wp\/v2\/posts\/7932\/revisions"}],"wp:attachment":[{"href":"http:\/\/www.korhanyilmaz.com\/index.php?rest_route=%2Fwp%2Fv2%2Fmedia&parent=7932"}],"wp:term":[{"taxonomy":"category","embeddable":true,"href":"http:\/\/www.korhanyilmaz.com\/index.php?rest_route=%2Fwp%2Fv2%2Fcategories&post=7932"},{"taxonomy":"post_tag","embeddable":true,"href":"http:\/\/www.korhanyilmaz.com\/index.php?rest_route=%2Fwp%2Fv2%2Ftags&post=7932"}],"curies":[{"name":"wp","href":"https:\/\/api.w.org\/{rel}","templated":true}]}}