{"id":7922,"date":"2009-04-09T12:05:37","date_gmt":"2009-04-09T09:05:37","guid":{"rendered":"http:\/\/www.korhanyilmaz.com\/?p=7922"},"modified":"2009-04-09T12:05:37","modified_gmt":"2009-04-09T09:05:37","slug":"mazbatasini-aldiktan-sonra-istifa-etti","status":"publish","type":"post","link":"http:\/\/www.korhanyilmaz.com\/?p=7922","title":{"rendered":"Mazbatas\u0131n\u0131 ald\u0131ktan sonra istifa etti"},"content":{"rendered":"<p><img loading=\"lazy\" decoding=\"async\" class=\"size-full wp-image-7923 alignleft\" style=\"margin-left: 10px; margin-right: 10px;\" title=\"AKP'den 1'inci s\u0131radan Belediye Meclisi \u00fcyeli\u011fine se\u00e7ilen 40 ya\u015f\u0131ndaki \u015eefika Tellio\u011flu \" src=\"http:\/\/www.korhanyilmaz.com\/wp-content\/uploads\/2009\/04\/090420091229177832763_3.jpg\" alt=\"Mazbatas\u0131n\u0131 ald\u0131ktan sonra istifa etti \" width=\"147\" height=\"171\" \/><\/p>\n<p style=\"text-align: justify;\"><strong>AKP&#8217;li \u00fcyenin ilgin\u00e7 karar\u0131..!<\/strong><\/p>\n<p style=\"text-align: justify;\">ANTALYA&#8217;n\u0131n Akseki \u0130l\u00e7esi&#8217;nde AKP&#8217;den 1&#8217;inci s\u0131radan Belediye Meclisi \u00fcyeli\u011fine se\u00e7ilen 40 ya\u015f\u0131ndaki \u015eefika Tellio\u011flu mazbatas\u0131n\u0131 ald\u0131ktan sonra istifas\u0131n\u0131 \u0130l\u00e7e Se\u00e7im Kurulu&#8217;na verdi. Sa\u011fl\u0131k durumunu gerek\u00e7e g\u00f6steren Tellio\u011flu&#8217;nun t\u00fcrbanl\u0131 oldu\u011fu i\u00e7in istifa etti\u011fi \u00f6ne s\u00fcr\u00fcld\u00fc.<\/p>\n<p style=\"text-align: justify;\">Akseki&#8217;de 1 oyla se\u00e7imi kaybeden AKP&#8217;nin 1&#8217;inci s\u0131radan Belediye Meclis \u00dcyesi olan \u015eefika Tellio\u011flu, mazbatasan\u0131 ald\u0131ktan sonra istifa etti. Tellio\u011flu, \u0130l\u00e7e Se\u00e7im Kurulu&#8217;na sundu\u011fu istifa dilek\u00e7esinde, &#8220;29 Mart 2009 yerel y\u00f6netim se\u00e7imleri sonucu, AKP Belediye Meclis \u00fcyeli\u011fine se\u00e7ildim. Rahats\u0131zl\u0131\u011f\u0131mdan dolay\u0131 devam edemeyece\u011fim. Gere\u011fini sayg\u0131lar\u0131mla arz ederim&#8221; diye yazd\u0131.<!--more--><\/p>\n<p style=\"text-align: justify;\">Tellio\u011flu&#8217;nun se\u00e7imi 1 oyla kazanan CHP y\u00f6netimiyle t\u00fcrbanl\u0131 olmas\u0131 nedeniyle sorun ya\u015fayabilece\u011fini d\u00fc\u015f\u00fcnerek istifa etti\u011fi kaydedildi. Tellio\u011flu&#8217;nun AKP&#8217;nin Akseki&#8217;de belediye ba\u015fkanl\u0131\u011f\u0131n\u0131 kaybetmesinden dolay\u0131 istifa karar\u0131 ald\u0131\u011f\u0131, t\u00fcrban\u0131n\u0131n istismar konusu olmamas\u0131, ortam\u0131 germemek i\u00e7in istifa etti\u011fi belirtildi. AKP Belediye Ba\u015fkan aday\u0131 \u0130smet Uysal, Akseki, AKP&#8217;de bir d\u00f6nem kad\u0131n kollar\u0131 ba\u015fkanl\u0131\u011f\u0131 yapan \u015eefika Tellio\u011flu&#8217;nun &#8220;Siz ba\u015fkan olsayd\u0131n\u0131z birlikte \u00e7al\u0131\u015f\u0131rd\u0131k. Bu ekip i\u015fi, siz yoksan\u0131z ben de g\u00f6rev yapmay\u0131 d\u00fc\u015f\u00fcnm\u00fcyorum&#8221; dedi\u011fini s\u00f6yledi.<\/p>\n<p style=\"text-align: justify;\">Tellio\u011flu&#8217;nun yerine AKP&#8217;nin listesinde 5&#8217;inci s\u0131rada bulunan 64 ya\u015f\u0131ndaki Hasan Kaplan meclis \u00fcyesi olarak se\u00e7ildi. Akseki Belediye Meclisi&#8217;nde 5 CHP&#8217;li, 4 de AKP&#8217;li \u00fcye bulunuyor.<\/p>\n<p style=\"text-align: justify;\"><span style=\"color: #888888;\">Kaynak : Adem \u00c7ET\u0130N\/AKSEK\u0130 (Antalya), (DHA)<\/span><\/p>\n<p style=\"text-align: justify;\">\n","protected":false},"excerpt":{"rendered":"<\/p>\n<p style=\"text-align: justify;\">AKP&#8217;li \u00fcyenin ilgin\u00e7 karar\u0131..!<\/p>\n<p style=\"text-align: justify;\">ANTALYA&#8217;n\u0131n Akseki \u0130l\u00e7esi&#8217;nde AKP&#8217;den 1&#8217;inci s\u0131radan Belediye Meclisi \u00fcyeli\u011fine se\u00e7ilen 40 ya\u015f\u0131ndaki \u015eefika Tellio\u011flu mazbatas\u0131n\u0131 ald\u0131ktan sonra istifas\u0131n\u0131 \u0130l\u00e7e Se\u00e7im Kurulu&#8217;na verdi. Sa\u011fl\u0131k durumunu gerek\u00e7e g\u00f6steren Tellio\u011flu&#8217;nun t\u00fcrbanl\u0131 oldu\u011fu i\u00e7in istifa etti\u011fi \u00f6ne s\u00fcr\u00fcld\u00fc.<\/p>\n<p style=\"text-align: justify;\">Akseki&#8217;de 1 oyla se\u00e7imi kaybeden AKP&#8217;nin 1&#8217;inci s\u0131radan Belediye Meclis <\/p>\n","protected":false},"author":1,"featured_media":0,"comment_status":"open","ping_status":"closed","sticky":false,"template":"","format":"standard","meta":{"footnotes":""},"categories":[105],"tags":[],"class_list":["post-7922","post","type-post","status-publish","format-standard","hentry","category-gundem","odd"],"_links":{"self":[{"href":"http:\/\/www.korhanyilmaz.com\/index.php?rest_route=\/wp\/v2\/posts\/7922","targetHints":{"allow":["GET"]}}],"collection":[{"href":"http:\/\/www.korhanyilmaz.com\/index.php?rest_route=\/wp\/v2\/posts"}],"about":[{"href":"http:\/\/www.korhanyilmaz.com\/index.php?rest_route=\/wp\/v2\/types\/post"}],"author":[{"embeddable":true,"href":"http:\/\/www.korhanyilmaz.com\/index.php?rest_route=\/wp\/v2\/users\/1"}],"replies":[{"embeddable":true,"href":"http:\/\/www.korhanyilmaz.com\/index.php?rest_route=%2Fwp%2Fv2%2Fcomments&post=7922"}],"version-history":[{"count":0,"href":"http:\/\/www.korhanyilmaz.com\/index.php?rest_route=\/wp\/v2\/posts\/7922\/revisions"}],"wp:attachment":[{"href":"http:\/\/www.korhanyilmaz.com\/index.php?rest_route=%2Fwp%2Fv2%2Fmedia&parent=7922"}],"wp:term":[{"taxonomy":"category","embeddable":true,"href":"http:\/\/www.korhanyilmaz.com\/index.php?rest_route=%2Fwp%2Fv2%2Fcategories&post=7922"},{"taxonomy":"post_tag","embeddable":true,"href":"http:\/\/www.korhanyilmaz.com\/index.php?rest_route=%2Fwp%2Fv2%2Ftags&post=7922"}],"curies":[{"name":"wp","href":"https:\/\/api.w.org\/{rel}","templated":true}]}}