{"id":7913,"date":"2009-04-09T12:57:40","date_gmt":"2009-04-09T09:57:40","guid":{"rendered":"http:\/\/www.korhanyilmaz.com\/?p=7913"},"modified":"2009-04-09T12:57:40","modified_gmt":"2009-04-09T09:57:40","slug":"islamci-akpye-diz-coktu","status":"publish","type":"post","link":"http:\/\/www.korhanyilmaz.com\/?p=7913","title":{"rendered":"&quot;\u0130slamc\u0131 AKP&#039;ye diz \u00e7\u00f6kt\u00fc&quot;"},"content":{"rendered":"<p style=\"text-align: center;\"><a href=\"http:\/\/www.korhanyilmaz.com\/wp-content\/uploads\/2009\/04\/090420091305450847511.jpg\"  class=\"lightview\"><img loading=\"lazy\" decoding=\"async\" class=\"aligncenter size-full wp-image-7914\" title=\"&quot;\u0130slamc\u0131 AKP'ye diz \u00e7\u00f6kt\u00fc&quot; \" src=\"http:\/\/www.korhanyilmaz.com\/wp-content\/uploads\/2009\/04\/090420091305450847511.jpg\" alt=\"&quot;\u0130slamc\u0131 AKP'ye diz \u00e7\u00f6kt\u00fc&quot; \" width=\"329\" height=\"210\" \/><\/a><\/p>\n<p style=\"text-align: justify;\"><strong>ABD gazetesi Obama&#8217;ya ate\u015f p\u00fcsk\u00fcrd\u00fc: &#8216;\u0130slamc\u0131 AKP h\u00fck\u00fcmeti kar\u015f\u0131s\u0131nda diz \u00e7\u00f6kt\u00fc. T\u00fcrkiye&#8217;yi bir Vahabi din devletine \u00e7evirmeye \u00e7al\u0131\u015fanlara destek olmamal\u0131!&#8221; <\/strong><\/p>\n<p style=\"text-align: justify;\">ABD&#8217;nin en \u00e7ok okunan yerel gazetelerinden New York Post, Obama&#8217;n\u0131n T\u00fcrkiye gezisini \u015fiddetle ele\u015ftirirken, AKP h\u00fck\u00fcmetini &#8220;Neo-Taliban \u00f6fkesiyle&#8221; davranmakla su\u00e7lad\u0131.<\/p>\n<p style=\"text-align: justify;\"><strong>AKP DEMEK, SANS\u00dcR, T\u00dcRBAN, \u015eA\u0130BE DEMEK!<\/strong><\/p>\n<p style=\"text-align: justify;\">Ayn\u0131 zamanda muhafazakarlara ve dolay\u0131s\u0131yla eski Bush y\u00f6netimine yak\u0131nl\u0131\u011f\u0131yla tan\u0131nan New York Times, Obama&#8217;y\u0131 &#8220;T\u00fcrkiye&#8217;deki anti-Amerikanc\u0131 \u0130slamc\u0131 AKP h\u00fck\u00fcmeti&#8221; kar\u015f\u0131s\u0131nda diz \u00e7\u00f6kmekle su\u00e7lad\u0131ktan sonra, &#8220;AKP demek, t\u00fcrban, sans\u00fcr ve \u015faibeli se\u00e7im demektir&#8221; diye yazd\u0131.<!--more--><\/p>\n<p style=\"text-align: justify;\">New York Post&#8217;un ayn\u0131 zamanda Fox News televizyon kanal\u0131n\u0131n stratejik analisti olan \u00fcnl\u00fc k\u00f6\u015fe yazar\u0131 Ralph Peters taraf\u0131ndan kaleme al\u0131nan yaz\u0131da, Obama&#8217;n\u0131n Avrupa ve T\u00fcrkiye gezisi &#8220;Bahar Sezonu \u00d6z\u00fcr Turlar\u0131&#8221; olarak nitelendi. Yaz\u0131ya g\u00f6re, &#8220;\u00f6z\u00fcr turlar\u0131&#8221; T\u00fcrkiye&#8217;de zirve noktas\u0131na ula\u015ft\u0131 ve Obama as\u0131l performans\u0131n\u0131 burada g\u00f6sterdi.<\/p>\n<p style=\"text-align: justify;\">Obama&#8217;n\u0131n Avrupa gezisi s\u0131ras\u0131nda &#8220;\u00d6zg\u00fcrl\u00fck An\u0131t\u0131&#8217;n\u0131n \u00fcst\u00fcn\u00fc \u00e7uvalla \u00f6rtt\u00fc\u011f\u00fcn\u00fc&#8221; \u00f6ne s\u00fcren gazete, &#8220;T\u00fcrkiye&#8217;ye gelince, i\u015fte orada hem ulusal gururumuzu bir kenara att\u0131, hem \u00e7\u0131karlar\u0131m\u0131z\u0131 unuttu, hem de bizi ilgilendirmeyen i\u015flere kar\u0131\u015ft\u0131&#8221; dedi.<\/p>\n<p style=\"text-align: justify;\">New York Post yazar\u0131, Avrupal\u0131lar\u0131n T\u00fcrkiye&#8217;yi kendi kul\u00fcplerinde istemedi\u011fini savunarak, &#8220;\u00c7\u00fcnk\u00fc T\u00fcrkiye bir Avrupa \u00fclkesi de\u011fil. Dahas\u0131, a\u011f\u0131r a\u011f\u0131r yakla\u015fan bir \u0130slamc\u0131 darbeyle u\u011fra\u015fan kavgac\u0131 bir \u00fclkeyi b\u00fcnyesine almas\u0131 i\u00e7in Avrupa&#8217;ya bask\u0131 yapmak da bizim i\u015fimiz de\u011fil&#8221; diye yazarak \u015f\u00f6yle devam etti: &#8220;Avrupal\u0131lar T\u00fcrkiye&#8217;nin ge\u00e7en hafta NATO zirvesinde, Anders Fogh Rasmussen gibi b\u00fcy\u00fck bir Danimarkal\u0131n\u0131n genel sekreterli\u011fine kar\u015f\u0131 sergiledi\u011fi neo-Taliban \u00f6fkesinden de \u00e7ok rahats\u0131z oldu. T\u00fcrkiye neden b\u00f6yle yapt\u0131? \u00c7\u00fcnk\u00fc Rasmussen, Muhammed karikat\u00fcr\u00fc \u00e7izen Danimarkal\u0131 karikat\u00fcristi ta\u015flayarak \u00f6ld\u00fcrmemi\u015fti.&#8221;<\/p>\n<p style=\"text-align: justify;\"><strong>T\u00dcRK\u0130YE&#8217;Y\u0130 B\u0130R VAHAB\u0130 DEVLET\u0130NE \u00c7EV\u0130RECEKLER<\/strong><\/p>\n<p style=\"text-align: justify;\">Obama&#8217;n\u0131n T\u00fcrkiye&#8217;de neler olup bitti\u011finden haberdar olmad\u0131\u011f\u0131n\u0131 \u00f6ne s\u00fcren New York Post, ABD Ba\u015fkan\u0131&#8217;n\u0131n, &#8220;Ankara&#8217;da diz \u00e7\u00f6k\u00fcp, Mustafa Kemal&#8217;in devletle camiyi birbirinden ay\u0131rma ilkesini y\u0131kmaya \u00e7al\u0131\u015fan anti-Amerikanc\u0131 \u0130slamc\u0131 bir h\u00fck\u00fcmeti destekledi\u011fini&#8221; iddia etti. Gazete, &#8220;Oysa AKP demek, t\u00fcrban, sans\u00fcr ve \u015faibeli se\u00e7im demektir. \u00dclkenin diken \u00fcst\u00fcnde duran orta s\u0131n\u0131flar\u0131, bu partinin T\u00fcrkiye&#8217;yi bir \u0130slam devletine \u00e7evirmesini \u00f6nlemesine kar\u015f\u0131 \u00e7\u0131k\u0131yor. Obama ise AKP&#8217;nin patronlar\u0131na \u00f6vg\u00fcler ya\u011fd\u0131rarak onlar\u0131 yaln\u0131z b\u0131rak\u0131yor&#8221; dedi.<\/p>\n<p style=\"text-align: justify;\">&#8220;Obama bunu yaparken ne d\u00fc\u015f\u00fcn\u00fcyordu?&#8221; diye soran gazete, kendi sorusuna &#8220;Hi\u00e7bir \u015fey. O sadece D\u0131\u015fi\u015fleri&#8217;nin verdi\u011fi tavsiyeleri yerine getiriyor&#8221; cevab\u0131n\u0131 verdikten sonra, &#8220;Obama, s\u00fcrekli Amerika&#8217;y\u0131 su\u00e7lu g\u00f6sterirken, T\u00fcrkiye&#8217;nin Irak sava\u015f\u0131 s\u0131ras\u0131nda bizim askerlerimize ihanet etti\u011fini unutuyor. K\u00fcrtlere bask\u0131 yapt\u0131\u011f\u0131n\u0131 veya AKP&#8217;nin T\u00fcrkiye&#8217;yi bir Vahabi din devletine \u00e7evirmeye kararl\u0131 oldu\u011funu unutuyor. Ermeni sorununa gelince. Kahramanca saklan\u0131yor. Genocide&#8217;nin (soyk\u0131r\u0131m) G&#8217;sini bile kullanmaya korkuyor&#8221; diye devam etti.<\/p>\n<p style=\"text-align: justify;\"><span style=\"color: #888888;\">Kaynak : Vatan<\/span><\/p>\n","protected":false},"excerpt":{"rendered":"<p style=\"text-align: center;\">\n<p style=\"text-align: justify;\">ABD gazetesi Obama&#8217;ya ate\u015f p\u00fcsk\u00fcrd\u00fc: &#8216;\u0130slamc\u0131 AKP h\u00fck\u00fcmeti kar\u015f\u0131s\u0131nda diz \u00e7\u00f6kt\u00fc. T\u00fcrkiye&#8217;yi bir Vahabi din devletine \u00e7evirmeye \u00e7al\u0131\u015fanlara destek olmamal\u0131!&#8221; <\/p>\n<p style=\"text-align: justify;\">ABD&#8217;nin en \u00e7ok okunan yerel gazetelerinden New York Post, Obama&#8217;n\u0131n T\u00fcrkiye gezisini \u015fiddetle ele\u015ftirirken, AKP h\u00fck\u00fcmetini &#8220;Neo-Taliban \u00f6fkesiyle&#8221; davranmakla su\u00e7lad\u0131.<\/p>\n<p style=\"text-align: justify;\">AKP DEMEK, SANS\u00dcR, T\u00dcRBAN, \u015eA\u0130BE <\/p>\n","protected":false},"author":1,"featured_media":0,"comment_status":"open","ping_status":"closed","sticky":false,"template":"","format":"standard","meta":{"footnotes":""},"categories":[105],"tags":[],"class_list":["post-7913","post","type-post","status-publish","format-standard","hentry","category-gundem","odd"],"_links":{"self":[{"href":"http:\/\/www.korhanyilmaz.com\/index.php?rest_route=\/wp\/v2\/posts\/7913","targetHints":{"allow":["GET"]}}],"collection":[{"href":"http:\/\/www.korhanyilmaz.com\/index.php?rest_route=\/wp\/v2\/posts"}],"about":[{"href":"http:\/\/www.korhanyilmaz.com\/index.php?rest_route=\/wp\/v2\/types\/post"}],"author":[{"embeddable":true,"href":"http:\/\/www.korhanyilmaz.com\/index.php?rest_route=\/wp\/v2\/users\/1"}],"replies":[{"embeddable":true,"href":"http:\/\/www.korhanyilmaz.com\/index.php?rest_route=%2Fwp%2Fv2%2Fcomments&post=7913"}],"version-history":[{"count":0,"href":"http:\/\/www.korhanyilmaz.com\/index.php?rest_route=\/wp\/v2\/posts\/7913\/revisions"}],"wp:attachment":[{"href":"http:\/\/www.korhanyilmaz.com\/index.php?rest_route=%2Fwp%2Fv2%2Fmedia&parent=7913"}],"wp:term":[{"taxonomy":"category","embeddable":true,"href":"http:\/\/www.korhanyilmaz.com\/index.php?rest_route=%2Fwp%2Fv2%2Fcategories&post=7913"},{"taxonomy":"post_tag","embeddable":true,"href":"http:\/\/www.korhanyilmaz.com\/index.php?rest_route=%2Fwp%2Fv2%2Ftags&post=7913"}],"curies":[{"name":"wp","href":"https:\/\/api.w.org\/{rel}","templated":true}]}}