{"id":7908,"date":"2009-04-08T15:09:36","date_gmt":"2009-04-08T12:09:36","guid":{"rendered":"http:\/\/www.korhanyilmaz.com\/?p=7908"},"modified":"2009-04-08T15:09:36","modified_gmt":"2009-04-08T12:09:36","slug":"ergenekon-kktcye-uzandi","status":"publish","type":"post","link":"http:\/\/www.korhanyilmaz.com\/?p=7908","title":{"rendered":"Ergenekon KKTC&#039;ye uzand\u0131!"},"content":{"rendered":"<p style=\"text-align: center;\"><img loading=\"lazy\" decoding=\"async\" class=\"aligncenter size-full wp-image-7909\" title=\"Rauf Denkta\u015f\" src=\"http:\/\/www.korhanyilmaz.com\/wp-content\/uploads\/2009\/04\/rauf-denktas.jpg\" alt=\"Rauf Denkta\u015f\" width=\"309\" height=\"231\" \/><\/p>\n<p style=\"text-align: justify;\"><strong>Rauf Denkta\u015f&#8217;tan ilk yorum <\/strong><\/p>\n<p style=\"text-align: justify;\">KKTC Ba\u015fbakan\u0131 Ferdi Sabit Soyer, T\u00fcrkiye&#8217;deki Ergenekon soru\u015fturmas\u0131 iddianamesinde ad\u0131 ge\u00e7en KKTC&#8217;nin 1. Cumhurba\u015fkan\u0131 Rauf Denkta\u015f ve eski ba\u015fbakanlardan, ana muhalefet Ulusal Birlik Partisi (UBP) Genel Ba\u015fkan\u0131 Dervi\u015f Ero\u011flu hakk\u0131ndaki iddialar\u0131n ara\u015ft\u0131r\u0131lmas\u0131 i\u00e7in bug\u00fcn Ba\u015fsavc\u0131l\u0131ktan soru\u015fturma yap\u0131lmas\u0131 talebinde bulundu.<\/p>\n<p style=\"text-align: justify;\">KKTC Ba\u015fbakanl\u0131k Bas\u0131n ve Halkla \u0130li\u015fkiler M\u00fcd\u00fcrl\u00fc\u011f\u00fcnden konuya ili\u015fkin yap\u0131lan yaz\u0131l\u0131 a\u00e7\u0131klamada \u015funlar kaydedildi:<br \/>\n&#8220;T\u00fcrkiye&#8217;de &#8216;Ergenekon&#8217; ad\u0131 ile bilinen bir soru\u015fturma yap\u0131lmaktad\u0131r.<!--more-->\n<\/p>\n<p style=\"text-align: justify;\">Bilindi\u011fi \u00fczere bu soru\u015fturma neticesinde \u015f\u00fcpheliler aleyhine T\u00fcrkiye Cumhuriyeti Ceza Usul Yasas\u0131 uyar\u0131nca iddianame haz\u0131rlanm\u0131\u015ft\u0131r. Bu iddianamede bulunan baz\u0131 k\u0131s\u0131mlar bas\u0131n\u0131m\u0131zda yer alm\u0131\u015f ve s\u00f6z konusu iddianamenin bir b\u00f6l\u00fcm\u00fcnde Ulusal Birlik Partisi Genel Ba\u015fkan\u0131 Say\u0131n Dr. Dervi\u015f Ero\u011flu ve Eski Cumhurba\u015fkan\u0131 Say\u0131n Rauf Raif Denkta\u015f hakk\u0131nda iddialar bulunmaktad\u0131r.<\/p>\n<p style=\"text-align: justify;\">Bu iddialar\u0131n \u00e7ok ciddi olmas\u0131 ve kamu yarar\u0131 gere\u011fi KKTC yasal mevzuat\u0131 uyar\u0131nca da soru\u015fturma yap\u0131lmas\u0131 ka\u00e7\u0131n\u0131lmaz bir sonu\u00e7tur. Bu ba\u011flamda Say\u0131n Ba\u015fbakan Ferdi Sabit Soyer, KKTC Anayasas\u0131 uyar\u0131nca devletin Hukuk Dan\u0131\u015fman\u0131 olan<br \/>\nHukuk Dairesine (Ba\u015fsavc\u0131l\u0131k) bug\u00fcn resmi bir yaz\u0131yla s\u00f6z konusu iddianameyi g\u00f6ndererek, KKTC yasalar\u0131 uyar\u0131nca mezkur iddialar\u0131n ara\u015ft\u0131r\u0131lmas\u0131 ve gerekli soru\u015fturman\u0131n yap\u0131lmas\u0131 talebinde bulunmu\u015ftur.&#8221;\n<\/p>\n<p style=\"text-align: justify;\"><strong>DENKTA\u015e&#8217;TAN A\u00c7IKLAMA<\/strong><\/p>\n<p style=\"text-align: justify;\">KKTC&#8217;nin ilk Cumhurba\u015fkan\u0131 Rauf Denkta\u015f konuyla ilgili a\u00e7\u0131klama yapt\u0131. Denta\u015f \u015funlar\u0131 s\u00f6yledi:<\/p>\n<p style=\"text-align: justify;\">&#8211; Bekleyelim g\u00f6relim ne yapacaklar. Mustafa \u00d6zbek&#8217;in Ulusal Birlik Partisi&#8217;ni destekledi\u011fi ger\u00e7ektir. Ancak hen\u00fcz kan\u0131tlanmam\u0131\u015f bir Ergenekon tespitine dayarnd\u0131rmak do\u011fru de\u011fildir.<\/p>\n<p style=\"text-align: justify;\">&#8211; \u0130ddianamenin se\u00e7im \u00f6ncesi g\u00fcndeme gelmesi manidard\u0131r.<\/p>\n<p style=\"text-align: justify;\">&#8211; Ergenekon diye bir \u015feyin K\u0131br\u0131s&#8217;ta olmas\u0131 ihtimali hi\u00e7 olamaz. \u00c7\u00fcnk\u00fc K\u0131br\u0131s&#8217;ta idareciler her zaman T\u00fcrk y\u00f6neticilerle i\u015fbirli\u011fi i\u00e7inde olmu\u015ftur ve K\u0131br\u0131s konusu partiler \u00fcst\u00fc tutulmu\u015ftur.<\/p>\n<p style=\"text-align: justify;\"><span style=\"color: #888888;\">Kaynak : Vatan<\/span><\/p>\n","protected":false},"excerpt":{"rendered":"<p style=\"text-align: center;\">\n<p style=\"text-align: justify;\">Rauf Denkta\u015f&#8217;tan ilk yorum <\/p>\n<p style=\"text-align: justify;\">KKTC Ba\u015fbakan\u0131 Ferdi Sabit Soyer, T\u00fcrkiye&#8217;deki Ergenekon soru\u015fturmas\u0131 iddianamesinde ad\u0131 ge\u00e7en KKTC&#8217;nin 1. Cumhurba\u015fkan\u0131 Rauf Denkta\u015f ve eski ba\u015fbakanlardan, ana muhalefet Ulusal Birlik Partisi (UBP) Genel Ba\u015fkan\u0131 Dervi\u015f Ero\u011flu hakk\u0131ndaki iddialar\u0131n ara\u015ft\u0131r\u0131lmas\u0131 i\u00e7in bug\u00fcn Ba\u015fsavc\u0131l\u0131ktan soru\u015fturma yap\u0131lmas\u0131 talebinde bulundu.<\/p>\n<p style=\"text-align: justify;\">KKTC Ba\u015fbakanl\u0131k <\/p>\n","protected":false},"author":1,"featured_media":0,"comment_status":"open","ping_status":"closed","sticky":false,"template":"","format":"standard","meta":{"footnotes":""},"categories":[105],"tags":[],"class_list":["post-7908","post","type-post","status-publish","format-standard","hentry","category-gundem","odd"],"_links":{"self":[{"href":"http:\/\/www.korhanyilmaz.com\/index.php?rest_route=\/wp\/v2\/posts\/7908","targetHints":{"allow":["GET"]}}],"collection":[{"href":"http:\/\/www.korhanyilmaz.com\/index.php?rest_route=\/wp\/v2\/posts"}],"about":[{"href":"http:\/\/www.korhanyilmaz.com\/index.php?rest_route=\/wp\/v2\/types\/post"}],"author":[{"embeddable":true,"href":"http:\/\/www.korhanyilmaz.com\/index.php?rest_route=\/wp\/v2\/users\/1"}],"replies":[{"embeddable":true,"href":"http:\/\/www.korhanyilmaz.com\/index.php?rest_route=%2Fwp%2Fv2%2Fcomments&post=7908"}],"version-history":[{"count":0,"href":"http:\/\/www.korhanyilmaz.com\/index.php?rest_route=\/wp\/v2\/posts\/7908\/revisions"}],"wp:attachment":[{"href":"http:\/\/www.korhanyilmaz.com\/index.php?rest_route=%2Fwp%2Fv2%2Fmedia&parent=7908"}],"wp:term":[{"taxonomy":"category","embeddable":true,"href":"http:\/\/www.korhanyilmaz.com\/index.php?rest_route=%2Fwp%2Fv2%2Fcategories&post=7908"},{"taxonomy":"post_tag","embeddable":true,"href":"http:\/\/www.korhanyilmaz.com\/index.php?rest_route=%2Fwp%2Fv2%2Ftags&post=7908"}],"curies":[{"name":"wp","href":"https:\/\/api.w.org\/{rel}","templated":true}]}}