{"id":7903,"date":"2009-02-21T14:41:01","date_gmt":"2009-02-21T11:41:01","guid":{"rendered":"http:\/\/www.korhanyilmaz.com\/?p=7903"},"modified":"2009-02-21T14:41:01","modified_gmt":"2009-02-21T11:41:01","slug":"beni-susturmak-istiyorlar","status":"publish","type":"post","link":"http:\/\/www.korhanyilmaz.com\/?p=7903","title":{"rendered":"&#039;Beni susturmak istiyorlar&#039;"},"content":{"rendered":"<p><img loading=\"lazy\" decoding=\"async\" class=\"aligncenter size-full wp-image-7904\" title=\"Rauf Denkta\u015f\" src=\"http:\/\/www.korhanyilmaz.com\/wp-content\/uploads\/2009\/04\/rauf_denktas.jpg\" alt=\"Rauf Denkta\u015f\" width=\"226\" height=\"171\" \/><strong><\/strong><\/p>\n<p style=\"text-align: justify;\"><strong>KKTC 1. Cumhurba\u015fkan\u0131 Rauf Denkta\u015f&#8217;tan Ergenekon \u00e7\u0131k\u0131\u015f\u0131<\/strong><\/p>\n<p style=\"text-align: justify;\">KKTC&#8217;nin 1. Cumhurba\u015fkan\u0131 Rauf Denkta\u015f, T\u00fcrkiye&#8217;de K\u0131br\u0131s davas\u0131n\u0131 savundu\u011fu i\u00e7in &#8220;Ergenekon&#8221; davas\u0131yla ilgili kendisine y\u00f6nelik su\u00e7lamalar\u0131 bekledi\u011fini ifade ederek, &#8220;Beni susturmak istiyorlar, ama bunlarla susturmazlar&#8221; dedi.<\/p>\n<p style=\"text-align: justify;\">Rauf Denkta\u015f, Lefko\u015fa&#8217;daki \u00e7al\u0131\u015fma ofisinde d\u00fczenledi\u011fi bas\u0131n toplant\u0131s\u0131nda, &#8220;Ergenekon&#8221; soru\u015fturmas\u0131nda, ad\u0131n\u0131n baz\u0131 telefon konu\u015fmalar\u0131nda ge\u00e7mesiyle ilgili olarak bas\u0131nda \u00e7\u0131kan haberlere yan\u0131t vererek, \u015funlar\u0131 s\u00f6yledi.<!--more--><\/p>\n<p style=\"text-align: justify;\">&#8220;T\u00fcrkiye&#8217;de &#8216;Ergenekon&#8217; davas\u0131 ad\u0131 alt\u0131nda, laikli\u011fin tehlikede oldu\u011funu, \u0131l\u0131ml\u0131 \u0130slam diye T\u00fcrkiye&#8217;nin bir yerlere g\u00f6t\u00fcr\u00fclmekte oldu\u011funu g\u00f6ren, Atat\u00fcrk\u00e7\u00fc, Cumhuriyete sad\u0131k, vatanperver insanlar\u0131n tevkif edildi\u011fini, bir \u00e7o\u011funun 7-8 ay, bir tanesinin 13 ay yatt\u0131ktan sonra evinden \u00f6l\u00fcme g\u00f6nderildi\u011fini ve ni\u00e7in tevkif edildi\u011fini bilmedi\u011fini g\u00f6r\u00fcyoruz, \u00fcz\u00fcl\u00fcyoruz. \u015e\u00fcpheyle i\u00e7eriye al\u0131nan insanlar, &#8216;i\u00e7erde kal, ben delil ar\u0131yorum, ben delil buldu\u011fumda aleyhine dava getiririm&#8217; dercesine hapiste tutulmaktad\u0131rlar.&#8221;<\/p>\n<p style=\"text-align: justify;\">Denkta\u015f, &#8220;Barolar\u0131n, \u00f6nemli avukatlar\u0131n ve Avrupa \u0130nsan Haklar\u0131 Mahkemesi&#8217;nin (A\u0130HM) &#8216;Bunun m\u00fcmk\u00fcn olmayaca\u011f\u0131n\u0131&#8217; a\u00e7\u0131klad\u0131\u011f\u0131n\u0131&#8221; kaydetti.<\/p>\n<p style=\"text-align: justify;\">T\u00fcrkiye&#8217;den bir gazeteden arand\u0131\u011f\u0131n\u0131, &#8220;Ergenekon&#8221; soru\u015fturmas\u0131nda ad\u0131 ge\u00e7en bir kad\u0131n\u0131n telefon konu\u015fmalar\u0131nda isminin ge\u00e7ti\u011finin soruldu\u011funu anlatan Denkta\u015f, kendisine herkesin gelip gidece\u011fini, ancak bu kad\u0131n\u0131 tan\u0131mad\u0131\u011f\u0131n\u0131 belirterek, o d\u00f6nemin randevu defterlerini ara\u015ft\u0131rd\u0131\u011f\u0131n\u0131, bu kad\u0131nla bir g\u00f6r\u00fc\u015fmesinin olmad\u0131\u011f\u0131n\u0131 s\u00f6yledi.<\/p>\n<p style=\"text-align: justify;\">Ta\u015f Demir ad\u0131nda birinin, ART&#8217;nin K\u0131br\u0131s frekans\u0131n\u0131n al\u0131nmas\u0131nda kendisine 3-5 bin dolar \u00f6dendi\u011fini ve arsa al\u0131mlar\u0131yla ilgili iddialarda bulundu\u011funu belirten Denkta\u015f, &#8216;bunun b\u00fcy\u00fck bir yalan oldu\u011funu ve b\u00f6yle bir \u015fey olmad\u0131\u011f\u0131n\u0131&#8221; kaydetti.<\/p>\n<p style=\"text-align: justify;\">Frekans al\u0131m\u0131yla bir ilgisinin olmad\u0131\u011f\u0131n\u0131, frekans sa\u011flayan ilgili kurumun, bu konuda bir etkisinin olup olad\u0131\u011f\u0131na dair gerekli a\u00e7\u0131klamay\u0131 yapmas\u0131n\u0131 isteyen Denkta\u015f, kendisi arac\u0131l\u0131\u011f\u0131yla yap\u0131ld\u0131\u011f\u0131 iddia edilen arsa sat\u0131\u015f\u0131n\u0131n da \u0130htiyat Sand\u0131\u011f\u0131n\u0131n ihalesiyle en y\u00fcksek teklifi veren T\u00fcrk Metal Sendikas\u0131&#8217;na yap\u0131ld\u0131\u011f\u0131n\u0131 anlatt\u0131.<\/p>\n<p style=\"text-align: justify;\">Denkta\u015f, \u015f\u00f6yle devam etti:<\/p>\n<p style=\"text-align: justify;\">&#8220;B\u00f6yle bir zamanda birden bire bu niye \u00e7\u0131k\u0131yor; T\u00fcrkiye&#8217;de se\u00e7imler var, K\u0131br\u0131s&#8217;ta se\u00e7imler olacak. Herhalde Denkta\u015f ad\u0131na k\u0131zg\u0131n olan baz\u0131 makamlar, &#8216;bu ismi kirletin, T\u00fcrkiye&#8217;de K\u0131br\u0131s&#8217;ta fazla seviliyor, s\u00f6ylediklerine insanlar inan\u0131yor, onun i\u00e7in bunu kirletmeye ba\u015flay\u0131n, arkas\u0131n\u0131 daha getiririz&#8217; demektedir.&#8221;<\/p>\n<p style=\"text-align: justify;\">&#8220;Bu yalanlarla T\u00fcrk halk\u0131n\u0131n korkutuldu\u011funu ve sindirildi\u011fini&#8221; ifade eden Denkta\u015f, &#8220;herkesin, telefonum dinleniyor mu diye telefonunu kullanamaz hale geldi\u011fini, T\u00fcrk milletinin buna lay\u0131k olmad\u0131\u011f\u0131n\u0131&#8221; s\u00f6yledi.<\/p>\n<p style=\"text-align: justify;\">Bunun K\u0131br\u0131s&#8217;a da yans\u0131t\u0131lmak istendi\u011fini kaydeden Denkta\u015f, &#8220;Ergenekon dosyas\u0131 nedir ki K\u0131br\u0131s&#8217;ta ar\u0131yorlar, Ergenekon dosyas\u0131 e\u011fer T\u00fcrk h\u00fck\u00fcmetini d\u00fc\u015f\u00fcrmek i\u00e7in bir hareket ise, \u00f6yle diyorlar, K\u0131br\u0131sla ilgisi ne. Ama hay\u0131r, K\u0131br\u0131s&#8217;a da getirecekler, T\u00fcrk Mukavemet Te\u015fkilat\u0131&#8217;na (TMT) ba\u011flayacaklar. Herkes TMT&#8217;ye ba\u011fl\u0131 oldu\u011fu i\u00e7in, hizmet etti\u011fi i\u00e7in \u015feref duymaktad\u0131r. Bu milli direni\u015f te\u015fkilat\u0131n\u0131 kirletmeye kalkmas\u0131nlar, b\u00fct\u00fcn K\u0131br\u0131s T\u00fcrkleri&#8217;ni kar\u015f\u0131lar\u0131nda bulurlar&#8221; diye konu\u015ftu.<\/p>\n<p style=\"text-align: justify;\"><strong>&#8220;BUNLARI BEKL\u0130YORDUM&#8221;<\/strong><\/p>\n<p style=\"text-align: justify;\">&#8220;Ergenekon&#8217;un ne ve ba\u015f\u0131n\u0131n kim oldu\u011funa dair bir mahkeme karar\u0131 olmad\u0131\u011f\u0131n\u0131&#8221; kaydeden Denkta\u015f, &#8220;Ergenekon&#8221;la ilgili su\u00e7lamalar\u0131 bekledi\u011fini ifade ederek, \u015funlar\u0131 s\u00f6yledi:<\/p>\n<p style=\"text-align: justify;\">&#8220;Bunlar\u0131 ben bekliyordum, \u00e7\u00fcnk\u00fc T\u00fcrkiye&#8217;de K\u0131br\u0131s davas\u0131n\u0131 savunuyorum. K\u0131br\u0131s davas\u0131n\u0131n i\u00e7inde bulundu\u011fu kanal, &#8216;tek devlet, tek halk, tek egemenlik ve Avrupa normlar\u0131n\u0131n kesintisiz uygulanaca\u011f\u0131&#8221; bir ortama do\u011fru g\u00f6t\u00fcr\u00fclmekte. Gelip giden ABD, \u0130ngiltere ve AB yetkililerinin yapt\u0131klar\u0131 beyanatlara bakt\u0131\u011f\u0131m\u0131zda, Rum taraf\u0131n\u0131n Annan plan\u0131nda reddetti\u011fi, kabul etmedi\u011fi ne varsa, kabul edebilir hale getirmek i\u00e7in bir gayret vard\u0131r.&#8221;<\/p>\n<p style=\"text-align: justify;\">K\u0131br\u0131s Rum y\u00f6netimi lideri Dimitris Hristofyas&#8217;\u0131n, Rum Ba\u015fpiskopos ve EOKA derneklerine verdi\u011fi \u00f6zel bilgilerden sonra, Ba\u015fpiskopos ve EOKA derneklerinin bundan memnun oldu\u011funu a\u00e7\u0131klad\u0131\u011f\u0131n\u0131 anlatan Denkta\u015f,s\u00f6zlerini \u015f\u00f6yle s\u00fcrd\u00fcrd\u00fc:<\/p>\n<p style=\"text-align: justify;\">&#8220;E\u011fer hala K\u0131br\u0131s T\u00fcrkleri ve T\u00fcrkiye i\u015flerin teslimiyete gitti\u011fini g\u00f6rmez ve bu kanaldan \u00e7\u0131kmazsa tehlikeli bir kanalda olaca\u011f\u0131z. Bunlar\u0131 s\u00f6yledi\u011fim i\u00e7in herhalde g\u00fccenenler vard\u0131r ve beni susturmak istiyorlar ama bunlarla susturamazlar. T\u00fcrk milletine milli davam\u0131z\u0131n ne oldu\u011funu, nerelere gitmekte oldu\u011funu s\u00f6ylemek bizim borcumuzdur, Say\u0131n (KKTC Cumhurba\u015fkan\u0131 Mehmet Ali) Talat&#8217;\u0131 ikaz etmek bizim g\u00f6revimizdir.&#8221;<\/p>\n<p style=\"text-align: justify;\"><span style=\"color: #888888;\">Kaynak : Vatan<\/span><\/p>\n<p style=\"text-align: justify;\">\n","protected":false},"excerpt":{"rendered":"<\/p>\n<p style=\"text-align: justify;\">KKTC 1. Cumhurba\u015fkan\u0131 Rauf Denkta\u015f&#8217;tan Ergenekon \u00e7\u0131k\u0131\u015f\u0131<\/p>\n<p style=\"text-align: justify;\">KKTC&#8217;nin 1. Cumhurba\u015fkan\u0131 Rauf Denkta\u015f, T\u00fcrkiye&#8217;de K\u0131br\u0131s davas\u0131n\u0131 savundu\u011fu i\u00e7in &#8220;Ergenekon&#8221; davas\u0131yla ilgili kendisine y\u00f6nelik su\u00e7lamalar\u0131 bekledi\u011fini ifade ederek, &#8220;Beni susturmak istiyorlar, ama bunlarla susturmazlar&#8221; dedi.<\/p>\n<p style=\"text-align: justify;\">Rauf Denkta\u015f, Lefko\u015fa&#8217;daki \u00e7al\u0131\u015fma ofisinde d\u00fczenledi\u011fi bas\u0131n toplant\u0131s\u0131nda, &#8220;Ergenekon&#8221; soru\u015fturmas\u0131nda, ad\u0131n\u0131n baz\u0131 telefon konu\u015fmalar\u0131nda ge\u00e7mesiyle <\/p>\n","protected":false},"author":1,"featured_media":0,"comment_status":"open","ping_status":"closed","sticky":false,"template":"","format":"standard","meta":{"footnotes":""},"categories":[105],"tags":[],"class_list":["post-7903","post","type-post","status-publish","format-standard","hentry","category-gundem","odd"],"_links":{"self":[{"href":"http:\/\/www.korhanyilmaz.com\/index.php?rest_route=\/wp\/v2\/posts\/7903","targetHints":{"allow":["GET"]}}],"collection":[{"href":"http:\/\/www.korhanyilmaz.com\/index.php?rest_route=\/wp\/v2\/posts"}],"about":[{"href":"http:\/\/www.korhanyilmaz.com\/index.php?rest_route=\/wp\/v2\/types\/post"}],"author":[{"embeddable":true,"href":"http:\/\/www.korhanyilmaz.com\/index.php?rest_route=\/wp\/v2\/users\/1"}],"replies":[{"embeddable":true,"href":"http:\/\/www.korhanyilmaz.com\/index.php?rest_route=%2Fwp%2Fv2%2Fcomments&post=7903"}],"version-history":[{"count":0,"href":"http:\/\/www.korhanyilmaz.com\/index.php?rest_route=\/wp\/v2\/posts\/7903\/revisions"}],"wp:attachment":[{"href":"http:\/\/www.korhanyilmaz.com\/index.php?rest_route=%2Fwp%2Fv2%2Fmedia&parent=7903"}],"wp:term":[{"taxonomy":"category","embeddable":true,"href":"http:\/\/www.korhanyilmaz.com\/index.php?rest_route=%2Fwp%2Fv2%2Fcategories&post=7903"},{"taxonomy":"post_tag","embeddable":true,"href":"http:\/\/www.korhanyilmaz.com\/index.php?rest_route=%2Fwp%2Fv2%2Ftags&post=7903"}],"curies":[{"name":"wp","href":"https:\/\/api.w.org\/{rel}","templated":true}]}}