{"id":7898,"date":"2009-04-08T12:58:33","date_gmt":"2009-04-08T09:58:33","guid":{"rendered":"http:\/\/www.korhanyilmaz.com\/?p=7898"},"modified":"2009-04-08T12:58:33","modified_gmt":"2009-04-08T09:58:33","slug":"mhpde-yeni-liderlik-arayisi","status":"publish","type":"post","link":"http:\/\/www.korhanyilmaz.com\/?p=7898","title":{"rendered":"MHP&#039;de yeni liderlik aray\u0131\u015f\u0131"},"content":{"rendered":"<p style=\"text-align: center;\"><img loading=\"lazy\" decoding=\"async\" class=\"aligncenter size-full wp-image-7899\" title=\"MHP'de yeni liderlik aray\u0131\u015f\u0131 \" src=\"http:\/\/www.korhanyilmaz.com\/wp-content\/uploads\/2009\/04\/080420091703058669888.jpg\" alt=\"MHP'de yeni liderlik aray\u0131\u015f\u0131 \" width=\"329\" height=\"210\" \/><\/p>\n<p style=\"text-align: justify;\"><strong>Eski Bay\u0131nd\u0131rl\u0131k ve \u0130skan Bakan\u0131 Koray Ayd\u0131n, MHP Genel Ba\u015fkan\u0131 Devlet Bah\u00e7eli&#8217;nin bu y\u0131l yap\u0131lacak B\u00fcy\u00fck Kurultay&#8217;da MHP&#8217;nin t\u00fcz\u00fc\u011f\u00fcne g\u00f6re yeniden aday olamayaca\u011f\u0131n\u0131 s\u00f6yleyerek, Bah\u00e7eli&#8217;nin &#8220;partinin \u00f6n\u00fcn\u00fc a\u00e7mas\u0131&#8221; i\u00e7in ola\u011fan\u00fcst\u00fc Genel Kurultay\u0131 toplamas\u0131n\u0131 istedi.<\/strong><\/p>\n<p style=\"text-align: justify;\">Bay\u0131nd\u0131rl\u0131k ve \u0130skan eski Bakan\u0131 Koray Ayd\u0131n, MHP Genel Ba\u015fkan\u0131 Devlet Bah\u00e7eli&#8217;nin bu y\u0131l yap\u0131lacak B\u00fcy\u00fck Kurultay&#8217;da MHP&#8217;nin t\u00fcz\u00fc\u011f\u00fcne g\u00f6re yeniden aday olamayaca\u011f\u0131n\u0131 s\u00f6yleyerek, Bah\u00e7eli&#8217;nin &#8220;partinin \u00f6n\u00fcn\u00fc a\u00e7mas\u0131&#8221; i\u00e7in ola\u011fan\u00fcst\u00fc Genel Kurultay\u0131 toplamas\u0131n\u0131 istedi.<!--more--><\/p>\n<p style=\"text-align: justify;\">Koray Ayd\u0131n, Gazeteciler Cemiyeti&#8217;nde bir bas\u0131n toplant\u0131s\u0131 d\u00fczenleyerek a\u00e7\u0131klamalarda bulundu. 29 Mart yerel se\u00e7imlerinin yan\u0131 s\u0131ra 2007 se\u00e7imlerinde MHP&#8217;nin \u00f6nemli f\u0131rsatlar\u0131 ka\u00e7\u0131rd\u0131\u011f\u0131n\u0131 s\u00f6yleyen Ayd\u0131n, siyasal kutupla\u015fmalar nedeniyle sadece 3 partinin yar\u0131\u015ft\u0131\u011f\u0131 her iki se\u00e7imde de MHP&#8217;nin \u00fc\u00e7\u00fcnc\u00fc oldu\u011funu ve ba\u015far\u0131l\u0131 say\u0131lamayaca\u011f\u0131n\u0131 ifade etti.<\/p>\n<p style=\"text-align: justify;\">Ayd\u0131n, liderlik vasf\u0131n\u0131n MHP i\u00e7in \u00f6nem ta\u015f\u0131d\u0131\u011f\u0131n\u0131 belirterek Bah\u00e7eli d\u00f6neminde MHP&#8217;nin lider a\u011f\u0131rl\u0131kl\u0131 bir partiden giderek te\u015fkilat a\u011f\u0131rl\u0131kl\u0131 ve kat\u0131l\u0131mc\u0131l\u0131ktan uzak bir partiye do\u011fru y\u00f6neldi\u011fini savundu<\/p>\n<p style=\"text-align: justify;\"><strong>-&#8220;BAH\u00c7EL\u0130&#8217;N\u0130N YEN\u0130DEN ADAY OLMASININ \u00d6N\u00dc KAPALI&#8221;-<\/strong><\/p>\n<p style=\"text-align: justify;\">MHP&#8217;nin t\u00fcz\u00fc\u011f\u00fcnde liderlik sultas\u0131 iddias\u0131 olmayan, iki partiden biri oldu\u011funu anlatan Ayd\u0131n, eski Genel Ba\u015fkan Alparslan T\u00fcrke\u015f&#8217;in 9 Ekim 1994 tarihinde yap\u0131lan kongrede t\u00fcz\u00fc\u011f\u00fcn 43. maddesini de\u011fi\u015ftirerek, &#8220;Ayn\u0131 ki\u015fi ara vermeksizin be\u015f defadan fazla se\u00e7ilemez&#8221; h\u00fckm\u00fcn\u00fc getirdi\u011fini kaydetti. Ayd\u0131n, &#8220;T\u00fcz\u00fc\u011f\u00fcm\u00fczdeki bu de\u011fi\u015fikli\u011fin, 1994 y\u0131l\u0131nda benim de MYK&#8217;ya se\u00e7ildi\u011fim B\u00fcy\u00fck Kurultay&#8217;da yap\u0131ld\u0131\u011f\u0131n\u0131 \u00e7ok iyi hat\u0131rlamakla birlikte, Alparslan T\u00fcrke\u015f d\u00f6neminde MHP&#8217;nin Genel Sekreterli\u011fini yapm\u0131\u015f, eski bir y\u00f6netici olarak elimdeki bu eski t\u00fcz\u00fc\u011f\u00fc ar\u015fivimde halen saklamaktay\u0131m. Bu bilgiler \u0131\u015f\u0131\u011f\u0131nda, 6 Temmuz 1997 tarihinde ilk defa Genel Ba\u015fkan se\u00e7ilen Say\u0131n Devlet Bah\u00e7eli, 23 Kas\u0131m 1997 tarihinde ikinci defa se\u00e7ilmi\u015ftir. 5 Kas\u0131m 2000 tarihinde \u00fc\u00e7\u00fcnc\u00fc defa, 12 Ekim 2003 tarihinde d\u00f6rd\u00fcnc\u00fc defa se\u00e7ilmi\u015f, 19 Kas\u0131m 2006 tarihinde yap\u0131lan 8 Ola\u011fan B\u00fcy\u00fck Kurultay&#8217;da be\u015finci defa ve son kez se\u00e7ilmi\u015ftir. Yani, Genel Ba\u015fkan\u0131m\u0131z\u0131n bu y\u0131l i\u00e7inde yap\u0131lacak kurultayda aday olmas\u0131n\u0131n \u00f6n\u00fc kapal\u0131d\u0131r&#8221; a\u00e7\u0131klamas\u0131nda bulundu.<\/p>\n<p style=\"text-align: justify;\"><strong>-&#8220;OLA\u011eAN\u00dcST\u00dc GENEL KURULTAYI TOPLAYIN&#8221;-<\/strong><\/p>\n<p style=\"text-align: justify;\">Bah\u00e7eli&#8217;nin s\u00f6z konusu maddeyi hi\u00e7bir kurultayda de\u011fi\u015ftirmeyerek T\u00fcrke\u015f&#8217;in ilkeli duru\u015funa sahip \u00e7\u0131kt\u0131\u011f\u0131n\u0131 s\u00f6yleyen Ayd\u0131n, Bah\u00e7eli&#8217;ye de \u015f\u00fckranlar\u0131n\u0131 sundu. Ayd\u0131n, Genel Ba\u015fkan Bah\u00e7eli&#8217;nin yetkilerini kullanarak ola\u011fan\u00fcst\u00fc kurultay\u0131 toplant\u0131ya \u00e7a\u011f\u0131rmas\u0131n\u0131 isteyerek, &#8220;Ola\u011fan\u00fcst\u00fc kurultayda t\u00fcz\u00fc\u011f\u00fcn se\u00e7imli ola\u011fan\u00fcst\u00fc kurultayda t\u00fcz\u00fc\u011f\u00fcn &#8216;se\u00e7imli ola\u011fan\u00fcst\u00fc kurultay yap\u0131lamaz&#8217; maddesini de\u011fi\u015ftirerek, yeni se\u00e7ilecek MHP Genel Ba\u015fkan\u0131&#8217;n\u0131n \u00f6n\u00fcn\u00fc a\u00e7\u0131n\u0131z. Dolay\u0131s\u0131yla MHP&#8217;nin \u00f6n\u00fcn\u00fc a\u00e7\u0131n\u0131z. Ola\u011fan kongreye kadar ge\u00e7ecek s\u00fcre i\u00e7inde yeni Genel Ba\u015fkana te\u015fkilatlar\u0131 d\u00fczenleme ve partiyi yeniden yap\u0131land\u0131rma f\u0131rsat\u0131 verilmelidir&#8221; dedi.<\/p>\n<p style=\"text-align: justify;\"><strong>-&#8220;MHP&#8217;N\u0130N OLA\u011eAN GENEL KURULTAYI BEKLEYECEK L\u00dcKS\u00dc YOK&#8221;-<\/strong><\/p>\n<p style=\"text-align: justify;\">MHP&#8217;nin ola\u011fan kurultay\u0131 bekleyecek &#8220;l\u00fcks\u00fc&#8221; olmad\u0131\u011f\u0131n\u0131 savunan Ayd\u0131n, MHP&#8217;nin &#8220;zaten&#8221; yap\u0131lacak lider de\u011fi\u015fimini bir an \u00f6nce hayata ge\u00e7irmesi ve iktidara y\u00fcr\u00fcmesi gerekti\u011fini s\u00f6yledi. Ayd\u0131n, &#8220;MHP, bu de\u011fi\u015fimi s\u00fcratle ger\u00e7ekle\u015ftirmedi\u011fi takdirde bilimsel ara\u015ft\u0131rmalarda ortaya \u00e7\u0131kan ve se\u00e7im sonu\u00e7lar\u0131yla da apa\u00e7\u0131k g\u00f6r\u00fclen \u00f6zellikle merkez sa\u011fda meydana gelen bo\u015fluk h\u0131zla doldurulacakt\u0131r. Bu bo\u015fluk, yeni olu\u015fum aray\u0131\u015flar\u0131n\u0131 s\u00fcrekli g\u00fcndemde tutmaktad\u0131r. Siyasetin bo\u015fluk kabul etmeyece\u011fi a\u00e7\u0131kt\u0131r&#8221; diye konu\u015ftu.<\/p>\n<p style=\"text-align: justify;\"><strong>-&#8220;ADAYLI\u011eI \u0130LER\u0130K\u0130 ZAMANLARDA DE\u011eERLEND\u0130RECE\u011e\u0130M&#8221;-<\/strong><\/p>\n<p style=\"text-align: justify;\">Gazetecilerin sorular\u0131n\u0131 yan\u0131tlayan Ayd\u0131n, bir gazetecinin; aday olup olmayaca\u011f\u0131 y\u00f6n\u00fcndeki sorusuna, &#8220;Benim adayl\u0131\u011f\u0131m s\u00f6z konusu de\u011fil. Ama ileriki zamanlarda de\u011ferlendirilecektir&#8221; yan\u0131t\u0131n\u0131 verdi. Ayd\u0131n, MHP&#8217;nin bir an \u00f6nce de\u011fi\u015fime ihtiyac\u0131 oldu\u011funu belirterek MHP&#8217;nin &#8220;patinaj yapan parti&#8221; imaj\u0131ndan kurtulmas\u0131 i\u00e7in ola\u011fan\u00fcst\u00fc kurultaya gitmesi gerekti\u011fini savundu.<\/p>\n<p style=\"text-align: justify;\"><span style=\"color: #888888;\">Kaynak : Vatan<\/span><\/p>\n","protected":false},"excerpt":{"rendered":"<p style=\"text-align: center;\">\n<p style=\"text-align: justify;\">Eski Bay\u0131nd\u0131rl\u0131k ve \u0130skan Bakan\u0131 Koray Ayd\u0131n, MHP Genel Ba\u015fkan\u0131 Devlet Bah\u00e7eli&#8217;nin bu y\u0131l yap\u0131lacak B\u00fcy\u00fck Kurultay&#8217;da MHP&#8217;nin t\u00fcz\u00fc\u011f\u00fcne g\u00f6re yeniden aday olamayaca\u011f\u0131n\u0131 s\u00f6yleyerek, Bah\u00e7eli&#8217;nin &#8220;partinin \u00f6n\u00fcn\u00fc a\u00e7mas\u0131&#8221; i\u00e7in ola\u011fan\u00fcst\u00fc Genel Kurultay\u0131 toplamas\u0131n\u0131 istedi.<\/p>\n<p style=\"text-align: justify;\">Bay\u0131nd\u0131rl\u0131k ve \u0130skan eski Bakan\u0131 Koray Ayd\u0131n, MHP Genel Ba\u015fkan\u0131 Devlet Bah\u00e7eli&#8217;nin bu y\u0131l <\/p>\n","protected":false},"author":1,"featured_media":0,"comment_status":"open","ping_status":"closed","sticky":false,"template":"","format":"standard","meta":{"footnotes":""},"categories":[105],"tags":[],"class_list":["post-7898","post","type-post","status-publish","format-standard","hentry","category-gundem","odd"],"_links":{"self":[{"href":"http:\/\/www.korhanyilmaz.com\/index.php?rest_route=\/wp\/v2\/posts\/7898","targetHints":{"allow":["GET"]}}],"collection":[{"href":"http:\/\/www.korhanyilmaz.com\/index.php?rest_route=\/wp\/v2\/posts"}],"about":[{"href":"http:\/\/www.korhanyilmaz.com\/index.php?rest_route=\/wp\/v2\/types\/post"}],"author":[{"embeddable":true,"href":"http:\/\/www.korhanyilmaz.com\/index.php?rest_route=\/wp\/v2\/users\/1"}],"replies":[{"embeddable":true,"href":"http:\/\/www.korhanyilmaz.com\/index.php?rest_route=%2Fwp%2Fv2%2Fcomments&post=7898"}],"version-history":[{"count":0,"href":"http:\/\/www.korhanyilmaz.com\/index.php?rest_route=\/wp\/v2\/posts\/7898\/revisions"}],"wp:attachment":[{"href":"http:\/\/www.korhanyilmaz.com\/index.php?rest_route=%2Fwp%2Fv2%2Fmedia&parent=7898"}],"wp:term":[{"taxonomy":"category","embeddable":true,"href":"http:\/\/www.korhanyilmaz.com\/index.php?rest_route=%2Fwp%2Fv2%2Fcategories&post=7898"},{"taxonomy":"post_tag","embeddable":true,"href":"http:\/\/www.korhanyilmaz.com\/index.php?rest_route=%2Fwp%2Fv2%2Ftags&post=7898"}],"curies":[{"name":"wp","href":"https:\/\/api.w.org\/{rel}","templated":true}]}}