{"id":7892,"date":"2009-04-08T14:39:39","date_gmt":"2009-04-08T11:39:39","guid":{"rendered":"http:\/\/www.korhanyilmaz.com\/?p=7892"},"modified":"2009-04-08T14:39:39","modified_gmt":"2009-04-08T11:39:39","slug":"sezerden-istifa-aciklamasi","status":"publish","type":"post","link":"http:\/\/www.korhanyilmaz.com\/?p=7892","title":{"rendered":"Sezer&#039;den istifa a\u00e7\u0131klamas\u0131"},"content":{"rendered":"<p style=\"text-align: center;\"><img loading=\"lazy\" decoding=\"async\" class=\"aligncenter size-full wp-image-7893\" title=\"DSP Genel Ba\u015fkan\u0131 Zeki Sezer \" src=\"http:\/\/www.korhanyilmaz.com\/wp-content\/uploads\/2009\/04\/zeki_sezer_yeni0.jpg\" alt=\"DSP Genel Ba\u015fkan\u0131 Zeki Sezer \" width=\"357\" height=\"189\" \/><strong><\/strong><\/p>\n<p style=\"text-align: justify;\"><strong>DSP lideri istifa karar\u0131n\u0131 canl\u0131 yay\u0131nda a\u00e7\u0131klad\u0131.<\/strong><\/p>\n<p style=\"text-align: justify;\">DSP Genel Ba\u015fkan\u0131 Zeki Sezer istifa karar\u0131n\u0131 canl\u0131 yay\u0131nda a\u00e7\u0131klad\u0131. Se\u00e7im sonu\u00e7lar\u0131 \u00fczerine istifa karar\u0131 ald\u0131\u011f\u0131n\u0131 vurgulayan DSP lideri Sezer \u015funlar\u0131 s\u00f6yledi:<\/p>\n<p style=\"text-align: justify;\">Uzun zamand\u0131r birlikte olamad\u0131k ama hakk\u0131n\u0131z\u0131 helal edin diyorum.<\/p>\n<p style=\"text-align: justify;\">Bu istifa karar\u0131ndan \u00f6nce bir iki TV kanal\u0131yla \u00e7ok \u00f6nceden randevumuz vard\u0131. Onlar\u0131n bir ka\u00e7\u0131na kat\u0131ld\u0131m, bir ka\u00e7\u0131na kat\u0131lamad\u0131m. Onlardan af diliyorum. <!--more--><\/p>\n<p style=\"text-align: justify;\">29 Mart&#8217;ta bir yerel se\u00e7im ya\u015fad\u0131k. Benim Genel Ba\u015fkan olarak kat\u0131ld\u0131\u011f\u0131m ilk se\u00e7imdi. Se\u00e7im sonras\u0131 g\u00fcnler muhasebe g\u00fcnleri ayn\u0131 zamanda hesap verme g\u00fcnleri&#8230; Biz de DSP olarak se\u00e7imlerden sonra, yetkili kurumlar\u0131n\u0131 toplayarak bu de\u011ferlendirmeyi yapan tek partiyiz. Parti meclisimizde bu konuyu 9 saate yak\u0131n tart\u0131\u015ft\u0131k. \u00d6n\u00fcm\u00fczdeki Cumartesi ve Pazar g\u00fcn\u00fc de, 2 g\u00fcnl\u00fck bir \u00e7al\u0131\u015fma toplant\u0131s\u0131nda konu\u015faca\u011f\u0131z.<\/p>\n<p style=\"text-align: justify;\">Ben 29 Mart ak\u015fam\u0131 ald\u0131\u011f\u0131m\u0131z sonucun gere\u011fi olarak, \u00f6teden beri dayand\u0131\u011f\u0131m ilkeler ve g\u00f6r\u00fc\u015flerimin de gere\u011fi olarak istifa karar\u0131n\u0131 alm\u0131\u015ft\u0131m. Bunu da arkada\u015flar\u0131mla payla\u015fm\u0131\u015ft\u0131m. Ama \u00f6rg\u00fcte hesap vermeden ve bulu\u015fmadan bunu yapman\u0131n do\u011fru olmad\u0131\u011f\u0131n\u0131, \u00f6rg\u00fct\u00fcme olan sayg\u0131mdan dolay\u0131, toplant\u0131lar\u0131n sonunda resmen istifa etmeyi d\u00fc\u015f\u00fcnd\u00fcm.<\/p>\n<p style=\"text-align: justify;\">Ger\u00e7ekten benim i\u00e7in bu partide olmak 88&#8217;den bu yana her kademesinde g\u00f6rev yapmak bir onurdur. B\u00fclent Ecevit gibi d\u00fcnya devi liderden sonra onun koltu\u011funda g\u00f6rev yapmak b\u00fcy\u00fck bir onurdur. Ama ayn\u0131 zamanda sadece halka hizmet i\u00e7in bir araya gelmi\u015f bir \u00f6rg\u00fct\u00fcn par\u00e7as\u0131 olmak b\u00fcy\u00fck bir onur.<\/p>\n<p style=\"text-align: justify;\">Bu arada \u00f6rg\u00fct\u00fcm\u00fcze milletimize ve y\u00f6netimdeki arkada\u015flar\u0131m\u0131za minnetimizi sunuyorum. Ola\u011fan\u00fcst\u00fc, g\u00f6n\u00fcl birlikteli\u011fi i\u00e7inde bir \u00e7al\u0131\u015fma ortaya koyduk. Ama se\u00e7im sonucu beni bu noktaya ta\u015f\u0131d\u0131. DSP \u00f6n\u00fcm\u00fczdeki s\u00fcre\u00e7te hak etti\u011fi yeri alacak. DSP&#8217;nin haketti\u011fi milletin haketti\u011fidir. \u00c7\u00fcnk\u00fc DSP T\u00fcrkiye&#8217;dir. T\u00fcrkiye&#8217;nin b\u00fct\u00fcnl\u00fc\u011f\u00fcn\u00fcn, birli\u011finin partisidir.<\/p>\n<p style=\"text-align: justify;\">\u00d6mr\u00fcm\u00fcn sonuna kadar bir Demokratik Solcu olarak kalaca\u011f\u0131mdan kimsenin ku\u015fkusu olmas\u0131n.<\/p>\n<p style=\"text-align: justify;\"><span style=\"color: #888888;\">Kaynak : Vatan<\/span><\/p>\n<p style=\"text-align: justify;\">\n","protected":false},"excerpt":{"rendered":"<p style=\"text-align: center;\">\n<p style=\"text-align: justify;\">DSP lideri istifa karar\u0131n\u0131 canl\u0131 yay\u0131nda a\u00e7\u0131klad\u0131.<\/p>\n<p style=\"text-align: justify;\">DSP Genel Ba\u015fkan\u0131 Zeki Sezer istifa karar\u0131n\u0131 canl\u0131 yay\u0131nda a\u00e7\u0131klad\u0131. Se\u00e7im sonu\u00e7lar\u0131 \u00fczerine istifa karar\u0131 ald\u0131\u011f\u0131n\u0131 vurgulayan DSP lideri Sezer \u015funlar\u0131 s\u00f6yledi:<\/p>\n<p style=\"text-align: justify;\">Uzun zamand\u0131r birlikte olamad\u0131k ama hakk\u0131n\u0131z\u0131 helal edin diyorum.<\/p>\n<p style=\"text-align: justify;\">Bu istifa karar\u0131ndan \u00f6nce bir iki <\/p>\n","protected":false},"author":1,"featured_media":0,"comment_status":"open","ping_status":"closed","sticky":false,"template":"","format":"standard","meta":{"footnotes":""},"categories":[105],"tags":[],"class_list":["post-7892","post","type-post","status-publish","format-standard","hentry","category-gundem","odd"],"_links":{"self":[{"href":"http:\/\/www.korhanyilmaz.com\/index.php?rest_route=\/wp\/v2\/posts\/7892","targetHints":{"allow":["GET"]}}],"collection":[{"href":"http:\/\/www.korhanyilmaz.com\/index.php?rest_route=\/wp\/v2\/posts"}],"about":[{"href":"http:\/\/www.korhanyilmaz.com\/index.php?rest_route=\/wp\/v2\/types\/post"}],"author":[{"embeddable":true,"href":"http:\/\/www.korhanyilmaz.com\/index.php?rest_route=\/wp\/v2\/users\/1"}],"replies":[{"embeddable":true,"href":"http:\/\/www.korhanyilmaz.com\/index.php?rest_route=%2Fwp%2Fv2%2Fcomments&post=7892"}],"version-history":[{"count":0,"href":"http:\/\/www.korhanyilmaz.com\/index.php?rest_route=\/wp\/v2\/posts\/7892\/revisions"}],"wp:attachment":[{"href":"http:\/\/www.korhanyilmaz.com\/index.php?rest_route=%2Fwp%2Fv2%2Fmedia&parent=7892"}],"wp:term":[{"taxonomy":"category","embeddable":true,"href":"http:\/\/www.korhanyilmaz.com\/index.php?rest_route=%2Fwp%2Fv2%2Fcategories&post=7892"},{"taxonomy":"post_tag","embeddable":true,"href":"http:\/\/www.korhanyilmaz.com\/index.php?rest_route=%2Fwp%2Fv2%2Ftags&post=7892"}],"curies":[{"name":"wp","href":"https:\/\/api.w.org\/{rel}","templated":true}]}}