{"id":7887,"date":"2009-04-08T08:56:56","date_gmt":"2009-04-08T05:56:56","guid":{"rendered":"http:\/\/www.korhanyilmaz.com\/?p=7887"},"modified":"2009-04-08T08:56:56","modified_gmt":"2009-04-08T05:56:56","slug":"yuksek-secim-kurulu-susamaz","status":"publish","type":"post","link":"http:\/\/www.korhanyilmaz.com\/?p=7887","title":{"rendered":"Y\u00fcksek Se\u00e7im Kurulu SUSAMAZ!"},"content":{"rendered":"<p style=\"text-align: justify;\"><img loading=\"lazy\" decoding=\"async\" class=\"size-full wp-image-7888 alignleft\" style=\"margin-left: 10px; margin-right: 10px;\" title=\"Ruhat Mengi\" src=\"http:\/\/www.korhanyilmaz.com\/wp-content\/uploads\/2009\/04\/4.jpg\" alt=\"Ruhat Mengi\" width=\"102\" height=\"102\" \/>Obama geldi ve T\u00fcrkiye&#8217;nin en \u00f6nemli meselesinin \u00fcst\u00fc \u00f6rt\u00fcld\u00fc ama \u00fclkenin gelece\u011fi a\u00e7\u0131s\u0131ndan bu konunun kapat\u0131lmas\u0131na g\u00f6z yummamak gerekiyor. Ge\u00e7en Pazar Her A\u00e7\u0131dan&#8217;da: 29 Mart se\u00e7imlerindeki 1 saatlik elektrik kesintisini, bu kesintiden \u00f6nce \u00f6rne\u011fin \u0130stanbul ve Ankara&#8217;da ald\u0131klar\u0131 oylarla \u00f6nde olan K\u0131l\u0131\u00e7daro\u011flu ile Karayal\u00e7\u0131n&#8217;\u0131n ve muhalefet partilerine mensup ba\u015fka adaylar\u0131n kesintiden sonra geriye d\u00fc\u015ft\u00fc\u011f\u00fcn\u00fc, MHP Grup Ba\u015fkanvekili Oktay Vural&#8217;\u0131n g\u00f6sterdi\u011fi somut belgelerle &#8220;bir\u00e7ok sand\u0131kta MHP&#8217;nin ald\u0131\u011f\u0131 oylar\u0131n s\u0131f\u0131r olarak&#8221; yaz\u0131ld\u0131\u011f\u0131n\u0131, elektrik kesintisi i\u00e7in Ba\u015fbakan&#8217;\u0131n &#8220;Enerji Bakanl\u0131\u011f\u0131&#8217;ndan kaynaklanmad\u0131&#8221;, TEDA\u015e&#8217;\u0131n &#8220;Bizden kaynaklanmad\u0131&#8221; a\u00e7\u0131klamalar\u0131n\u0131, Ankara&#8217;daki kesintilerin baz\u0131 gruplar\u0131n &#8220;sabotaj\u0131&#8221; olarak savc\u0131l\u0131\u011fa yans\u0131d\u0131\u011f\u0131n\u0131 konu\u015ftuk.<\/p>\n<p style=\"text-align: justify;\">Kamuoyu ara\u015ft\u0131rmalar\u0131 uzman\u0131 B\u00fclent Tanla; oylar\u0131n toplanmas\u0131n\u0131 sa\u011flayan &#8220;SE\u00c7S\u0130S&#8221; bilgisayar sisteminin &#8220;server&#8221;\u0131n\u0131n (sunucu) Adalet Bakanl\u0131\u011f\u0131&#8217;na ba\u011fl\u0131 UYAP&#8217;ta bulundu\u011funu a\u00e7\u0131klad\u0131. <!--more-->Programa telefonla ba\u011flanan Yarg\u0131\u00e7 ve Savc\u0131lar Birli\u011fi (YARSAV) Ba\u015fkan\u0131 \u00d6mer Faruk Emina\u011fao\u011flu &#8220;Bu sistemle se\u00e7imlerin yarg\u0131 kontrol\u00fcnde de\u011fil h\u00fck\u00fcmetin bakanl\u0131\u011f\u0131n\u0131n kontrol\u00fcnde yap\u0131ld\u0131\u011f\u0131n\u0131, bunun hukuken kabul edilemez bir durum oldu\u011funu ve YARSAV olarak dava a\u00e7t\u0131klar\u0131n\u0131&#8221; anlatt\u0131.<\/p>\n<p style=\"text-align: justify;\">Ortada b\u00f6yle bir skandal tablo varken Y\u00fcksek Se\u00e7im Kurulu&#8217;ndan a\u00e7\u0131klama beklemek, a\u00e7\u0131k ve net \u015fekilde hile ihtimali olan bir se\u00e7imi &#8220;neden kabule zorland\u0131\u011f\u0131n\u0131&#8221; \u00f6\u011frenmek milletin en do\u011fal hakk\u0131d\u0131r. Kald\u0131 ki (kendisi, bakanlar\u0131 ve belediye ba\u015fkan adaylar\u0131 da se\u00e7im s\u00fcrecinde se\u00e7mene &#8220;tehdit i\u00e7eren konu\u015fmalar&#8221; yapmalar\u0131na ra\u011fmen) \u00fclkenin Ba\u015fbakan\u0131 Erdo\u011fan &#8220;G\u00fcneydo\u011fu&#8217;da halk\u0131n nas\u0131l tehdit edildi\u011fini&#8221; de kendi a\u011fz\u0131yla anlatm\u0131\u015ft\u0131r.<\/p>\n<p style=\"text-align: justify;\"><strong>ABD&#8217;DEN B\u0130LE M\u00dcDAHALE M\u00dcMK\u00dcN<\/strong><\/p>\n<p style=\"text-align: justify;\">Peki o zaman YSK TV&#8217;den de ka\u00e7 kez \u00e7a\u011fr\u0131 yapt\u0131\u011f\u0131m\u0131z halde bu &#8220;tehditler alt\u0131nda yap\u0131lan ve hile ihtimali y\u00fcksek&#8221; se\u00e7ime nas\u0131l susuyor? Acaba kendi kullanaca\u011f\u0131 program\u0131 Y\u00fcksek Se\u00e7im Kurulu&#8217;nun kontrol\u00fcne almas\u0131, h\u00fck\u00fcmete ba\u011fl\u0131 bir kurumda b\u0131rakmamas\u0131 g\u00f6revi de\u011fil miydi?<\/p>\n<p style=\"text-align: justify;\">Tam oylar\u0131n topland\u0131\u011f\u0131 ve a\u00e7\u0131kland\u0131\u011f\u0131 saatlere denk gelen bir saatlik ve yayg\u0131n elektrik kesintisi s\u0131ras\u0131nda &#8220;ABD&#8217;den bile kolayca m\u00fcdahaleye a\u00e7\u0131k oldu\u011fu elektrik ve bilgisayar m\u00fchendisleri taraf\u0131ndan belirtilen&#8221; bu sistemle hile yap\u0131l\u0131p yap\u0131lmad\u0131\u011f\u0131n\u0131 kendileri de merak ederek ara\u015ft\u0131rd\u0131lar m\u0131? Kesinlikle hi\u00e7bir hilenin yap\u0131lmad\u0131\u011f\u0131n\u0131 ve yap\u0131lamayaca\u011f\u0131n\u0131 garanti ediyorlar m\u0131?<\/p>\n<p style=\"text-align: justify;\"><strong>\u015eOK A\u00c7IKLAMA<\/strong><\/p>\n<p style=\"text-align: justify;\">\u0130zmit&#8217;te se\u00e7imi kazanan AKP&#8217;li Nevzat Do\u011fan mazbatas\u0131n\u0131 al\u0131rken 1. B\u00f6lge \u0130l\u00e7e Se\u00e7im Kurulu Ba\u015fkan\u0131 Hakim Turan Ate\u015f dinleyenlerde \u015fok yaratan bir konu\u015fma yapm\u0131\u015f ve:<\/p>\n<p style=\"text-align: justify;\">&#8220;30 y\u0131l\u0131 a\u015fk\u0131n meslek hayat\u0131nda 15 se\u00e7im y\u00f6netti\u011fini, hi\u00e7bir se\u00e7imde bu se\u00e7imdeki kadar s\u0131k\u0131nt\u0131 ya\u015famad\u0131\u011f\u0131n\u0131, sand\u0131k ba\u015fkanlar\u0131n\u0131n korkak ve \u00e7ekingen olduklar\u0131n\u0131, baz\u0131 partili kurul \u00fcyelerinin ve aday yak\u0131nlar\u0131n\u0131n bask\u0131 kurduklar\u0131n\u0131, sand\u0131k mahallerinde g\u00f6revli kolluk kuvvetlerinin g\u00f6rev bilinci ve sorumlulu\u011fu i\u00e7inde olmad\u0131klar\u0131n\u0131 g\u00f6zlemledi\u011fini&#8221; s\u00f6ylemi\u015f.<\/p>\n<p style=\"text-align: justify;\">Bunlar ne demektir? \u0130l, il\u00e7e se\u00e7im kurulu \u00fcyeleri ve aday yak\u0131nlar\u0131 bu kadar kolay bask\u0131 kurabiliyor, kolluk kuvvetleri, sand\u0131k ba\u015fkanlar\u0131 g\u00f6revlerini yapm\u0131yor ve bunlara susuluyorsa kim bilir ka\u00e7 il ve il\u00e7ede benzer durumlar oldu ve g\u00f6z yumuldu, acaba bunlara susulmasayd\u0131 AKP&#8217;nin y\u00fczde 39 oy oran\u0131 y\u00fczde 29&#8217;a iner miydi?<\/p>\n<p style=\"text-align: justify;\"><strong>&#8220;ARA\u00c7TA YER YOK&#8221; <\/strong><\/p>\n<p style=\"text-align: justify;\">Hakim Turan Ate\u015f&#8217;in en \u00f6nemli c\u00fcmlesi ise, asl\u0131nda &#8220;sand\u0131k ba\u015fkanlar\u0131n\u0131n oy torbalar\u0131n\u0131 en az 2 \u00fcyeyle getirmesi&#8221; zorunluyken onlar\u0131 ta\u015f\u0131yacak belediye ara\u00e7lar\u0131ndaki belediye personelinin &#8220;yer yok&#8221; diyerek muhalefet partilerini temsil eden \u00fcyeleri ara\u00e7lara almamas\u0131&#8230; Kolluk kuvvetlerinin de onlar\u0131n ara\u00e7lara binmesini engellemesi.<\/p>\n<p style=\"text-align: justify;\">Bunlar d\u00fcr\u00fcst, bilgili, deneyimli bir hakimin cesaretle a\u00e7\u0131klad\u0131\u011f\u0131 ger\u00e7ekler&#8230;Yine duydu\u011funuzda &#8220;Kim bilir ba\u015fka hangi il ve il\u00e7elerde ayn\u0131 \u015feyler oldu ve gizlendi&#8221; demez misiniz?<\/p>\n<p style=\"text-align: justify;\">Ger\u00e7ekler \u015fimdi \u00f6\u011frenilmedi\u011fi takdirde bu se\u00e7imdeki haks\u0131zl\u0131\u011f\u0131n \u00fcst\u00fc \u00f6rt\u00fcld\u00fc\u011f\u00fc gibi yak\u0131n gelecekte &#8220;yeni genel se\u00e7im&#8221;de de ayn\u0131 oyunlar\u0131n oynanaca\u011f\u0131 \u015f\u00fcphesizdir.<\/p>\n<p style=\"text-align: justify;\">Muhalefet partilerinin bu konuyu kesinlikle Meclis&#8217;e getirmelerini beklerken YSK ve Adalet Bakanl\u0131\u011f\u0131&#8217;ndan da a\u00e7\u0131klama bekliyoruz.<\/p>\n<p style=\"text-align: justify;\">H\u00e2l\u00e2 susarlarsa bu suskunluk a\u00e7\u0131k\u00e7a &#8220;demokrasiye sayg\u0131s\u0131zl\u0131k&#8221; olacak!<\/p>\n<p style=\"text-align: justify;\"><span style=\"color: #888888;\">Kaynak : Ruhat Mengi &#8211; Vatan Gazetesi<\/span><\/p>\n","protected":false},"excerpt":{"rendered":"<p style=\"text-align: justify;\">Obama geldi ve T\u00fcrkiye&#8217;nin en \u00f6nemli meselesinin \u00fcst\u00fc \u00f6rt\u00fcld\u00fc ama \u00fclkenin gelece\u011fi a\u00e7\u0131s\u0131ndan bu konunun kapat\u0131lmas\u0131na g\u00f6z yummamak gerekiyor. Ge\u00e7en Pazar Her A\u00e7\u0131dan&#8217;da: 29 Mart se\u00e7imlerindeki 1 saatlik elektrik kesintisini, bu kesintiden \u00f6nce \u00f6rne\u011fin \u0130stanbul ve Ankara&#8217;da ald\u0131klar\u0131 oylarla \u00f6nde olan K\u0131l\u0131\u00e7daro\u011flu ile Karayal\u00e7\u0131n&#8217;\u0131n ve muhalefet partilerine mensup ba\u015fka adaylar\u0131n kesintiden sonra geriye <\/p>\n","protected":false},"author":1,"featured_media":0,"comment_status":"open","ping_status":"closed","sticky":false,"template":"","format":"standard","meta":{"footnotes":""},"categories":[105],"tags":[],"class_list":["post-7887","post","type-post","status-publish","format-standard","hentry","category-gundem","odd"],"_links":{"self":[{"href":"http:\/\/www.korhanyilmaz.com\/index.php?rest_route=\/wp\/v2\/posts\/7887","targetHints":{"allow":["GET"]}}],"collection":[{"href":"http:\/\/www.korhanyilmaz.com\/index.php?rest_route=\/wp\/v2\/posts"}],"about":[{"href":"http:\/\/www.korhanyilmaz.com\/index.php?rest_route=\/wp\/v2\/types\/post"}],"author":[{"embeddable":true,"href":"http:\/\/www.korhanyilmaz.com\/index.php?rest_route=\/wp\/v2\/users\/1"}],"replies":[{"embeddable":true,"href":"http:\/\/www.korhanyilmaz.com\/index.php?rest_route=%2Fwp%2Fv2%2Fcomments&post=7887"}],"version-history":[{"count":0,"href":"http:\/\/www.korhanyilmaz.com\/index.php?rest_route=\/wp\/v2\/posts\/7887\/revisions"}],"wp:attachment":[{"href":"http:\/\/www.korhanyilmaz.com\/index.php?rest_route=%2Fwp%2Fv2%2Fmedia&parent=7887"}],"wp:term":[{"taxonomy":"category","embeddable":true,"href":"http:\/\/www.korhanyilmaz.com\/index.php?rest_route=%2Fwp%2Fv2%2Fcategories&post=7887"},{"taxonomy":"post_tag","embeddable":true,"href":"http:\/\/www.korhanyilmaz.com\/index.php?rest_route=%2Fwp%2Fv2%2Ftags&post=7887"}],"curies":[{"name":"wp","href":"https:\/\/api.w.org\/{rel}","templated":true}]}}