{"id":7872,"date":"2009-04-06T15:41:34","date_gmt":"2009-04-06T12:41:34","guid":{"rendered":"http:\/\/www.korhanyilmaz.com\/?p=7872"},"modified":"2009-04-06T15:41:34","modified_gmt":"2009-04-06T12:41:34","slug":"yangina-korukle-gidilmez","status":"publish","type":"post","link":"http:\/\/www.korhanyilmaz.com\/?p=7872","title":{"rendered":"&#039;Yang\u0131na k\u00f6r\u00fckle gidilmez&#039;"},"content":{"rendered":"<p style=\"text-align: center;\"><img loading=\"lazy\" decoding=\"async\" class=\"aligncenter size-full wp-image-7873\" title=\"'Yang\u0131na k\u00f6r\u00fckle gidilmez' \" src=\"http:\/\/www.korhanyilmaz.com\/wp-content\/uploads\/2009\/04\/060420091605444953029.jpg\" alt=\"'Yang\u0131na k\u00f6r\u00fckle gidilmez' \" width=\"329\" height=\"210\" \/><\/p>\n<p style=\"text-align: justify;\"><strong>Obama, TBMM&#8217;den eski bir T\u00fcrk atas\u00f6z\u00fcyle seslendi<\/strong><\/p>\n<p style=\"text-align: justify;\">\u00d6zel g\u00fcndemle toplanan TBMM Genel Kurulunu y\u00f6neten Ba\u015fkanvekili Eyy\u00fcp Cenap G\u00fclp\u0131nar, Obama&#8217;n\u0131n bir konu\u015fma yapaca\u011f\u0131n\u0131 duyurdu. Meclis Ara\u015ft\u0131rma a\u00e7\u0131lmas\u0131na ili\u015fkin \u00f6nergenin okunmas\u0131n\u0131n ard\u0131ndan G\u00fclp\u0131nar, birle\u015fime 15 dakika ara verdi. Aradan sonra TBMM Ba\u015fkan\u0131 K\u00f6ksal Toptan ile birlikte Genel Kurul Salonuna giren Obama, milletvekilleri taraf\u0131ndan ayakta alk\u0131\u015fland\u0131.<\/p>\n<p style=\"text-align: justify;\">Genel Kurulu selamlayan Obama, k\u00fcrs\u00fcden konu\u015fmas\u0131na ba\u015flad\u0131.<!--more--><\/p>\n<p style=\"text-align: justify;\"><strong>\u0130\u015fte Obama&#8217;n\u0131n s\u00f6zleri:<\/strong><\/p>\n<p style=\"text-align: justify;\">Say\u0131n Ba\u015fkan, Say\u0131n Ba\u015fkan Yard\u0131mc\u0131s\u0131 ve de\u011ferleri \u00fcyeler, \u00fclkelerimiz aras\u0131ndaki dostlu\u011fu, m\u00fcttefikli\u011fi devam ettirmeyi ama\u00e7l\u0131yorum.<\/p>\n<p style=\"text-align: justify;\">Bu ABD Ba\u015fkan\u0131 s\u0131fat\u0131yla yapt\u0131\u011f\u0131m ilk \u00fclke ziyareti. Daha \u00f6nce \u00e7e\u015fitli \u00fclkelere zirve toplant\u0131lar\u0131 i\u00e7in gittim.<\/p>\n<p style=\"text-align: justify;\">Bana T\u00fcrkiye&#8217;yi se\u00e7memin bir anlam\u0131 olup olmad\u0131\u011f\u0131n\u0131 sordular. T\u00fcrkiye \u00f6nemli bir \u00fclkedir. Bu sabah Atat\u00fcrk&#8217;\u00fcn sizin \u00fclkenizin kurucusunun an\u0131t\u0131n\u0131 ziyaret ettim ve \u00e7ok etkilendim. \u00c7\u00fcnk\u00fc kendisi tarihin seyrini de\u011fi\u015ftiren bir \u00fclkedir. \u00c7\u00fcnk\u00fc hi\u00e7bir an\u0131t ta\u015ftan mermerden yap\u0131lamaz. Kendisinin en b\u00fcy\u00fck an\u0131t\u0131 bu \u00fclkedir ve bu meclis de bunun devam\u0131d\u0131r.<\/p>\n<p style=\"text-align: justify;\">Tabi ki bu \u00fcllke kolay kurulmad\u0131. 1. D\u00fcnya Sava\u015f\u0131 sonunda T\u00fcrkiye rahatl\u0131kla teslim olabilir veya imparatorlu\u011fu devam ettirebilirdi. Fakat T\u00fcrkiye farkl\u0131 bir yol izledi. Hem ABD&#8217;nin hem de d\u00fcnyan\u0131n sayg\u0131s\u0131n\u0131 kazand\u0131.<\/p>\n<p style=\"text-align: justify;\">Demokrisiniz&#8230; Size d\u0131\u015fardan zorlamayla gelmedi. Tamamen kendi se\u00e7iminizle bug\u00fcne geldiniz. Benim de \u00fclkemin kendi tarihi var. Ankara gibi biz de ABD&#8217;de kurucumuz George Washington i\u00e7in bir an\u0131t yapt\u0131k. Bunu yapmak in\u015fa etmek on y\u0131llar ald\u0131. \u00c7e\u015fitli b\u00f6lgelerden \u00fclkelerden yard\u0131m geldi, par\u00e7alar geldi.<\/p>\n<p style=\"text-align: justify;\">Osmanl\u0131 Sultan\u0131 Abd\u00fclmecit de bize bir mermer g\u00f6nderdi. Bunun \u00fczerinde dostluk \u00fczerine c\u00fcmleler yaz\u0131yordu. Basit c\u00fcmlelerdi ama bu dostluk bug\u00fcne kadar devam etti.<\/p>\n<p style=\"text-align: justify;\"><strong>K\u00dcRESEL KR\u0130Z<\/strong><\/p>\n<p style=\"text-align: justify;\">ABD ve T\u00fcrkiye G20&#8217;de g\u00f6r\u00fclmemi\u015f krize verdikleri cevapta birlikte \u00e7al\u0131\u015f\u0131yorlar. Koruyuculu\u011fun \u00f6n\u00fcne ge\u00e7erek, bu krizden en fazla etkilenen uluslara yard\u0131mc\u0131 olmak istiyoruz.<\/p>\n<p style=\"text-align: justify;\">ABD ve T\u00fcrkiye bu kapsamda d\u00fcnyan\u0131n refah\u0131 i\u00e7in pek \u00e7ok alanda i\u015fbirli\u011fi yapabilir. Enerji s\u00f6z konusu oldu\u011funda istihdam yaratabiliriz.<\/p>\n<p style=\"text-align: justify;\">Beraber iklim de\u011fi\u015fikli\u011fi i\u00e7in de \u00e7al\u0131\u015fabiliriz. Yenilenebilir kaynaklardan faydalanabiliriz. Sizin do\u011fu bat\u0131 koridoru olarak \u00f6nemli bir yeriniz var. NATO m\u00fcttefiki olarak ABD ve T\u00fcrkiye&#8217;nin i\u015fbirli\u011fi yapmas\u0131 gerek.<\/p>\n<p style=\"text-align: justify;\">Biz burada sadece AB s\u0131fatiyle konu\u015fmuyoruz, T\u00fcrkiye&#8217;nin de m\u00fcttefiki olarak konu\u015fuyoruz. T\u00fcrkiye AB&#8217;ye sadece bo\u011faz \u00fczerinde de\u011fil, \u00e7ok farkl\u0131 yollarla da ba\u011fl\u0131.<\/p>\n<p style=\"text-align: justify;\">T\u00fcrkiye \u00fcyelik s\u00fcrecinde \u00f6nemli ad\u0131mlar att\u0131. Son bir ka\u00e7 y\u0131l i\u00e7inde DGM&#8217;leri kapatt\u0131n\u0131z, ceza yasas\u0131 reformlar\u0131 yapt\u0131n\u0131z, bas\u0131n \u00f6zg\u00fcrl\u00fc\u011f\u00fc ad\u0131na \u00f6nemli i\u015fler yapt\u0131n\u0131z.<\/p>\n<p style=\"text-align: justify;\">Yap\u0131lan yeni yasalar\u0131n, bu ivmenin devam etmesi i\u00e7in uygulamaya ge\u00e7mesi gerekir. \u00c7\u00fcnk\u00fc demokrasiler dura\u011fan olamazlar.<\/p>\n<p style=\"text-align: justify;\"><strong>HEYBEL\u0130ADA VE RUHBAN OKULU<\/strong><\/p>\n<p style=\"text-align: justify;\">Bizim bu nedenle Heybeliada, Ruhban okulunun a\u00e7\u0131lmas\u0131 i\u00e7in g\u00fc\u00e7l\u00fc sinyaller verilece\u011fine inan\u0131yoruz.<\/p>\n<p style=\"text-align: justify;\">Benim gibi ge\u00e7mi\u015fte oy hakk\u0131na bile sahip olmayan biri bug\u00fcn ABD Ba\u015fkan\u0131 olarak bunlar\u0131 s\u00f6yl\u00fcyor.<\/p>\n<p style=\"text-align: justify;\"><strong>ERMEN\u0130 \u0130DD\u0130ALARI<\/strong><\/p>\n<p style=\"text-align: justify;\">Tarih her zaman trajik ger\u00e7eklerle dolu. Her \u00fclkenin o ge\u00e7mi\u015fiyle bar\u0131\u015fmas\u0131 gerekir.<\/p>\n<p style=\"text-align: justify;\">1915 y\u0131l\u0131nda ya\u015fanan olaylar\u0131 da g\u00fcndeme getirmek gerekir. Bunlar benim ve T\u00fcrk ve Ermeni halklar\u0131n birlikte \u00e7\u00f6zece\u011fi \u015feylerdir.<\/p>\n<p style=\"text-align: justify;\">Ermeni ve T\u00fcrk liderlerin att\u0131klar\u0131 cesur ad\u0131mlar\u0131 g\u00f6rd\u00fck. A\u00e7\u0131lan s\u0131n\u0131rlar bu halklar\u0131n bar\u0131\u015f\u00e7\u0131 bir gelece\u011fe at\u0131m atmalar\u0131n\u0131 sa\u011flayacakt\u0131r.<\/p>\n<p style=\"text-align: justify;\">T\u00fcrkiye b\u00f6lgede normal ve bar\u0131\u015f\u00e7\u0131l ili\u015fkilere sahip olan G\u00fcney Kafkas b\u00f6lgesindeki tek \u00fclkedir. Bunun ileriye y\u00f6nelmesinde sizler \u00f6nemli bir role sahipsiniz. Karada\u011f&#8217;da gere\u011finden fazla s\u00fcren sava\u015fta da \u00f6nemli bir role sahipsiniz.<\/p>\n<p style=\"text-align: justify;\"><strong>\u0130SRA\u0130L &#8211; F\u0130L\u0130ST\u0130N SORUNU<\/strong><\/p>\n<p style=\"text-align: justify;\">Ortado\u011fu&#8217;da da \u0130srail&#8217;de de bar\u0131\u015f\u0131 hedefliyoruz. \u0130ki devlet hedefini, \u0130srail ve Filistin Devletleri&#8217;ni hedeflemektedir ABD. Hem \u0130srailliler hem de Filistinliler uzun s\u00fcredir devam eden sorunlar\u0131 \u00e7\u00f6zmeli ve bar\u0131\u015fa y\u00f6nelik \u00e7aba g\u00f6stermelidirler. Her iki taraf da verdikleri taahh\u00fctleri yerine gitermelidirler.<\/p>\n<p style=\"text-align: justify;\">T\u00fcrkiye, Suriye ve \u0130srail aras\u0131ndaki g\u00f6r\u00fc\u015fmelere de e\u015flik etmi\u015ftir.<\/p>\n<p style=\"text-align: justify;\">Ter\u00f6r\u00fcn kullan\u0131m\u0131n\u0131 d\u0131\u015flamal\u0131y\u0131z. \u0130srail g\u00fcvenlik kayg\u0131lar\u0131n\u0131n da me\u015fru oldu\u011funu kabul etmeliyiz.<\/p>\n<p style=\"text-align: justify;\">Prag&#8217;da da s\u00f6yledi\u011fim gibi hi\u00e7kimse n\u00fckleer silahlar\u0131n yayg\u0131nla\u015fmas\u0131ndan yarar g\u00f6rmez. Zor bir b\u00f6lgede ya\u015f\u0131yorsunuz. D\u00fcnyan\u0131n bu b\u00f6lgesi kinden ve \u015fiddetten yeterince pay\u0131n\u0131 ald\u0131.<\/p>\n<p style=\"text-align: justify;\"><strong>\u0130RAN<\/strong><\/p>\n<p style=\"text-align: justify;\">\u0130ran&#8217;\u0131n oynayaca\u011f\u0131 \u00e7ok b\u00fcy\u00fck bir rol vard\u0131r. \u0130ran \u00e7ok b\u00fcy\u00fck bir medeniyettir. Biz onlar\u0131n ekonomik ve politik birle\u015fme s\u00fcrecine girmesini istiyoruz. Se\u00e7imi onlar yapacak tabi ki. Silaha m\u0131 y\u00f6nelecekler yoksa birlik olmaya m\u0131.<\/p>\n<p style=\"text-align: justify;\"><strong>IRAK &#8211; EL KA\u0130DE &#8211; PKK<\/strong><\/p>\n<p style=\"text-align: justify;\">Burada sava\u015fa girme konusunda sizin taraf\u0131n\u0131zda da benim \u00fclkemde de \u00e7e\u015fitli g\u00f6r\u00fc\u015fler bulunuyordu. Ancak ABD oradaki g\u00fc\u00e7lerini \u00e7ekmeye haz\u0131rlan\u0131yor. Bizler Irak&#8217;la birlikte \u00e7al\u0131\u015faca\u011f\u0131z. T\u00fcrkiye ve Irak&#8217;\u0131n di\u011fer kom\u015fular\u0131yla birlikte \u00e7al\u0131\u015faca\u011f\u0131z.<\/p>\n<p style=\"text-align: justify;\">Ne PKK&#8217;y\u0131 ne de hi\u00e7bir ter\u00f6rist \u00f6rg\u00fct\u00fc desteklemiyorum. Irak, Irak&#8217;\u0131n K\u00fcrt liderleri ve T\u00fcrkiye aras\u0131nda bu sorun \u00e7\u00f6z\u00fclmeli.<\/p>\n<p style=\"text-align: justify;\">Bizim tabi ki hedefimiz El &#8211; Kaide&#8217;yi yenmeye y\u00f6nelik. Afgan ve Pakistan halk\u0131na y\u00f6nelik yard\u0131mlar\u0131m\u0131z\u0131 art\u0131r\u0131yoruz.<\/p>\n<p style=\"text-align: justify;\">T\u00fcrkiye bu anlamda g\u00fc\u00e7l\u00fc bir orta\u011f\u0131m\u0131z. B\u00f6lgeye giden ilk \u00fclkelerinden biri. Art\u0131k hedeflerimize birlikte ula\u015fmal\u0131y\u0131z. Bize verdi\u011finiz yard\u0131m\u0131 \u00e7ok taktir ediyorum. Birlikte daha \u00f6nceden yapt\u0131\u011f\u0131m\u0131z gibi birlikte bu zorluklar\u0131 da yenece\u011fimizi d\u00fc\u015f\u00fcn\u00fcyorum.<\/p>\n<p style=\"text-align: justify;\"><strong>ESK\u0130 B\u0130R T\u00dcRK ATAS\u00d6Z\u00dc VARDIR<\/strong><\/p>\n<p style=\"text-align: justify;\">Ayn\u0131 fikirde olmad\u0131\u011f\u0131m\u0131z zamanlarda da \u0130slam d\u00fcnyas\u0131na sayg\u0131m\u0131z\u0131 g\u00f6stermeliyiz. ABD M\u00fcsl\u00fcman ABD vatanda\u015f\u0131 taraf\u0131ndan zenginle\u015fti. ABD&#8217;de pek \u00e7ok M\u00fcsl\u00fcman aile var, biliyorum. \u00c7\u00fcnk\u00fc ben de bunlardan biriyim.<\/p>\n<p style=\"text-align: justify;\">Ben daha fazla \u00e7ocu\u011fun e\u011fitim almas\u0131 i\u00e7in, sa\u011fl\u0131k hizmetlerini insanlar\u0131n ma\u011fdur olduklar\u0131 b\u00f6lgelere yeti\u015ftirmek i\u00e7in u\u011fra\u015fmal\u0131y\u0131z.<\/p>\n<p style=\"text-align: justify;\">\u00d6zellikle M\u00fcslaman d\u00fcnyas\u0131nda ortak hedefe y\u00f6nelik neler yap\u0131labilece\u011fini d\u00fc\u015f\u00fcnd\u00fcm. Biz ABD olarak dostluk elini herkese uzatt\u0131k.<\/p>\n<p style=\"text-align: justify;\">Eski bir T\u00fcrk atas\u00f6z\u00fc vard\u0131r: Siz yang\u0131na k\u00f6r\u00fckle gidemezsiniz. Biz de bunu yapmaz\u0131.<\/p>\n<p style=\"text-align: justify;\"><span style=\"color: #888888;\">Kaynak : Vatan<\/span><\/p>\n","protected":false},"excerpt":{"rendered":"<p style=\"text-align: center;\">\n<p style=\"text-align: justify;\">Obama, TBMM&#8217;den eski bir T\u00fcrk atas\u00f6z\u00fcyle seslendi<\/p>\n<p style=\"text-align: justify;\">\u00d6zel g\u00fcndemle toplanan TBMM Genel Kurulunu y\u00f6neten Ba\u015fkanvekili Eyy\u00fcp Cenap G\u00fclp\u0131nar, Obama&#8217;n\u0131n bir konu\u015fma yapaca\u011f\u0131n\u0131 duyurdu. Meclis Ara\u015ft\u0131rma a\u00e7\u0131lmas\u0131na ili\u015fkin \u00f6nergenin okunmas\u0131n\u0131n ard\u0131ndan G\u00fclp\u0131nar, birle\u015fime 15 dakika ara verdi. Aradan sonra TBMM Ba\u015fkan\u0131 K\u00f6ksal Toptan ile birlikte Genel Kurul Salonuna giren <\/p>\n","protected":false},"author":1,"featured_media":0,"comment_status":"open","ping_status":"closed","sticky":false,"template":"","format":"standard","meta":{"footnotes":""},"categories":[105],"tags":[],"class_list":["post-7872","post","type-post","status-publish","format-standard","hentry","category-gundem","odd"],"_links":{"self":[{"href":"http:\/\/www.korhanyilmaz.com\/index.php?rest_route=\/wp\/v2\/posts\/7872","targetHints":{"allow":["GET"]}}],"collection":[{"href":"http:\/\/www.korhanyilmaz.com\/index.php?rest_route=\/wp\/v2\/posts"}],"about":[{"href":"http:\/\/www.korhanyilmaz.com\/index.php?rest_route=\/wp\/v2\/types\/post"}],"author":[{"embeddable":true,"href":"http:\/\/www.korhanyilmaz.com\/index.php?rest_route=\/wp\/v2\/users\/1"}],"replies":[{"embeddable":true,"href":"http:\/\/www.korhanyilmaz.com\/index.php?rest_route=%2Fwp%2Fv2%2Fcomments&post=7872"}],"version-history":[{"count":0,"href":"http:\/\/www.korhanyilmaz.com\/index.php?rest_route=\/wp\/v2\/posts\/7872\/revisions"}],"wp:attachment":[{"href":"http:\/\/www.korhanyilmaz.com\/index.php?rest_route=%2Fwp%2Fv2%2Fmedia&parent=7872"}],"wp:term":[{"taxonomy":"category","embeddable":true,"href":"http:\/\/www.korhanyilmaz.com\/index.php?rest_route=%2Fwp%2Fv2%2Fcategories&post=7872"},{"taxonomy":"post_tag","embeddable":true,"href":"http:\/\/www.korhanyilmaz.com\/index.php?rest_route=%2Fwp%2Fv2%2Ftags&post=7872"}],"curies":[{"name":"wp","href":"https:\/\/api.w.org\/{rel}","templated":true}]}}