{"id":7868,"date":"2009-04-06T11:46:02","date_gmt":"2009-04-06T08:46:02","guid":{"rendered":"http:\/\/www.korhanyilmaz.com\/?p=7868"},"modified":"2009-04-06T11:46:02","modified_gmt":"2009-04-06T08:46:02","slug":"yargitaydan-ciddi-uyari","status":"publish","type":"post","link":"http:\/\/www.korhanyilmaz.com\/?p=7868","title":{"rendered":"Yarg\u0131tay&#039;dan ciddi uyar\u0131"},"content":{"rendered":"<p style=\"text-align: center;\"><img loading=\"lazy\" decoding=\"async\" class=\"aligncenter size-full wp-image-7869\" title=\"Yarg\u0131tay'dan ciddi uyar\u0131 \" src=\"http:\/\/www.korhanyilmaz.com\/wp-content\/uploads\/2009\/04\/060420091619490942210.jpg\" alt=\"Yarg\u0131tay'dan ciddi uyar\u0131 \" width=\"329\" height=\"210\" \/><\/p>\n<p style=\"text-align: justify;\"><strong>Yarg\u0131tay Ba\u015fkan\u0131: Yarg\u0131 ba\u011f\u0131ms\u0131zl\u0131\u011f\u0131n\u0131 geriye g\u00f6t\u00fcrecek  \u00f6neriler g\u00fcndeme getiriliyor<\/strong><\/p>\n<p style=\"text-align: justify;\">T\u00fcrk yarg\u0131s\u0131n\u0131n \u00e7ok b\u00fcy\u00fck sorunlarla kar\u015f\u0131 kar\u015f\u0131ya oldu\u011fu uyar\u0131s\u0131n\u0131 yapan Yarg\u0131tay Ba\u015fkan\u0131 Ger\u00e7eker, &#8220;Yarg\u0131 ba\u011f\u0131ms\u0131zl\u0131\u011f\u0131n\u0131 daha ileriye g\u00f6t\u00fcrmek yerine, geriye g\u00f6t\u00fcrecek \u00f6neriler g\u00fcndeme getiriliyor&#8221; dedi.<\/p>\n<p style=\"text-align: justify;\">Yarg\u0131tay Ba\u015fkan\u0131 Hasan Ger\u00e7eker, T\u00fcrk yarg\u0131s\u0131n\u0131n ger\u00e7ekten \u00e7ok b\u00fcy\u00fck sorunlarla kar\u015f\u0131 kar\u015f\u0131ya oldu\u011funu belirterek, yarg\u0131 ba\u011f\u0131ms\u0131zl\u0131\u011f\u0131n\u0131 geriye g\u00f6t\u00fcrecek \u00f6nerilerin g\u00fcndeme getirildi\u011fini s\u00f6yledi. Gazi ve \u0130stanbul \u00fcniversitelerinin d\u00fczenledi\u011fi &#8220;T\u00fcrk Ceza Hukuku Ba\u011flam\u0131nda Adli Bilimler Alan\u0131nda Bilirki\u015filik&#8221; sempozyumunun a\u00e7\u0131l\u0131\u015f\u0131nda konu\u015fan Ger\u00e7eker, \u015funlar\u0131 s\u00f6yledi: &#8220;Bug\u00fcn T\u00fcrk yarg\u0131s\u0131 ger\u00e7ekten \u00e7ok b\u00fcy\u00fck sorunlarla kar\u015f\u0131 kar\u015f\u0131yad\u0131r. Maalesef yarg\u0131 ba\u011f\u0131ms\u0131zl\u0131\u011f\u0131n\u0131 daha ileriye g\u00f6t\u00fcrmek yerine, geriye g\u00f6t\u00fcrecek bir tak\u0131m \u00f6neriler g\u00fcndeme getirilmeye \u00e7al\u0131\u015f\u0131lmaktad\u0131r. Ben b\u00fct\u00fcn bu sorunlar\u0131n hakimiyle savc\u0131s\u0131yla, avukat\u0131yla, \u00fcniversitelerin de\u011ferli \u00f6\u011fretim \u00fcyeleriyle birlikte i\u015f birli\u011fi i\u00e7inde a\u015f\u0131laca\u011f\u0131na inan\u0131yorum. <!--more--><\/p>\n<p style=\"text-align: justify;\"><strong>Adli T\u0131p Kurumu \u00f6zerk olmal\u0131<\/strong><\/p>\n<p style=\"text-align: justify;\">Adli T\u0131p Kurumu, sadece t\u0131bbi konularda de\u011fil, di\u011fer bir \u00e7ok alanda da bilirki\u015filik yapmaktad\u0131r. Teknolojik geli\u015fmeler sonucunda \u00f6zellikle adli bili\u015fim alan\u0131ndaki ilerlemeler dikkate al\u0131nd\u0131\u011f\u0131nda bilirki\u015filik m\u00fcessesesine daha fazla ihtiya\u00e7 duyulmaktad\u0131r. Kurumun kanunun ad\u0131, g\u00f6revlerin gereklerine uygun olarak &#8216;Adli Bilirki\u015filik Kurumu Kanunu&#8217;olarak de\u011fi\u015ftirilmeli ve mutlak \u00f6zerkli\u011finin sa\u011flanmas\u0131 tart\u0131\u015f\u0131lmal\u0131d\u0131r. Mahkemelerin ayn\u0131 ki\u015filerle bilirki\u015fi olarak \u00e7al\u0131\u015fmalar\u0131 \u00e7ok ele\u015ftirilmektedir. Oysa mahkemeler, daha iyi nitelikte rapor d\u00fczenleyecek bilirki\u015filerle \u00e7al\u0131\u015fmay\u0131 tercih etmektedir. Bilirki\u015filik standard\u0131 belirlenmesi ve bilirki\u015fi \u00fccretlerinin d\u00fczenlenmesi bu sorunlar\u0131n \u00e7\u00f6z\u00fcm\u00fcne hizmet edecektir. Adli T\u0131p Kurumu g\u00fc\u00e7lendirilmeli, Jandarma ve Emniyet&#8217;in kriminal laboratuvarlar\u0131 daha \u00e7ok haz\u0131rl\u0131k a\u015famas\u0131nda kullan\u0131lmal\u0131d\u0131r.&#8221;<\/p>\n<p style=\"text-align: justify;\"><strong>&#8220;Siyaset de\u011fil, hukuk siyaseti yap\u0131yoruz&#8221; <\/strong><\/p>\n<p style=\"text-align: justify;\">T\u00fcrkiye Barolar Birli\u011fi Ba\u015fkan\u0131 \u00d6zdemir \u00d6zok ise A\u0130HM i\u00e7tihatlar\u0131 ve AB m\u00fczakerelerinin bilirki\u015filik alan\u0131nda bir de\u011fi\u015fimi zorunlu k\u0131ld\u0131\u011f\u0131n\u0131 belirtti. Ba\u015fbakan Yard\u0131mc\u0131s\u0131 Cemil \u00c7i\u00e7ek&#8217;in, barolar\u0131 siyasi a\u00e7\u0131klamalar yapmakla ele\u015ftiren s\u00f6zlerine yan\u0131t veren \u00d6zok, &#8220;TBB, hukukun \u00fcst\u00fcnl\u00fc\u011f\u00fc ve yarg\u0131 ba\u011f\u0131ms\u0131zl\u0131\u011f\u0131n\u0131 ilgilendiren konularda her t\u00fcr \u00e7a\u011fr\u0131ya olumlu yan\u0131tlar vermektedir. \u00c7o\u011fu yetkili siyaset\u00e7ilerimiz bunu pek anlam\u0131yorlar. Say\u0131n Cemil \u00c7i\u00e7ek&#8217;in s\u00f6z\u00fcn\u00fc do\u011frusu bir talihsizlik olarak nitelendiriyoruz. TBB hep hukuk siyaseti, hep hukuk politikas\u0131 yapm\u0131\u015ft\u0131r. Hukukun \u00fcst\u00fcnl\u00fc\u011f\u00fcn\u00fc, hukuk devletini savunmu\u015ftur. Onun d\u0131\u015f\u0131nda hi\u00e7bir g\u00fcnl\u00fck olayla ya da politikayla ilgilenmez. Bundan b\u00f6yle de ayn\u0131 duyarl\u0131l\u0131\u011f\u0131 ve ayn\u0131 bilinci g\u00f6sterece\u011fimizi yineliyorum&#8221; dedi. Baz\u0131 mahkemelerde hep ayn\u0131 ki\u015filere bilirki\u015filik yapt\u0131r\u0131ld\u0131\u011f\u0131n\u0131 ve bunun kadrola\u015fmalara neden oldu\u011funu belirten \u00d6zok, baz\u0131 yerlerde bilirki\u015filerin kap\u0131 kap\u0131 dola\u015farak dosya toplad\u0131klar\u0131n\u0131 s\u00f6yledi.<\/p>\n<p style=\"text-align: justify;\"><strong>Askeri Yarg\u0131tay 95 ya\u015f\u0131nda<\/strong><\/p>\n<p style=\"text-align: justify;\">ANKARA &#8211; Askeri Yarg\u0131tay&#8217;\u0131n 95. kurulu\u015f y\u0131ld\u00f6n\u00fcm\u00fc nedeniyle \u00e7e\u015fitli t\u00f6renler d\u00fczenlendi. Askeri Yarg\u0131tay Ba\u015fkan\u0131 Hakim Tu\u011fgeneral Ahmet Alk\u0131\u015f, ba\u015fkanl\u0131\u011f\u0131ndaki bir heyet An\u0131tkabir&#8217;i ziyaret etti. Tu\u011fgeneral Alk\u0131\u015f An\u0131tkabir \u00f6zel defterine &#8220;Yurtta bar\u0131\u015f, d\u00fcnyada bar\u0131\u015f&#8221; ilkesinin sa\u011flanmas\u0131n\u0131n yolunun &#8220;adaletten, evrensel insan haklar\u0131na, hukukun temel kurallar\u0131na ve de\u011ferlerine sayg\u0131dan&#8221; ge\u00e7ti\u011fini yazd\u0131.<\/p>\n<p style=\"text-align: justify;\">Ba\u015fbakan Erdo\u011fan da, kurulu\u015fu y\u0131l d\u00f6n\u00fcm\u00fc dolay\u0131s\u0131yla yay\u0131mlad\u0131\u011f\u0131 mesajda, Askeri Yarg\u0131tay&#8217;\u0131n, T\u00fcrkiye Cumhuriyeti&#8217;nin en temel kurumlar\u0131 aras\u0131nda yer alan y\u00fcksek yarg\u0131 organlar\u0131ndan biri oldu\u011funu vurgulad\u0131.<\/p>\n<p style=\"text-align: justify;\"><span style=\"color: #888888;\">Kaynak : Vatan<\/span><\/p>\n","protected":false},"excerpt":{"rendered":"<p style=\"text-align: center;\">\n<p style=\"text-align: justify;\">Yarg\u0131tay Ba\u015fkan\u0131: Yarg\u0131 ba\u011f\u0131ms\u0131zl\u0131\u011f\u0131n\u0131 geriye g\u00f6t\u00fcrecek \u00f6neriler g\u00fcndeme getiriliyor<\/p>\n<p style=\"text-align: justify;\">T\u00fcrk yarg\u0131s\u0131n\u0131n \u00e7ok b\u00fcy\u00fck sorunlarla kar\u015f\u0131 kar\u015f\u0131ya oldu\u011fu uyar\u0131s\u0131n\u0131 yapan Yarg\u0131tay Ba\u015fkan\u0131 Ger\u00e7eker, &#8220;Yarg\u0131 ba\u011f\u0131ms\u0131zl\u0131\u011f\u0131n\u0131 daha ileriye g\u00f6t\u00fcrmek yerine, geriye g\u00f6t\u00fcrecek \u00f6neriler g\u00fcndeme getiriliyor&#8221; dedi.<\/p>\n<p style=\"text-align: justify;\">Yarg\u0131tay Ba\u015fkan\u0131 Hasan Ger\u00e7eker, T\u00fcrk yarg\u0131s\u0131n\u0131n ger\u00e7ekten \u00e7ok b\u00fcy\u00fck sorunlarla kar\u015f\u0131 kar\u015f\u0131ya <\/p>\n","protected":false},"author":1,"featured_media":0,"comment_status":"open","ping_status":"closed","sticky":false,"template":"","format":"standard","meta":{"footnotes":""},"categories":[105],"tags":[],"class_list":["post-7868","post","type-post","status-publish","format-standard","hentry","category-gundem","odd"],"_links":{"self":[{"href":"http:\/\/www.korhanyilmaz.com\/index.php?rest_route=\/wp\/v2\/posts\/7868","targetHints":{"allow":["GET"]}}],"collection":[{"href":"http:\/\/www.korhanyilmaz.com\/index.php?rest_route=\/wp\/v2\/posts"}],"about":[{"href":"http:\/\/www.korhanyilmaz.com\/index.php?rest_route=\/wp\/v2\/types\/post"}],"author":[{"embeddable":true,"href":"http:\/\/www.korhanyilmaz.com\/index.php?rest_route=\/wp\/v2\/users\/1"}],"replies":[{"embeddable":true,"href":"http:\/\/www.korhanyilmaz.com\/index.php?rest_route=%2Fwp%2Fv2%2Fcomments&post=7868"}],"version-history":[{"count":0,"href":"http:\/\/www.korhanyilmaz.com\/index.php?rest_route=\/wp\/v2\/posts\/7868\/revisions"}],"wp:attachment":[{"href":"http:\/\/www.korhanyilmaz.com\/index.php?rest_route=%2Fwp%2Fv2%2Fmedia&parent=7868"}],"wp:term":[{"taxonomy":"category","embeddable":true,"href":"http:\/\/www.korhanyilmaz.com\/index.php?rest_route=%2Fwp%2Fv2%2Fcategories&post=7868"},{"taxonomy":"post_tag","embeddable":true,"href":"http:\/\/www.korhanyilmaz.com\/index.php?rest_route=%2Fwp%2Fv2%2Ftags&post=7868"}],"curies":[{"name":"wp","href":"https:\/\/api.w.org\/{rel}","templated":true}]}}