{"id":7862,"date":"2009-04-06T11:12:16","date_gmt":"2009-04-06T08:12:16","guid":{"rendered":"http:\/\/www.korhanyilmaz.com\/?p=7862"},"modified":"2009-04-06T11:12:16","modified_gmt":"2009-04-06T08:12:16","slug":"obamadan-soguk-dus","status":"publish","type":"post","link":"http:\/\/www.korhanyilmaz.com\/?p=7862","title":{"rendered":"Obama&#039;dan so\u011fuk du\u015f"},"content":{"rendered":"<p style=\"text-align: center;\"><img loading=\"lazy\" decoding=\"async\" class=\"aligncenter size-full wp-image-7863\" title=\"Obama'dan so\u011fuk du\u015f \" src=\"http:\/\/www.korhanyilmaz.com\/wp-content\/uploads\/2009\/04\/060420091421539221383.jpg\" alt=\"Obama'dan so\u011fuk du\u015f \" width=\"329\" height=\"210\" \/><\/p>\n<p style=\"text-align: justify;\"><strong>Cumhurba\u015fkan\u0131 Abdullah G\u00fcl ve ABD Ba\u015fkan\u0131 Barack Obama, bas\u0131n toplant\u0131s\u0131nda konu\u015ftu<\/strong><\/p>\n<p style=\"text-align: justify;\">S\u00f6zde soyk\u0131r\u0131m konusunda fikri sorulan Obama&#8217;n\u0131n, g\u00f6r\u00fc\u015flerinin de\u011fi\u015fmedi\u011fini net bir \u015fekilde s\u00f6ylemesi so\u011fuk du\u015f etkisi yaratt\u0131. G\u00fcl&#8217;den an\u0131nda cevap geldi. \u0130\u015fte iki liderin a\u00e7\u0131klamalar\u0131!<\/p>\n<p style=\"text-align: justify;\"><strong>G\u00fcl:<\/strong> Hemen s\u00f6z\u00fcm\u00fcn ba\u015f\u0131nda \u015funu payla\u015fmak istiyorum. \u0130talya da bir deprem oldu\u011funu duyduk. \u00dcz\u00fcnt\u00fcm\u00fcz\u00fc \u0130talyan halk\u0131yla payla\u015f\u0131yoruz. Say\u0131n Obama&#8217;n\u0131n ilk deniz a\u015f\u0131r\u0131 seyahatini T\u00fcrkiye&#8217;ye yapt\u0131\u011f\u0131n\u0131 i\u00e7in te\u015fekk\u00fcr ederiz. Siyasi askeri boyutlu g\u00f6z\u00fck\u00fcyorsa da, ekonomik konuda da ikili ili\u015fkilere \u00f6nem veriyoruz. ABD bir s\u00fcper g\u00fc\u00e7 olarak d\u00fcnyan\u0131n bir \u00e7ok sorunuyla ilgileniyor. T\u00fcrkiye de b\u00f6lgesindeki \u00f6nemli konulara de\u011finiyor. Ter\u00f6rle m\u00fccadele iki \u00fclkenin de \u00f6nem verdi\u011fi bir konu. Bu konudaki \u00e7al\u0131\u015fmalar\u0131m\u0131z s\u00fcrecek. Ba\u015fkana AB ile olan ili\u015fkilerimize g\u00f6sterdi\u011fi yak\u0131n ilgili i\u00e7in te\u015fekk\u00fcr ederiz.<!--more--><\/p>\n<p style=\"text-align: justify;\"><strong>Obama:<\/strong> Say\u0131n G\u00fcl size ve ekibinize m\u00fcte\u015fekkiriz. 1 haftad\u0131r Avrupa&#8217;da seyahat etmekteyim.<\/p>\n<p style=\"text-align: justify;\">T\u00fcrkiye&#8217;de bitirerek T\u00fcrkiye&#8217;nin \u00f6nemini vurgulamak istiyorum. T\u00fcrkiye bar\u0131 ve do\u011fu aras\u0131nda k\u00f6r\u00fc g\u00f6steren bir \u00fclkedir. NATO \u00fcyesi ve \u00e7o\u011funlu\u011fu M\u00fcsl\u00fcman olam bu anlamada \u00f6zg\u00fcn bir yeri olan \u00fclkedir. Say\u0131n G\u00fcl&#8217;\u00fcn liderli\u011fini beni etkiledi\u011fini s\u00f6ylemek isterim. Bu i\u015fbirli\u011fi beni etkiliyor. Afganistan konusunu g\u00f6r\u00fc\u015ft\u00fck daha fazla neler yapabilece\u011fimizi konu\u015ftuk. Irak&#8217;dan ABD \u00e7ekilirken neler yap\u0131labilir bunu knu\u015ftuk. Tabi ki icaret ve i\u015f d\u00fcnyas\u0131 ile de konu\u015ftuk. Sadece askari anlamda de\u011fil ekonomik i\u015fbirli\u011fimizde var. Ter\u00f6r sorununu da konu\u015ftuk. Son derece \u00f6nemli bana g\u00fcven veren bir toplant\u0131yd\u0131. Ernemi soyk\u0131r\u0131m\u0131 konusunda g\u00f6r\u00fc\u015flerim de\u011fi\u015fmedi. G\u00f6r\u00fc\u015flerim belli, iki taraf da yap\u0131c\u0131 olmal\u0131.<\/p>\n<p style=\"text-align: justify;\">G\u00fcl: O zamanki \u015fartlar Osmanl\u0131 \u0130mparatorlu\u011fu \u00e7arp\u0131\u015f\u0131rken bir \u00e7ok insan hayat\u0131n\u0131 kaybetmi\u015fti. Herkesin ac\u0131s\u0131n\u0131 payla\u015f\u0131yoruz. T\u00fcrkler de b\u00fcy\u00fck kayba u\u011fram\u0131\u015ft\u0131r. Bunlar o zaman\u0131n o karga\u015fa ortam\u0131nda ya\u015fan\u0131lan olaylard\u0131r. Ancak daha sonra bunlar siyasi ama\u00e7la \u00e7ok fazla g\u00fcndeme getirilmi\u015ftir. Bizim teklifimiz \u015fu olmu\u015ftur. Tarih\u00e7iler bir araya gelsin ve sorunu \u00e7\u00f6zs\u00fcn. Buna bir parlamenter bir siyaset\u00e7i karar veremez. Bunun i\u00e7in T\u00fcrkiye&#8217;nin b\u00fct\u00fcn ar\u015fivlerini a\u00e7t\u0131k ve herkesi \u00e7a\u011f\u0131rd\u0131k. T\u00fcrkiye olarak b\u00f6lgemize herkesle iyi ili\u015fkiler i\u00e7inde olmay\u0131 \u00e7ok istiyoruz. Ancak Ermenistan ile bu yoktu. Bu ili\u015fkileri normalle\u015ftirmek i\u00e7in ad\u0131m att\u0131k.<\/p>\n<p style=\"text-align: justify;\"><strong>OBAMA&#8217;NIN FARKI! ANITKAB\u0130R \u00d6ZEL DEFTER\u0130NE NE YAZDI?<\/strong><\/p>\n<p style=\"text-align: justify;\">Obama, An\u0131tkabir \u00d6zel Defteri&#8217;ne bug\u00fcne kadarki liderlerden daha uzun bir yaz\u0131 yazd\u0131.<\/p>\n<p style=\"text-align: justify;\">ABD Ba\u015fkan\u0131 Barack Obama Ankara&#8217;daki program\u0131na An\u0131tkabir&#8217;de Atat\u00fcrk&#8217;\u00fcn manevi huzuruna \u00e7\u0131karak ba\u015flad\u0131.<\/p>\n<p style=\"text-align: justify;\">ABD Ba\u015fkan\u0131 yazan k\u0131rm\u0131z\u0131 ve bayaz karanfillerden olu\u015fan bir \u00e7elenkle Mozoleye gelen Obama&#8217;ya Devlet Bakan\u0131 Mehmet \u015eim\u015fek, Ankara Valisi ve Ankara B\u00fcy\u00fck\u015fehir Belediye Ba\u015fkan\u0131 Melih G\u00f6k\u00e7ek ve e\u015flik etti.<\/p>\n<p style=\"text-align: justify;\">Siyah bir tak\u0131m elbise, beyaz g\u00f6mlek ve k\u0131rm\u0131z\u0131 kravat\u0131 tercih eden Obama, mozoleye \u00e7elenk koyduktan sonra sayg\u0131 duru\u015funda bulundu. An\u0131tkabir \u00e7\u0131k\u0131\u015f\u0131nda bas\u0131n mensuplar\u0131na el sallayan Obama&#8217;y\u0131 Cumhurba\u015fkanl\u0131\u011f\u0131 \u00f6zel korumalar\u0131n\u0131n da e\u015flik etti\u011fi g\u00f6r\u00fcld\u00fc.<\/p>\n<p style=\"text-align: justify;\"><strong>-OBAMA, ANITKAB\u0130R \u00d6ZEL DEFTER\u0130NE \u015eUNLARI YAZDI:<\/strong><\/p>\n<p style=\"text-align: justify;\">Obama, Misak-\u0131 Milli Kulesi&#8217;ne ge\u00e7erek, An\u0131tkabir \u00d6zel Defterini imzalad\u0131.<\/p>\n<p style=\"text-align: justify;\">ABD Ba\u015fkan\u0131 deftere \u015fu sat\u0131rlar\u0131 yazd\u0131:<\/p>\n<p style=\"text-align: justify;\">&#8220;Vizyonu, kararl\u0131l\u0131\u011f\u0131 ve cesaretiyle T\u00fcrkiye Cumhuriyeti&#8217;ni demokrasiye y\u00f6nelten ve miras\u0131 t\u00fcm d\u00fcnyaya ku\u015faklar boyunca ilham vermeye devam eden Mustafa Kemal Atat\u00fcrk&#8217;e sayg\u0131lar\u0131m\u0131 sunmak, benim i\u00e7in bir onurdur.<\/p>\n<p style=\"text-align: justify;\">ABD&#8217;nin 44. Ba\u015fkan\u0131 olarak, T\u00fcrk-Amerikan ili\u015fkilerini g\u00fc\u00e7lendirmeyi, Atat\u00fcrk&#8217;\u00fcn, halk\u0131na umut veren modern ve m\u00fcreffeh bir demokrasi olarak T\u00fcrkiye vizyonunu desteklemeyi ve &#8216;Yurtta bar\u0131\u015f, d\u00fcnyada bar\u0131\u015f&#8217; ilkesini ger\u00e7ekle\u015ftirmeyi sab\u0131rs\u0131zl\u0131kla bekliyorum.&#8221; ABD Ba\u015fkan\u0131 daha sonra, \u00c7ankaya K\u00f6\u015fk\u00fc&#8217;ne gitmek \u00fczere An\u0131tkabir&#8217;den ayr\u0131ld\u0131.<\/p>\n<p style=\"text-align: justify;\">Bu arada, yo\u011fun ve \u00f6zel g\u00fcvenlik \u00f6nlemlerinin al\u0131nd\u0131\u011f\u0131 An\u0131tkabir&#8217;de, bas\u0131n mensuplar\u0131 Obama&#8217;n\u0131n An\u0131tkabir ziyaretini belirlenen d\u00f6rt ayr\u0131 noktadan takip edebildi.<\/p>\n<p style=\"text-align: justify;\">T\u00fcrk bas\u0131n mensuplar\u0131, otob\u00fcslerle i\u00e7eriye al\u0131nd\u0131 ve bas\u0131n mensuplar\u0131n\u0131n ekipmanlar\u0131 polis k\u00f6pekleri taraf\u0131ndan arand\u0131.<\/p>\n<p style=\"text-align: justify;\">Bekleme s\u0131ras\u0131nda, An\u0131tkabir \u00f6zel kafeteryas\u0131 gazetecilere a\u00e7\u0131ld\u0131 ve An\u0131tkabir g\u00f6revlileri taraf\u0131ndan simit ve \u015feker ikram edildi. Ayr\u0131ca, Obama ile birlikte ABD&#8217;den Ankara&#8217;ya gelen bas\u0131n mensuplar\u0131na ziyaret s\u0131ras\u0131nda dikkat etmeleri gereken protokol hususlar\u0131 hakk\u0131nda k\u0131sa brifing verildi.<\/p>\n<p style=\"text-align: justify;\">Obama ve beraberindekiler gelmeden \u00f6nce, Misak-\u0131 Milli kulesinin i\u00e7erisine oda parf\u00fcm\u00fc s\u0131k\u0131ld\u0131\u011f\u0131 g\u00f6zlemlendi.<\/p>\n<p style=\"text-align: justify;\"><span style=\"color: #888888;\">Kaynak : Vatan<\/span><\/p>\n","protected":false},"excerpt":{"rendered":"<p style=\"text-align: center;\">\n<p style=\"text-align: justify;\">Cumhurba\u015fkan\u0131 Abdullah G\u00fcl ve ABD Ba\u015fkan\u0131 Barack Obama, bas\u0131n toplant\u0131s\u0131nda konu\u015ftu<\/p>\n<p style=\"text-align: justify;\">S\u00f6zde soyk\u0131r\u0131m konusunda fikri sorulan Obama&#8217;n\u0131n, g\u00f6r\u00fc\u015flerinin de\u011fi\u015fmedi\u011fini net bir \u015fekilde s\u00f6ylemesi so\u011fuk du\u015f etkisi yaratt\u0131. G\u00fcl&#8217;den an\u0131nda cevap geldi. \u0130\u015fte iki liderin a\u00e7\u0131klamalar\u0131!<\/p>\n<p style=\"text-align: justify;\">G\u00fcl: Hemen s\u00f6z\u00fcm\u00fcn ba\u015f\u0131nda \u015funu payla\u015fmak istiyorum. \u0130talya da bir deprem <\/p>\n","protected":false},"author":1,"featured_media":0,"comment_status":"open","ping_status":"closed","sticky":false,"template":"","format":"standard","meta":{"footnotes":""},"categories":[105],"tags":[],"class_list":["post-7862","post","type-post","status-publish","format-standard","hentry","category-gundem","odd"],"_links":{"self":[{"href":"http:\/\/www.korhanyilmaz.com\/index.php?rest_route=\/wp\/v2\/posts\/7862","targetHints":{"allow":["GET"]}}],"collection":[{"href":"http:\/\/www.korhanyilmaz.com\/index.php?rest_route=\/wp\/v2\/posts"}],"about":[{"href":"http:\/\/www.korhanyilmaz.com\/index.php?rest_route=\/wp\/v2\/types\/post"}],"author":[{"embeddable":true,"href":"http:\/\/www.korhanyilmaz.com\/index.php?rest_route=\/wp\/v2\/users\/1"}],"replies":[{"embeddable":true,"href":"http:\/\/www.korhanyilmaz.com\/index.php?rest_route=%2Fwp%2Fv2%2Fcomments&post=7862"}],"version-history":[{"count":0,"href":"http:\/\/www.korhanyilmaz.com\/index.php?rest_route=\/wp\/v2\/posts\/7862\/revisions"}],"wp:attachment":[{"href":"http:\/\/www.korhanyilmaz.com\/index.php?rest_route=%2Fwp%2Fv2%2Fmedia&parent=7862"}],"wp:term":[{"taxonomy":"category","embeddable":true,"href":"http:\/\/www.korhanyilmaz.com\/index.php?rest_route=%2Fwp%2Fv2%2Fcategories&post=7862"},{"taxonomy":"post_tag","embeddable":true,"href":"http:\/\/www.korhanyilmaz.com\/index.php?rest_route=%2Fwp%2Fv2%2Ftags&post=7862"}],"curies":[{"name":"wp","href":"https:\/\/api.w.org\/{rel}","templated":true}]}}