{"id":7851,"date":"2009-04-06T08:27:44","date_gmt":"2009-04-06T05:27:44","guid":{"rendered":"http:\/\/www.korhanyilmaz.com\/?p=7851"},"modified":"2009-04-06T08:27:44","modified_gmt":"2009-04-06T05:27:44","slug":"neden-kazandi","status":"publish","type":"post","link":"http:\/\/www.korhanyilmaz.com\/?p=7851","title":{"rendered":"Neden kazand\u0131?"},"content":{"rendered":"<p style=\"text-align: center;\"><img loading=\"lazy\" decoding=\"async\" class=\"size-full wp-image-7852 aligncenter\" src=\"http:\/\/www.korhanyilmaz.com\/wp-content\/uploads\/2009\/04\/060420090956145962008.jpg\" alt=\"\" width=\"329\" height=\"210\" \/><\/p>\n<p style=\"text-align: justify;\"><strong>Organ nakliyle tan\u0131nd\u0131, G\u00fcl&#8217;\u00fcn vetosuyla \u00fcnlendi<\/strong>.<\/p>\n<p style=\"text-align: justify;\"><strong>Antalya&#8217;da \u00e7ok \u015eaban Di\u015fli var!<\/strong><\/p>\n<p style=\"text-align: justify;\">Ba\u015fbakan\u0131 fena \u015fa\u015f\u0131rtt\u0131. Ama g\u00f6r\u00fcnen o ki, Antalyal\u0131lar hi\u00e7 de \u015fa\u015fk\u0131n de\u011fil. Ger\u00e7i Menderes T\u00fcrel&#8217;i de seviyorlar, ama Akdeniz \u00dcniversitesi&#8217;ne 30 y\u0131l\u0131n\u0131 vermi\u015f Prof. Dr. Mustafa Akayd\u0131n&#8217;a olan sevgileri y\u00fczde 6 fazla! Bir de i\u015fin i\u00e7ine baz\u0131 AKP&#8217;lilerin rant a\u015fk\u0131 girince, Akayd\u0131n&#8217;\u0131n kazanmas\u0131 farz olmu\u015f. Yak\u0131nda \u00f6\u011frenece\u011fiz, Akayd\u0131n, &#8220;Ba\u015fbakan neden kaybettik diye \u015fa\u015f\u0131rmas\u0131n. Hen\u00fcz elimde dosyalar yok, ama Antalya&#8217;da \u015eaban Di\u015fli gibi \u00e7ok adam var!&#8221; diyor<!--more--><\/p>\n<p style=\"text-align: justify;\">Se\u00e7im gecesi, t\u00fcm sonu\u00e7lar\u0131 metanetle kar\u015f\u0131lad\u0131 Ba\u015fbakan Erdo\u011fan, \u00fcz\u00fcld\u00fc\u011f\u00fc belliydi &#8220;Mesaj\u0131 ald\u0131k&#8221; derken&#8230; Bir tek anlamad\u0131\u011f\u0131, belki daha do\u011frusu hazmedemedi\u011fi bir yenilgi vard\u0131, Antalya&#8230; Bir \u00f6nceki se\u00e7imde Baykal&#8217;\u0131n memleketi ve CHP&#8217;nin kalesi say\u0131lan Antalya&#8217;y\u0131 al\u0131p, bu se\u00e7imde ciddi bir oy fark\u0131yla kaybetmek! &#8220;Tam 28 kere gittim&#8221; dedi biraz \u015fa\u015fk\u0131n, &#8220;Hepsi hizmetlerin a\u00e7\u0131l\u0131\u015f\u0131 i\u00e7indi. Tarihinde g\u00f6rmedi\u011fi hizmeti son be\u015f y\u0131ld\u0131r g\u00f6rd\u00fc Antalya. Rayl\u0131 sistemlerden tutun, ye\u015fil alanlara kadar&#8230; \u00dcz\u00fcnt\u00fcl\u00fcy\u00fcm!&#8221;<\/p>\n<p style=\"text-align: justify;\">Peki onu bu kadar \u015fa\u015f\u0131rtan neydi? AKP&#8217;ye g\u00f6re Menderes T\u00fcrel, ba\u015far\u0131l\u0131yd\u0131, Antalyal\u0131lar da seviyordu asl\u0131nda. Oylar\u0131n\u0131 da art\u0131rd\u0131 \u00fcstelik ve buna ra\u011fmen CHP aday\u0131 Prof. Dr. Mustafa Akayd\u0131n, T\u00fcrel&#8217;e y\u00fczde 6 fark atarak se\u00e7ildi. CHP&#8217;nin oylar\u0131n\u0131 tam \u00fc\u00e7 kat art\u0131rarak&#8230; Sonu\u00e7 \u015fa\u015f\u0131rt\u0131c\u0131 gelebilir Antalyal\u0131 olmayanlara, ama en az Menderes T\u00fcrel kadar sevilen bir isim oldu\u011funu anlad\u0131m \u00e7i\u00e7e\u011fi burnunda Ba\u015fkan Mustafa Akayd\u0131n&#8217;\u0131 ziyaret etti\u011fimde. Daha havaalan\u0131ndan taksiye binmi\u015ftim ki, \u015fof\u00f6rden ald\u0131m ilk mesaj\u0131; &#8220;Abla ben MHP&#8217;liyim, ama b\u00fcy\u00fck\u015fehirde oyumu hocaya verdim!&#8221; Gezdik\u00e7e g\u00f6rd\u00fcm ki, Akayd\u0131n&#8217;\u0131n se\u00e7ilmesindeki temel sebep politik oldu\u011fu kadar insani de! Antalyal\u0131 onu siyasi kimli\u011fiyle de takdir ediyor, ama as\u0131l mesele y\u0131llard\u0131r Akdeniz \u00dcniversitesi&#8217;nde canla ba\u015fla verdi\u011fi hizmetler. En \u00f6nemlisi organ nakli konusunda ekibiyle birlikte d\u00fcnya \u00e7ap\u0131ndaki ba\u015far\u0131lara imza atmas\u0131. Hayat kurtar\u0131yor k\u0131sacas\u0131. Yine \u015fof\u00f6r\u00fcm\u00fcze d\u00f6nelim; &#8220;Hocan\u0131n han\u0131m\u0131 da doktor ve ikisi birlikte Antalyal\u0131&#8217;n\u0131n ne derdi varsa y\u0131llard\u0131r yard\u0131ma ko\u015fuyorlar. Bunlar\u0131 nas\u0131l unuturuz!&#8221; \u0130\u015fte Erdo\u011fan&#8217;\u0131 \u015fa\u015f\u0131rtan ba\u015far\u0131n\u0131n temel s\u0131rr\u0131 burada. Tabii ki AKP&#8217;nin de biraz yard\u0131m\u0131 olmu\u015f! Malum Antalya&#8217;n\u0131n ta\u015f\u0131 topra\u011f\u0131 rant. Belediyenin \u015faibeli hizmetleri var. Yak\u0131nda yolsuzluk dosyalar\u0131 da g\u00fcndeme gelecek. Hele ki tramvay in\u015faat\u0131 bunlar\u0131n \u00fczerine t\u00fcy dikmi\u015f. Laf\u0131 uzatmayal\u0131m, Ba\u015fbakan&#8217;\u0131 \u015fa\u015fk\u0131na \u00e7eviren bu zaferin hik\u00e2yesini Akayd\u0131n&#8217;dan dinleyelim&#8230;<\/p>\n<p style=\"text-align: justify;\"><strong>Tramvay, T\u00fcrel&#8217;in sonu oldu<\/strong><\/p>\n<p style=\"text-align: justify;\"><strong>Sizce Ba\u015fbakan Erdo\u011fan Antalya&#8217;daki sonuca neden bu kadar \u00e7ok \u015fa\u015f\u0131rd\u0131?<\/strong><\/p>\n<p style=\"text-align: justify;\">Say\u0131n Ba\u015fbakan ger\u00e7ekten Antalya&#8217;y\u0131 \u00f6nemsedi. Bu \u00e7ok net bir ger\u00e7ek, \u00e7ok s\u0131k geldi kentimize.<\/p>\n<p style=\"text-align: justify;\"><strong>&#8220;Yirmi sekiz kere gittim ve her seferinde birka\u00e7 a\u00e7\u0131l\u0131\u015f yapt\u0131m&#8221; diyor&#8230;<\/strong><\/p>\n<p style=\"text-align: justify;\">Bunlarda do\u011fruluk pay\u0131 var, yanl\u0131\u015f de\u011fil; ama Say\u0131n Ba\u015fbakan&#8217;\u0131n fark\u0131nda olmad\u0131\u011f\u0131 bir ger\u00e7ek var; Antalya&#8217;da be\u015f y\u0131l i\u00e7inde baz\u0131 yanl\u0131\u015flar yap\u0131ld\u0131, yani o yat\u0131r\u0131mlar ak\u0131ll\u0131 yat\u0131r\u0131mlar de\u011fildi ve bor\u00e7la yap\u0131ld\u0131. Bu bor\u00e7lar\u0131 ben \u00f6deyece\u011fim.<\/p>\n<p style=\"text-align: justify;\"><strong>Antalya&#8217;n\u0131n ne kadar borcu var?<\/strong><\/p>\n<p style=\"text-align: justify;\">Sadece tramvay i\u00e7in 300 trilyon lira. \u00dcstelik, rayl\u0131 sistem yanl\u0131\u015f bir \u00e7\u00f6z\u00fcm, ak\u0131lc\u0131 bir \u00e7\u00f6z\u00fcm de\u011fil.<\/p>\n<p style=\"text-align: justify;\"><strong>Neden ak\u0131ll\u0131 \u00e7\u00f6z\u00fcm de\u011fil?<\/strong><\/p>\n<p style=\"text-align: justify;\">Bir kere, planlamaya dayal\u0131 yap\u0131lmad\u0131. Kenti kuzeyden g\u00fcneye ikiye b\u00f6ld\u00fc, aceleyle bitirelim diye, se\u00e7ime yeti\u015fsin diye yap\u0131l\u0131rken de kendi g\u00fczerg\u00e2h\u0131ndaki binlerce esnaf\u0131 ma\u011fdur etti. Esnaf iflas etti, kapatt\u0131 i\u015fyerini, i\u015f\u00e7ilerini \u00e7\u0131kard\u0131. Bunlar tabii b\u00fcy\u00fck bir fatura halinde bu se\u00e7imlerde ortaya \u00e7\u0131kt\u0131.<\/p>\n<p style=\"text-align: justify;\"><strong>Tramvay bitti\u011finde iyi olacak ama&#8230; <\/strong><\/p>\n<p style=\"text-align: justify;\">Hay\u0131r, bitti\u011finde de \u00e7\u00f6z\u00fcm olmayacak. Yanl\u0131\u015f bir g\u00fczerg\u00e2h se\u00e7ildi\u011fi i\u00e7in vatanda\u015f memnun kalmayacak. \u00c7\u00fcnk\u00fc kentin zaten \u00e7ok dar olan \u00f6nemli caddelerinin \u00fc\u00e7te ikisi tramvay yoluna ayr\u0131ld\u0131, geri kalan tek \u015feritli yol da lastikli ula\u015f\u0131ma&#8230; O lastikli ula\u015f\u0131m\u0131n ge\u00e7ti\u011fi g\u00fczerg\u00e2hta yar\u0131n bir g\u00fcn bir sa\u011fl\u0131k sorunu ya da bir yang\u0131n ya\u015fansa, itfaiye ve ambulans\u0131n gidebilece\u011fi bir yol yok. Tramvay b\u00f6yle s\u0131k\u0131nt\u0131lara yol a\u00e7acak; yani yap\u0131lan i\u015f tamamen plans\u0131z ve kaynak israf\u0131.<\/p>\n<p style=\"text-align: justify;\"><strong>1 katrilyon lira bor\u00e7 devrald\u0131k<\/strong><\/p>\n<p style=\"text-align: justify;\"><strong>Belediyenin toplam borcu ne kadar?<\/strong><\/p>\n<p style=\"text-align: justify;\">1 katrilyon civar\u0131.<\/p>\n<p style=\"text-align: justify;\"><strong>Menderes T\u00fcrel, &#8216;700 trilyon&#8217; diyor&#8230;<\/strong><\/p>\n<p style=\"text-align: justify;\">\u00d6yle ama bendeki bulgular \u00e7ok daha vahim. Hen\u00fcz mali durum tespitleri, incelemeler yeni ba\u015flad\u0131. Ama g\u00f6r\u00fcnen bu.<\/p>\n<p style=\"text-align: justify;\"><strong>Peki elinizde Kemal K\u0131l\u0131\u00e7daro\u011flu&#8217;nun elindeki gibi dosyalar var m\u0131?<\/strong><\/p>\n<p style=\"text-align: justify;\">Bu konuda iddial\u0131 konu\u015fmayay\u0131m. Elimizde, ge\u00e7mi\u015fte bas\u0131na yans\u0131m\u0131\u015f, savc\u0131l\u0131\u011fa da intikal etmi\u015f, belediyeyi ilgilendiren konular var. Ama ben, \u015fu yolsuzluktur diyemem \u015fu anda&#8230; Yaln\u0131z etik olarak yanl\u0131\u015ft\u0131r diyece\u011fim \u00e7ok i\u015f var.<\/p>\n<p style=\"text-align: justify;\"><strong>Kemal K\u0131l\u0131\u00e7daro\u011flu, Kadir Topba\u015f&#8217;a &#8220;150 milyar dolar nereye gitti?&#8221; diye soruyordu. &#8220;1 liral\u0131k i\u015fi 5 liraya yapt\u0131rm\u0131\u015flar, bunun hesab\u0131 sorulmal\u0131&#8221; diyordu. Bunun gibi mi?<\/strong><\/p>\n<p style=\"text-align: justify;\">\u015eimdi bu t\u00fcr duyumlar bende de var, ama elimde dosya yok hen\u00fcz. \u00d6zellikle belediye \u015firketleri ger\u00e7ekten yolsuzlu\u011fun en ciddi boyutta ya\u015fand\u0131\u011f\u0131 yerlerdir. Ben bunu ekranlarda da s\u00f6yledim. &#8220;T\u00fcrkiye&#8217;de yoksullu\u011fun en \u00f6nemli sebebi yolsuzluktur, yolsuzlu\u011fun da en \u00f6nemli sebebi rant\u0131 y\u00fcksek \u015fehirlerin yerel y\u00f6netimlerinde yap\u0131lan yolsuzluklard\u0131r&#8221; dedim. Ama bu yolsuzluklar\u0131 ceza kapsam\u0131nda de\u011ferlendiremezsiniz. En \u00f6nemli yolsuzluk imar rantlar\u0131yla oynayarak yap\u0131l\u0131r. Bu etik olarak ay\u0131pt\u0131r ama su\u00e7 diyemezsiniz, ay\u0131plars\u0131n\u0131z insanlar\u0131, oy vermezsiniz, cezaland\u0131r\u0131rs\u0131n\u0131z. Yani sizin elinizde \u015f\u00f6yle bir arsa var, bu arsan\u0131n emsali belli; 08, konusu da belli; park alan\u0131 var, pazar yeri var, okulu var. Siz bir belediye meclisi karar\u0131 al\u0131yorsunuz, bunlar\u0131n \u00f6rnekleri \u00e7ok, diyorsunuz ki, &#8220;Ben bunun emsalini 08&#8217;den 2&#8217;ye \u00e7\u0131kard\u0131m, temay\u0131 da ticari alan olarak de\u011fi\u015ftirdim.&#8221; Bir tek belediye meclisi karar\u0131yla, burada bu arsan\u0131n sahipleri veya bu arsay\u0131 alm\u0131\u015f olan ki\u015filer kimse, o insanlar\u0131n cebine bir anda 250 trilyon lira para koyuyorsunuz.<\/p>\n<p style=\"text-align: justify;\"><strong>Yani \u015eaban Di\u015fli olay\u0131nda oldu\u011fu gibi&#8230;<\/strong><\/p>\n<p style=\"text-align: justify;\">Aynen!<\/p>\n<p style=\"text-align: justify;\"><strong>Ve CHP&#8217;li Mehmet Sevigen&#8217;in olay\u0131nda oldu\u011fu gibi&#8230;<\/strong><\/p>\n<p style=\"text-align: justify;\">Aynen! Mehmet Sevigen olay\u0131 etik ay\u0131b\u0131 olan bir \u015fey, ama o gere\u011fini yapt\u0131. \u015eaban Di\u015fli&#8217; de bir r\u00fc\u015fvet olay\u0131 var a\u00e7\u0131k\u00e7a. Burada da bu t\u00fcr olaylar \u00e7ok.<\/p>\n<p style=\"text-align: justify;\"><strong>Ba\u015fbakan hi\u00e7 \u015fa\u015f\u0131rmas\u0131n!<\/strong><\/p>\n<p style=\"text-align: justify;\"><strong>Antalya&#8217;da yolsuzluklar\u0131n \u00f6n\u00fcn\u00fc alabilecek misiniz?<\/strong><\/p>\n<p style=\"text-align: justify;\">Elimden ne gelirse yapaca\u011f\u0131m. \u015eu anda belediyenin i\u00e7 foto\u011fraf\u0131n\u0131 \u00e7ekmeye \u00e7al\u0131\u015f\u0131yorum. Ge\u00e7mi\u015fte bir Ferrokrom Fabrikas\u0131 sat\u0131lm\u0131\u015ft\u0131 Antalya&#8217;da. Kentimizin en \u00f6nemli sanayi tesislerinden biridir. \u0130ddialara g\u00f6re, depolar\u0131ndaki malzeme fiyat\u0131na sat\u0131lm\u0131\u015ft\u0131r. Oysa bu fabrikan\u0131n Antalya d\u0131\u015f\u0131nda bile ciddi anlamda emlak\u0131 ve arsalar\u0131 var. Bunlar yanda\u015flara pazarlan\u0131yor. Antalya&#8217;n\u0131n g\u00f6be\u011findeki eski Tekel binas\u0131 ve Emlak Bankas\u0131 ihalesiz bir \u015fekilde birilerine \u00e7ok ucuz fiyata verilmi\u015ftir. D\u00fc\u015f\u00fcn\u00fcn, sat\u0131ld\u0131 bile diyemiyorum, verildi diyorum.<\/p>\n<p style=\"text-align: justify;\"><strong>Bunlar\u0131 ara\u015ft\u0131racak m\u0131s\u0131n\u0131z?<\/strong><\/p>\n<p style=\"text-align: justify;\">Bu i\u015f devletin sorumlulu\u011funda ama bakaca\u011f\u0131z. San\u0131yorum \u00d6zelle\u015ftirme \u0130daresi&#8217;nin ay\u0131plar\u0131 var burada&#8230; Ve Antalya&#8217;n\u0131n \u00f6yle g\u00fczel alanlar\u0131 var ki, bir bakars\u0131n\u0131z turizm te\u015fvik alan\u0131 diye ilan edilir, o b\u00f6lge Antalya&#8217;n\u0131n elinden gider, birisine pe\u015fke\u015f \u00e7ekilir; g\u00f6stermelik ihaleyle. \u00d6rnek istiyorsan\u0131z i\u015fte Lara. Orada bir s\u00fcr\u00fc rant var.<\/p>\n<p style=\"text-align: justify;\"><strong>&#8220;Lara&#8217;y\u0131 Disneyland&#8221; yapaca\u011f\u0131z demi\u015flerdi&#8230; <\/strong><\/p>\n<p style=\"text-align: justify;\">Evet. Lara, Antalya&#8217;dan \u00e7al\u0131nm\u0131\u015f bir rant merkezidir.<\/p>\n<p style=\"text-align: justify;\"><strong>Nas\u0131l \u00e7al\u0131nm\u0131\u015f?<\/strong><\/p>\n<p style=\"text-align: justify;\">Bu yolsuzluk boyutunda h\u00fck\u00fcmet devreye giriyor. H\u00fck\u00fcmet, rant\u0131 y\u00fcksek Antalya gibi kentlerin belli bir arazi b\u00f6l\u00fcm\u00fcnde de g\u00f6z\u00fck\u00fcyor. Yerel y\u00f6netim kendisindeyse \u00e7ok b\u00fcy\u00fck sorun yok, ama de\u011filse oray\u0131 hemen merkezi h\u00fck\u00fcmetin iradesiyle turizm alan\u0131 ilan ediyor. Lara&#8217;da b\u00f6yle oldu. Lara Belediyesi \u00f6nce b\u00fcy\u00fck\u015fehire ge\u00e7irildi, ondan sonra turizm alan\u0131 ilan edildi. B\u00fcy\u00fck\u015fehir Belediye Ba\u015fkan\u0131 da hi\u00e7 itiraz etmedi buna. Ve ondan sonra Fettah Tamince isimli zat o b\u00f6lgeyi ihale yoluyla ald\u0131. Bundan sonra da bir daha Antalya halk\u0131n\u0131n eline ge\u00e7mez, Lara Park\u0131 gitti.<\/p>\n<p style=\"text-align: justify;\"><strong>Geri d\u00f6n\u00fc\u015f yok mu?<\/strong><\/p>\n<p style=\"text-align: justify;\">Geri d\u00f6n\u00fc\u015f yok g\u00f6z\u00fck\u00fcyor. \u00c7\u00fcnk\u00fc yeni yasa \u00e7\u0131kard\u0131lar&#8230; Ba\u015fbakan, a\u00e7\u0131l\u0131\u015flar i\u00e7in geldi\u011finde de, tatil i\u00e7in de Rixos Otelleri&#8217;nde kal\u0131r, bunu da b\u00fct\u00fcn T\u00fcrkiye biliyor. Yani Lara&#8217;y\u0131 verdikleri Fettah Tamince&#8217;nin otellerinde&#8230;<\/p>\n<p style=\"text-align: justify;\"><strong>Rant u\u011fruna Antalya&#8217;y\u0131 yok ettiler<\/strong><\/p>\n<p style=\"text-align: justify;\"><strong>Ba\u015fbakan, &#8216;Ben Antalya&#8217;ya 28 kere gittim&#8217; derken, tatil i\u00e7in geldiklerini de mi say\u0131yor yani?<\/strong><\/p>\n<p style=\"text-align: justify;\">Dinlenmek i\u00e7in de geldi ama geldi\u011fi zaman yapt\u0131\u011f\u0131 a\u00e7\u0131l\u0131\u015flar\u0131n bir k\u0131sm\u0131 da Tamince&#8217;nin a\u00e7\u0131l\u0131\u015flar\u0131d\u0131r&#8230; Son geldi\u011fi zaman yapt\u0131\u011f\u0131 a\u00e7\u0131l\u0131\u015flardan biri de bir do\u011falgaz enerji santralinin a\u00e7\u0131l\u0131\u015f\u0131d\u0131r. Halbuki buran\u0131n idari yarg\u0131 olarak in\u015faat\u0131 durdurulmu\u015ftu, yine de in\u015faat devam etti, Say\u0131n Ba\u015fbakan da a\u00e7\u0131l\u0131\u015f\u0131n\u0131 yapt\u0131.<\/p>\n<p style=\"text-align: justify;\"><strong>Niye durduruldu?<\/strong><\/p>\n<p style=\"text-align: justify;\">\u00c7\u00fcnk\u00fc tar\u0131m arazisi y\u00f6n\u00fcnden \u00e7ok de\u011ferli bir yer, Antalya&#8217;n\u0131n \u00e7ok k\u0131ymetli bir yeri, Burdur yolu \u00fcst\u00fcnde&#8230; \u00dcstelik de alt\u0131ndan akan \u00e7ok \u00f6nemli su kaynaklar\u0131 var. Tesisin at\u0131klar\u0131 hem tar\u0131m arazilerini yok edebilir, hem de yeralt\u0131 sular\u0131n\u0131n kirlenmesine yol a\u00e7abilir. \u0130dari yarg\u0131 taraf\u0131ndan durdurulan bu tesisin a\u00e7\u0131l\u0131\u015f\u0131n\u0131, bile bile Say\u0131n Ba\u015fbakan&#8217;a yapt\u0131rd\u0131lar, se\u00e7imden hemen \u00f6nce. Bunlar Antalya halk\u0131n\u0131n g\u00f6zleri \u00f6n\u00fcnde, a\u00e7\u0131k a\u00e7\u0131k yap\u0131lan, bilinen \u015feyler. Cevab\u0131 da verilmiyor zaten bunlar\u0131n, &#8220;Biz yapt\u0131k, oldu&#8221; deniliyor. Daha \u00e7ok var, saymakla bitmez. Bir k\u0131sm\u0131 idari yarg\u0131yla geri d\u00f6n\u00fcyor; mesela Toprak Mahs\u00fclleri Ofisi&#8217;nin sat\u0131\u015f\u0131 idari yarg\u0131dan gerisin geri d\u00f6nd\u00fcr\u00fclm\u00fc\u015ft\u00fcr. Yine bir ba\u015fka olay, Vak\u0131f Zeytinli\u011fi&#8230; Y\u0131llard\u0131r g\u00f6z dikilen, Antalya&#8217;n\u0131n geni\u015f \u00e7apl\u0131 son ye\u015fil alan\u0131d\u0131r. San\u0131yorum 3 bin d\u00f6n\u00fcml\u00fck bir yer. Oray\u0131 se\u00e7imden \u00f6nce ihaleye \u00e7\u0131kartt\u0131lar, yine Antalya&#8217;n\u0131n elinden gidiyordu. Fakat b\u00fcy\u00fck bir kamuoyu bask\u0131s\u0131 sonucu se\u00e7im sonuna ertelediler ihaleyi. Bu ihale tabii devam edecek. Vak\u0131f Zeytinli\u011fi, 1500&#8217;l\u00fc y\u0131llardan gelen, k\u00fc\u00e7\u00fcle k\u00fc\u00e7\u00fcle 3 bin d\u00f6n\u00fcm kalan, y\u0131llard\u0131r kahramanca savundu\u011fumuz bir ye\u015fil alan. U\u00e7ak Antalya&#8217;ya yakla\u015f\u0131rken havadan bakt\u0131\u011f\u0131n\u0131zda g\u00f6rebildi\u011finiz tek ye\u015fil alan oras\u0131. Gerisi betondur art\u0131k Antalya&#8217;n\u0131n&#8230;<\/p>\n<p style=\"text-align: justify;\"><strong>Peki ama hi\u00e7 mi iyi bir \u015fey yapmad\u0131 Menderes T\u00fcrel? <\/strong><\/p>\n<p style=\"text-align: justify;\">\u0130\u015fte ne yapt\u0131klar\u0131n\u0131 anlat\u0131yorum. Rant u\u011fruna yok ettiler Antalya&#8217;y\u0131. \u00d6zelle\u015ftirme \u0130daresi eline ne ge\u00e7irdiyse satt\u0131; 488 d\u00f6n\u00fcml\u00fck dokuma alan\u0131 49 y\u0131ll\u0131\u011f\u0131na 24 milyon dolara sat\u0131ld\u0131&#8230;<\/p>\n<p style=\"text-align: justify;\"><strong>Yani Ba\u015fbakan hi\u00e7 \u015fa\u015f\u0131rmas\u0131n, &#8220;Niye Antalya&#8217;y\u0131 kaybettik&#8221; diye, \u00f6yle mi?<\/strong><\/p>\n<p style=\"text-align: justify;\">Evet, \u015fa\u015f\u0131rmas\u0131n. Bak\u0131n, Sheraton Oteli&#8217;nin arkas\u0131nda 250 d\u00f6n\u00fcml\u00fck harika bir yer var. Onun arkas\u0131nda da \u00e7ok ciddi bir beton yo\u011funluk, n\u00fcfus yo\u011funlu\u011fu var. O b\u00f6lge amat\u00f6r sporlar i\u00e7in kullan\u0131lan bir yerdi. Ama de\u011feri \u00e7ok y\u00fcksek bir yer. Stadyum ve kapal\u0131 salon yap\u0131lmak \u00fczere Gen\u00e7lik Spor Bakanl\u0131\u011f\u0131 taraf\u0131ndan Antalya B\u00fcy\u00fck\u015fehir Belediyesi&#8217;ne verildi ve burada yap-i\u015flet-devret modeliyle bir pazarlama yap\u0131ld\u0131. \u015eimdi orada 120 bin metrekare \u00f6rt\u00fcl\u00fc alan y\u00fckseliyor.<\/p>\n<p style=\"text-align: justify;\"><strong>\u00d6rt\u00fcl\u00fc alan, yani beton alan&#8230;<\/strong><\/p>\n<p style=\"text-align: justify;\">Tabii&#8230; \u00dc\u00e7te 1&#8217;i ticari, geri kalan\u0131 da l\u00fcks residence olacak; \u00e7\u00fcnk\u00fc bina y\u00fckseldi mi denizi g\u00f6rebilen daireleri y\u00fcksek fiyattan satabiliyorsunuz. Rant u\u011fruna amat\u00f6r sporcular\u0131 oradan kovalad\u0131lar, oradaki tesislerin bir k\u0131sm\u0131 y\u0131k\u0131l\u0131yor. B\u00f6yle bir \u015fey olur mu?<\/p>\n<p style=\"text-align: justify;\"><strong>Bu t\u00fcr \u00f6rnekler \u00e7ok mu?<\/strong><\/p>\n<p style=\"text-align: justify;\">\u00c7ok! Hem de b\u00fcy\u00fcklerini anlatt\u0131m size.<\/p>\n<p style=\"text-align: justify;\"><strong>Peki, siz hi\u00e7 imar de\u011fi\u015fiklikleri yapmayacak m\u0131s\u0131n\u0131z?<\/strong><\/p>\n<p style=\"text-align: justify;\">Yap-i\u015flet-devret modelleri \u00f6zellikle halk\u0131n sevinece\u011fi, memnun olaca\u011f\u0131 ve onlara istihdam yaratacak bir modelse onu kabul edece\u011fim. Bir beton y\u00fck\u00fc y\u00fckl\u00fcyorsa \u015fehrin merkezine ona kar\u015f\u0131y\u0131m; ama \u015fehrin kenar\u0131na beton y\u00fcklerseniz olabilir. \u00c7\u00fcnk\u00fc \u015fehrin merkezdeki n\u00fcfus yo\u011funlu\u011funu azalt\u0131rs\u0131n\u0131z, \u015fehrin fakir mahallesinin de rant\u0131n\u0131 y\u00fckseltirsiniz. \u00c7\u00fcnk\u00fc evin hakk\u0131 \u00fc\u00e7 kuru\u015fsa be\u015f kuru\u015fa \u00e7\u0131kar. Halk da mutlu olur.<\/p>\n<p style=\"text-align: justify;\"><strong>Ba\u015fbakan&#8217;\u0131n s\u00f6zleri nank\u00f6rl\u00fck olarak alg\u0131land\u0131 ama&#8230;<\/strong><\/p>\n<p style=\"text-align: justify;\"><strong>Peki, Ba\u015fbakan &#8220;28 kere gittim. Sonu\u00e7lar\u0131 anormal buluyorum&#8221; derken, Antalyal\u0131lar&#8217;a &#8216;nank\u00f6r&#8217; demeye mi getirdi?<\/strong><\/p>\n<p style=\"text-align: justify;\">Antalyal\u0131 \u00f6yle alg\u0131lad\u0131, ama ben \u00f6yle demeyece\u011fim.<\/p>\n<p style=\"text-align: justify;\"><strong>Siz nas\u0131l alg\u0131lad\u0131n\u0131z peki?<\/strong><\/p>\n<p style=\"text-align: justify;\">Ben Ba\u015fbakan ad\u0131na \u00fcz\u00fcld\u00fcm. Yani Ba\u015fbakan&#8217;\u0131n bu kadar emek sarf edip de bu kadar \u00fcz\u00fcnt\u00fc \u00e7ekmesi bizi de \u00fczer. Ben de dedim ki, &#8220;\u00dcz\u00fclmeyin, siz gene gelmeye devam edin. Biz size gereken ilgi ve alakay\u0131 g\u00f6steririz, yeter ki siz de partizan bir politikac\u0131 kimli\u011fi izlemeyin, biz de izlemeyiz zaten.&#8221; Ben \u015fu anda art\u0131k CHP&#8217;nin Belediye Ba\u015fkan\u0131 de\u011filim. Ben, halk\u0131n ve T\u00fcrkiye Cumhuriyeti&#8217;nin Belediye Ba\u015fkan\u0131y\u0131m; bana oy verenin de vermeyenin de ba\u015fkan\u0131y\u0131m. Say\u0131n Ba\u015fbakan&#8217;\u0131n da \u00f6yle davranmas\u0131 laz\u0131m. Zaten zannediyorum se\u00e7imden bir-iki g\u00fcn sonra bu anlamda bir beyanat\u0131 oldu. &#8220;Ben b\u00fct\u00fcn belediye ba\u015fkanlar\u0131n\u0131n Ba\u015fbakan\u0131y\u0131m&#8221; dedi, k\u0131saca. Bu \u00e7ok iyi bir davran\u0131\u015f.<\/p>\n<p style=\"text-align: justify;\"><strong>Organ nakliyle tan\u0131nd\u0131 G\u00fcl&#8217;\u00fcn vetosuyla \u00fcnlendi!<\/strong><\/p>\n<p style=\"text-align: justify;\">30 YIL \u00f6nce Ankara \u00dcniversitesi&#8217;nde yeni uzmanl\u0131\u011fa ba\u015flam\u0131\u015fken, hocas\u0131 Prof. Tuncay Karpuzo\u011flu, organ nakli konusunda bir ekip olu\u015fturmu\u015f ve Mustafa Akayd\u0131n&#8217;\u0131 da bu ekibe alm\u0131\u015f. B\u00f6brek nakli yapmaya ba\u015flam\u0131\u015flar&#8230; Ba\u015far\u0131l\u0131ym\u0131\u015flar, derken bir transfer teklifi alm\u0131\u015flar Antalya&#8217;dan, Akdeniz \u00dcniversitesi&#8217;nden&#8230; T\u0131p Fak\u00fcltesi&#8217;nin temelini atmak i\u00e7in&#8230; Y\u0131l 1982, geli\u015f o geli\u015f&#8230; O g\u00fcnden bu yana Akdeniz \u00dcniversitesi&#8217;nin d\u00fcnya \u00e7ap\u0131nda bir organ nakli merkezi haline gelmesinde pay\u0131 \u00e7ok b\u00fcy\u00fck Prof. Mustafa Akayd\u0131n&#8217;\u0131n. Bu \u00e7abalar\u0131, \u00fcniversitede h\u0131zla y\u00fckselmesini de beraberinde getirmi\u015f. \u00d6nce rekt\u00f6r yard\u0131mc\u0131s\u0131, derken rekt\u00f6r olmu\u015f. 2007-2008 d\u00f6neminde \u00dcniversiteler Aras\u0131 Kurul Ba\u015fkanl\u0131\u011f\u0131 yapm\u0131\u015f. Bu arada ge\u00e7en y\u0131lki rekt\u00f6rl\u00fck se\u00e7iminde birinci olmas\u0131na kar\u015f\u0131n Cumhurba\u015fkan\u0131 Abdullah G\u00fcl taraf\u0131ndan atanmamas\u0131n\u0131 herkes hat\u0131rlar. Sebebi t\u00fcrban\u0131 \u00fcniversiteye sokmamas\u0131! Akayd\u0131n, &#8220;Kamuoyunda tan\u0131nmamda ve destek g\u00f6rmemde G\u00fcl&#8217;\u00fcn bu karar\u0131n\u0131n pay\u0131 b\u00fcy\u00fck&#8221; diyor&#8230;<\/p>\n<p style=\"text-align: justify;\"><strong>Menderes T\u00fcrel&#8217;e yap\u0131lana \u00e7ok \u00fcz\u00fcld\u00fcm<\/strong><\/p>\n<p style=\"text-align: justify;\">ANTALYA&#8217;YI, CHP&#8217;nin kazanmas\u0131 sansasyoneldi. Bir sansasyon ise devir-teslim t\u00f6reninde ger\u00e7ekle\u015fti, hem de hi\u00e7 ho\u015f de\u011fildi. Asl\u0131nda t\u00f6ren ba\u015flad\u0131\u011f\u0131nda her \u015fey \u00e7ok iyiydi. Mustafa Akayd\u0131n da, Menderes T\u00fcrel de, gayet medeni ve sayg\u0131l\u0131yd\u0131. Ama belediye binas\u0131n\u0131n hemen d\u0131\u015f\u0131nda hi\u00e7 de ho\u015f olmayan bir u\u011furlama yapt\u0131 baz\u0131 CHP&#8217;liler. Tam Akayd\u0131n, T\u00fcrel&#8217;i u\u011furlarken , CHP&#8217;nin kampanya par\u00e7as\u0131 olan Selda Ba\u011fcan&#8217;\u0131n &#8216;Yuh Yuh&#8217; par\u00e7as\u0131 \u00e7almaya ba\u015flad\u0131. Baz\u0131 CHP&#8217;liler \u015fark\u0131 e\u015fli\u011finde T\u00fcrel&#8217;i protesto eden kalabal\u0131\u011fa engel olmak istedi, ama olan olmu\u015ftu. Tabii ki bu olay kamuoyunda da an\u0131nda tepki ald\u0131. Akayd\u0131n&#8217;a, &#8220;Ertu\u011frul \u00d6zk\u00f6k, k\u00f6\u015fe yaz\u0131s\u0131nda &#8216;Menderes T\u00fcrel&#8217;in yuhalanmas\u0131n\u0131 \u00f6yle susturmaya \u00e7al\u0131\u015fmak yetmez, beklerdim ki, &#8216;Ne bu terbiyesizlik, densizlik, g\u00f6rg\u00fcs\u00fczl\u00fck, magandal\u0131k karde\u015fim diyesiniz&#8217;&#8230;&#8221; diye ele\u015ftirdi sizi. Ne diyorsunuz?&#8221; diye sordum. Akayd\u0131n, ger\u00e7ekten ya\u015fanan bu olaydan \u00e7ok \u00fczg\u00fcn, yan\u0131tlad\u0131: &#8220;Par\u00e7ay\u0131 duyar duymaz i\u015faret ettim; &#8216;Susturun \u015funu&#8217; diye. Menderes T\u00fcrel&#8217;den de \u00f6z\u00fcr diledim. Kontrol\u00fcm d\u0131\u015f\u0131nda bir durumdu. O da anlay\u0131\u015fla kar\u015f\u0131lad\u0131, \u00f6zr\u00fcm\u00fc kabul etti. &#8216;Hocam \u00fcz\u00fclmeyin&#8217; dedi. Ama maalesef \u00fcz\u00fcc\u00fc bir durum. O dakikaya kadar kabul edilebilir bir nezaket i\u00e7inde ge\u00e7mi\u015fti her \u015fey. \u00c7ok \u00fcz\u00fcld\u00fcm.&#8221;<\/p>\n<p style=\"text-align: justify;\">Akayd\u0131n, bu \u00fcz\u00fcc\u00fc olay\u0131n m\u00fcsebbibinin ses d\u00fczenini yapan \u00f6zel \u015firketin eleman\u0131 oldu\u011funu belirtiyor ve &#8220;Belediyede \u00e7al\u0131\u015f\u0131yor olsayd\u0131, an\u0131nda i\u015fine son verirdim. Ben de yerin dibine girdim! Ke\u015fke b\u00f6yle bir olayla ba\u015flamasayd\u0131k i\u015fe&#8221; diyor.<\/p>\n<p style=\"text-align: justify;\"><strong><\/strong><span style=\"color: #888888;\">Kaynak : Mine \u015eenocakl\u0131 &#8211; Vatan<\/span><\/p>\n","protected":false},"excerpt":{"rendered":"<p style=\"text-align: center;\">\n<p style=\"text-align: justify;\">Organ nakliyle tan\u0131nd\u0131, G\u00fcl&#8217;\u00fcn vetosuyla \u00fcnlendi.<\/p>\n<p style=\"text-align: justify;\">Antalya&#8217;da \u00e7ok \u015eaban Di\u015fli var!<\/p>\n<p style=\"text-align: justify;\">Ba\u015fbakan\u0131 fena \u015fa\u015f\u0131rtt\u0131. Ama g\u00f6r\u00fcnen o ki, Antalyal\u0131lar hi\u00e7 de \u015fa\u015fk\u0131n de\u011fil. Ger\u00e7i Menderes T\u00fcrel&#8217;i de seviyorlar, ama Akdeniz \u00dcniversitesi&#8217;ne 30 y\u0131l\u0131n\u0131 vermi\u015f Prof. Dr. Mustafa Akayd\u0131n&#8217;a olan sevgileri y\u00fczde 6 fazla! Bir de i\u015fin <\/p>\n","protected":false},"author":1,"featured_media":0,"comment_status":"open","ping_status":"closed","sticky":false,"template":"","format":"standard","meta":{"footnotes":""},"categories":[105],"tags":[],"class_list":["post-7851","post","type-post","status-publish","format-standard","hentry","category-gundem","odd"],"_links":{"self":[{"href":"http:\/\/www.korhanyilmaz.com\/index.php?rest_route=\/wp\/v2\/posts\/7851","targetHints":{"allow":["GET"]}}],"collection":[{"href":"http:\/\/www.korhanyilmaz.com\/index.php?rest_route=\/wp\/v2\/posts"}],"about":[{"href":"http:\/\/www.korhanyilmaz.com\/index.php?rest_route=\/wp\/v2\/types\/post"}],"author":[{"embeddable":true,"href":"http:\/\/www.korhanyilmaz.com\/index.php?rest_route=\/wp\/v2\/users\/1"}],"replies":[{"embeddable":true,"href":"http:\/\/www.korhanyilmaz.com\/index.php?rest_route=%2Fwp%2Fv2%2Fcomments&post=7851"}],"version-history":[{"count":0,"href":"http:\/\/www.korhanyilmaz.com\/index.php?rest_route=\/wp\/v2\/posts\/7851\/revisions"}],"wp:attachment":[{"href":"http:\/\/www.korhanyilmaz.com\/index.php?rest_route=%2Fwp%2Fv2%2Fmedia&parent=7851"}],"wp:term":[{"taxonomy":"category","embeddable":true,"href":"http:\/\/www.korhanyilmaz.com\/index.php?rest_route=%2Fwp%2Fv2%2Fcategories&post=7851"},{"taxonomy":"post_tag","embeddable":true,"href":"http:\/\/www.korhanyilmaz.com\/index.php?rest_route=%2Fwp%2Fv2%2Ftags&post=7851"}],"curies":[{"name":"wp","href":"https:\/\/api.w.org\/{rel}","templated":true}]}}