{"id":7837,"date":"2009-04-06T08:58:34","date_gmt":"2009-04-06T05:58:34","guid":{"rendered":"http:\/\/www.korhanyilmaz.com\/?p=7837"},"modified":"2009-04-06T08:58:34","modified_gmt":"2009-04-06T05:58:34","slug":"ergenekonun-beyin-takimi-hala-disarida","status":"publish","type":"post","link":"http:\/\/www.korhanyilmaz.com\/?p=7837","title":{"rendered":"Ergenekon&#039;un beyin tak\u0131m\u0131 h\u00e2l\u00e2 d\u0131\u015far\u0131da"},"content":{"rendered":"<p style=\"text-align: center;\"><img loading=\"lazy\" decoding=\"async\" class=\"size-full wp-image-7857 aligncenter\" title=\"Eski Emniyet \u0130stihbarat Daire Ba\u015fkan\u0131 B\u00fclent Orako\u011flu\" src=\"http:\/\/www.korhanyilmaz.com\/wp-content\/uploads\/2009\/04\/601.jpg\" alt=\"\" width=\"240\" height=\"170\" \/><\/p>\n<p style=\"text-align: justify;\">Eski Emniyet \u0130stihbarat Daire Ba\u015fkan\u0131 B\u00fclent Orako\u011flu: Ergenekon&#8217;un g\u00f6vdesini olu\u015fturan \u00e2kil adamlar var. Bunlar d\u0131\u015far\u0131da. Enc\u00fcmen-i Dani\u015f&#8217;te beyin tak\u0131m\u0131ndan isimler var. Bu haftan\u0131n konu\u011fu eski Emniyet \u0130stihbarat Dairesi Ba\u015fkan\u0131 B\u00fclent Orako\u011flu.<br \/>\n\u0130kinci Ergenekon iddianamesini konu\u015ftuk. Neden Orako\u011flu? Ergenekon iddianamesindeki tan\u0131klar\u0131ndan.\n<\/p>\n<p style=\"text-align: justify;\">2003-2004&#8217;te planlanan darbe giri\u015fimlerini ilk telaffuz eden isimlerden biri. Hilmi \u00d6zk\u00f6k&#8217;\u00fcn yan\u0131 s\u0131ra Ya\u015far B\u00fcy\u00fckan\u0131t ve \u0130lker Ba\u015fbu\u011f&#8217;un da darbecilere s\u0131cak bakmad\u0131\u011f\u0131n\u0131 2 y\u0131l \u00f6nce s\u00f6yledi. \u015eimdi ikinci Ergenekon iddianamesiyle bu bilgi do\u011fruland\u0131. Yine Ergenekon&#8217;un, PKK ve Hizbullah&#8217;la ili\u015fki i\u00e7inde oldu\u011fu bu \u00f6rg\u00fctleri y\u00f6nlendirmeye \u00e7al\u0131\u015ft\u0131\u011f\u0131n\u0131 anlatt\u0131. \u0130ddianamenin \u00f6nemli bir k\u0131sm\u0131 bu ili\u015fkileri anlat\u0131yor \u015fimdi. 28 \u015eubat d\u00f6neminde bir s\u00fcre de cezaevinde yatan Orako\u011flu&#8217;na g\u00f6re, tutuklanan isimler sadece Ergenekon&#8217;un g\u00f6r\u00fcnen k\u0131sm\u0131.<!--more--><\/p>\n<p style=\"text-align: justify;\">&#8211; <strong><em>28 \u015eubat ve Susurluk d\u00f6nemini en iyi bilen isimlerdensiniz. O d\u00f6nemde Ergenekon denen yapidan haberdar miydiniz? <\/em><\/strong><\/p>\n<p style=\"text-align: justify;\"><strong><em><\/em><\/strong>Biliyorsunuz, 28 \u015eubat s\u00fcrecinde cezaevine at\u0131ld\u0131k. Ni\u00e7in? O d\u00f6nemde isimlendiremesek de asl\u0131nda bu \u00e7eteyle kar\u015f\u0131la\u015fm\u0131\u015ft\u0131k. 28 \u015eubat bir milatt\u0131r asl\u0131nda.<\/p>\n<p style=\"text-align: justify;\"><strong><em>-Tepe y\u00f6neticiler olarak \u015eener Eruygur ve Hur\u015fit Tolon yer aliyor. Ergenekon bu kadar mi? <\/em><\/strong><\/p>\n<p style=\"text-align: justify;\"><strong><em><\/em><\/strong>Ergenekon&#8217;un beyin fonksiyonlar\u0131 daha faaliyette. Beyin tak\u0131m\u0131 d\u0131\u015far\u0131da.<\/p>\n<p style=\"text-align: justify;\">&#8211; <strong><em>Beyin tak\u0131m\u0131?<\/em><\/strong><\/p>\n<p style=\"text-align: justify;\"><strong><em> <\/em><\/strong>Beyin tak\u0131m\u0131 veya g\u00f6vde diyelim bu isimlere.<br \/>\nErgenekon&#8217;un \u00e2kil adamlar\u0131&#8230; \u00c7\u00fcnk\u00fc bu yap\u0131y\u0131 y\u00f6neten bir \u00e2kil adamlar grubu var.\n<\/p>\n<p style=\"text-align: justify;\"><img loading=\"lazy\" decoding=\"async\" class=\"alignleft size-full wp-image-7847\" style=\"margin-left: 15px; margin-right: 15px;\" title=\"Eski Emniyet \u0130stihbarat Daire Ba\u015fkan\u0131 B\u00fclent Orako\u011flu\" src=\"http:\/\/www.korhanyilmaz.com\/wp-content\/uploads\/2009\/04\/d744c8bc8fd73b4e9066520er1.jpg\" alt=\"\" width=\"200\" height=\"332\" \/><\/p>\n<p style=\"text-align: justify;\">&#8211; <strong><em>Cezaevinde olanlar?<\/em><\/strong><\/p>\n<p style=\"text-align: justify;\"><strong><em> <\/em><\/strong>Onlar y\u0131pranm\u0131\u015f isimler. Bu d\u00f6nemde ortaya \u00e7\u0131kmad\u0131klar\u0131 takdirde bu derin yap\u0131n\u0131n beyni i\u00e7in tehlike yaratabilecek insanlar..Eylemci gruplar, tetik\u00e7iler biraz da emir verenler ve ili\u015fkili olanlar a\u00e7\u0131\u011fa \u00e7\u0131kar\u0131ld\u0131.<\/p>\n<p style=\"text-align: justify;\">&#8211; <strong><em>Beyin takimi kimlerden olu\u015fuyor?<\/em><\/strong><\/p>\n<p style=\"text-align: justify;\"><strong><em> <\/em><\/strong>\u015e\u00f6yle s\u00f6yleyeyim; Ergenekon&#8217;un sivil toplum kurulu\u015flar\u0131ndan, emniyetten, Silahl\u0131 Kuvvetler&#8217;den veya m\u00fclk idare amirliklerinden sorumlu birinci y\u00f6neticileri var. Bu y\u00f6neticilerden olu\u015fan bir beyin tak\u0131m\u0131. Bu beyin tak\u0131m\u0131 kendilerine ula\u015f\u0131lmamas\u0131n\u0131 sa\u011flayacak bir tak\u0131m bariyer ve barikatlar haz\u0131rlarlar. Enc\u00fcmen-i Dani\u015f bu barikatlardan biri. Enc\u00fcmen-i Dani\u015f&#8217;te eski Genelkurmay ba\u015fkanlar\u0131, M\u0130T m\u00fcste\u015farlar\u0131, gibi \u00f6nemli isimler var. Ama oradaki insanlar\u0131n y\u00fczde 90&#8217;\u0131 ger\u00e7ekten fikir al\u0131\u015fveri\u015fi yapmaya, \u00fclke meselelerini tart\u0131\u015fmaya geliyor.<br \/>\nAma i\u00e7lerindeki 3-4 ki\u015fi Ergenekon&#8217;un g\u00f6vdesine veya beyin tak\u0131m\u0131na giden yol. Enc\u00fcmeni Dani\u015f gibi yap\u0131lar Ergenekon&#8217;un beynine gitmenize engel.\n<\/p>\n<p style=\"text-align: justify;\">&#8211; <strong><em>Bu yapidaki Ergenekon&#8217;cular kim? <\/em><\/strong><\/p>\n<p style=\"text-align: justify;\">Enc\u00fcmen-i Dani\u015f&#8217;in kararlar\u0131n\u0131 kim al\u0131yorsa, al\u0131nacak kararlar\u0131 kim g\u00fcndeme getiriyorsa&#8230; Zaten o birka\u00e7 isim de Ergenekon&#8217;un g\u00f6vdesindeki isimlerdir. Ama bu \u015fekildeki tek yap\u0131 Enc\u00fcmeni Dani\u015f de\u011fil, \u00e7ok say\u0131da var.<\/p>\n<p style=\"text-align: justify;\">&#8211; <strong><em>Bu beyin takimi nasil \u00e7al\u0131\u015f\u0131yor?<\/em><\/strong><\/p>\n<p style=\"text-align: justify;\"><strong><em> <\/em><\/strong>Ergenekon&#8217;da h\u00fccre sistemi var. \u00c7ok gizlilik temel esas. Emniyet, medya ve \u00fcst d\u00fczey yarg\u0131 aya\u011f\u0131 da a\u00e7\u0131\u011fa \u00e7\u0131kart\u0131lmad\u0131.<\/p>\n<p style=\"text-align: justify;\">&#8211; <strong><em>\u00c7ok sayida gazeteci tutuklu veya yarg\u0131lan\u0131yor&#8230;<br \/>\n<\/em><\/strong>Cezaevinde olanlar \u00f6rg\u00fctle birebir organik ba\u011f i\u00e7inde olan. Ama beyin tak\u0131m\u0131yla irtibatl\u0131 \u00e7ok \u00fcst d\u00fczey medya y\u00f6neticileri ve yazarlar var.<br \/>\nErgenekon&#8217;un ne kadar g\u00fc\u00e7l\u00fc oldu\u011funun bir kan\u0131t\u0131 da halen toplumu etkileyebilen bir tak\u0131m insanlar\u0131n \u00e7e\u015fitli medya kanallar\u0131nda bu iddianamenin hukuksuz oldu\u011funu s\u00f6yleyebilmesidir.<\/p>\n<h5 style=\"text-align: justify;\"><span style=\"color: #993300;\">TSK ve M\u0130T ar\u015fivi a\u00e7\u0131lmal\u0131<\/span><\/h5>\n<\/p>\n<p style=\"text-align: justify;\">\n<p style=\"text-align: justify;\">\n<p style=\"text-align: justify;\"><strong><em>&#8211; Ergenekon&#8217;un kontrgerilla veya Gladio&#8217;yla ili\u015fkisi nedir? <\/em><\/strong><\/p>\n<p style=\"text-align: justify;\"><strong><em><\/em><\/strong>T\u00fcrk Gladiosu&#8217;nun ad\u0131 Ergenekon&#8217;dur. Bu derin yap\u0131 1960 ihtilalinden sonra olu\u015fturuldu. Ama bu Ergenekon eski yap\u0131y\u0131 taklit ediyor. Di\u011fer b\u00fct\u00fcn NATO \u00fclkelerinde &#8220;Bizde b\u00f6yle bir yap\u0131 vard\u0131 ama tasfiye ettik&#8221; deniliyor. T\u00fcrkiye&#8217;de de \u00fclkeyi idare edenler, karar verici mekanizmalar bunu mutlaka yapmal\u0131.<\/p>\n<p style=\"text-align: justify;\"><strong><em>&#8211; Kim yapacak; ba\u015fbakan m\u0131, cumhurba\u015fkan\u0131 m\u0131? <\/em><\/strong><\/p>\n<p style=\"text-align: justify;\"><strong><em><\/em><\/strong>Bu bir Milli G\u00fcvenlik karar\u0131yla olabilir. MGK&#8217;da bu karar al\u0131n\u0131p, a\u00e7\u0131klama yap\u0131labilir. \u0130kincisi; M\u0130T ve TSK ar\u015fivleri mutlaka Ergenekon soru\u015fturmas\u0131n\u0131 y\u00fcr\u00fcten savc\u0131lara a\u00e7\u0131lmal\u0131. \u00c7\u00fcnk\u00fc devletin yetkilerini bu \u00f6rg\u00fct\u00fcn lehine kullanan \u00fcst d\u00fczey yetkililer var. Bunlar\u0131n de\u015fifre edilmesi \u015fart. TSK ar\u015fivleri daha \u00f6nce U\u011fur Mumcu ve Necip Hablemito\u011flu&#8217;na a\u00e7\u0131ld\u0131, neden bu kadar \u00f6nemli bir soru\u015fturmay\u0131 y\u00fcr\u00fcten savc\u0131lara a\u00e7\u0131lmas\u0131n? Bir de Ergenekon&#8217;la ilgili Meclis Komisyonu \u015fart.<\/p>\n<h5 style=\"text-align: justify;\"><span style=\"color: #993300;\">Bizi i\u00e7eri atanlar \u015fimdi cezaevinde<\/span><\/h5>\n<p style=\"text-align: justify;\">\n<p style=\"text-align: justify;\"><strong><em>&#8211; 27 Nisan muhtirasi s\u0131ras\u0131nda &#8220;Ya\u015far B\u00fcy\u00fckan\u0131t darbeyi engelledi&#8221; demi\u015ftiniz&#8230;<br \/>\n<\/em><\/strong>\u00d6zk\u00f6k, B\u00fcy\u00fckan\u0131t ve Ba\u015fbu\u011f&#8217;un sa\u011fduyulu tav\u0131rlar\u0131 olmasayd\u0131 yeni darbeler olacakt\u0131. Son darbe giri\u015fimlerinin de\u015fifre edilmesinde polis istihbarat ve M\u0130T \u00fcst\u00fcne d\u00fc\u015feni yapt\u0131. \u00d6zk\u00f6k darbelerin \u00f6nlenmesinde darbecilerin planlar\u0131 hakk\u0131nda M\u0130T ve polisten istihbarat ald\u0131. 28 \u015eubat&#8217;ta polis darbeleri \u00f6nleme inisiyatifine ula\u015ft\u0131.<\/p>\n<p style=\"text-align: justify;\">&#8211; <strong><em>Sizin d\u00f6neminizde mi oldu bu?<br \/>\n<\/em><\/strong>28 \u015eubat&#8217;ta bana yap\u0131lan ele\u015ftiri g\u00f6rev alan\u0131m\u0131 a\u015fmamd\u0131. \u00c7\u00fcnk\u00fc darbe istihbarat\u0131n\u0131 yapmaya yetkili kurum yok. Darbe belgesini hiyerar\u015fiyle S\u00fcleyman Demirel&#8217;e verdik. Ama Demirel belgeyi \u00c7evik Bir&#8217;e geri verdi. Demirel isteseydi 28 \u015eubat olmazd\u0131 ama bu vesileyle siyasi has\u0131mlar\u0131n\u0131 tasfiye etti. Bizim de tutuklanmam\u0131za neden oldu. Ama bizi i\u00e7eri atanlar \u015fimdi Ergenekon&#8217;dan cezaevindeler Allah&#8217;a \u015f\u00fck\u00fcr.<\/p>\n<h5 style=\"text-align: justify;\"><span style=\"color: #993300;\">Velio\u011flu, Beykoz&#8217;da \u00f6ld\u00fcr\u00fclmedi \u00e7at\u0131\u015fma mizansendi<\/span><\/h5>\n<\/p>\n<p style=\"text-align: justify;\">\n<p style=\"text-align: justify;\">\n<p style=\"text-align: justify;\"><strong><em>Hizbullah&#8217;\u0131 ger\u00e7ekten Ergenekon mu y\u00f6nlendiriyordu? <\/em><\/strong><\/p>\n<p style=\"text-align: justify;\"><strong><em><\/em><\/strong>Ergenekon&#8217;un naylon ter\u00f6r \u00f6rg\u00fctleri kurma gibi bir stratejisi var. Hizbullah lideri H\u00fcseyin Velio\u011flu&#8217;nun Cem Ersever&#8217;le ili\u015fkisi zaten biliniyor. Hizbullah ile bu g\u00fc\u00e7lerin ili\u015fkisinin tan\u0131\u011f\u0131y\u0131m.<br \/>\nBen Hatay Emniyet M\u00fcd\u00fcr\u00fc&#8217;yken, \u0130l Alay Komutanl\u0131\u011f\u0131&#8217;na Vicdan Ba\u015faran&#8217;\u0131n atanmas\u0131 nedeniyle Adana B\u00f6lge Komutan\u0131 Tu\u011fgeneral Temel Cing\u00f6z, kente geldi. \u00dc\u00e7\u00fcm\u00fcz yeme\u011fe gittik. Yemek s\u0131ras\u0131nda uzun boylu birisi hep ayakta duruyordu. Koruma zannettim. Ben de &#8220;Temel Pa\u015fa, bu arkada\u015f neden ayakta duruyor, o da yemek yesin&#8221; dedim. Temel Cing\u00f6z de &#8220;Gel otur H\u00fcseyin&#8221; dedi. Tabii Hizbullah operasyonundan sonra o adam\u0131n H\u00fcseyin Velio\u011flu oldu\u011funu \u00f6\u011frendik. Velio\u011flu&#8217;nun Beykoz&#8217;daki operasyonda \u00f6ld\u00fcr\u00fcld\u00fc\u011f\u00fcne inanm\u0131yorum.<\/p>\n<p style=\"text-align: justify;\">&#8211; <strong><em>Neden?<br \/>\n<\/em><\/strong>H\u00fcseyin Velio\u011flu&#8217;nun bir \u00f6zelli\u011fi dikkatimi \u00e7ekmi\u015fti; polis veya asker \u00e7a\u011f\u0131rd\u0131\u011f\u0131nda hemen \u00f6n\u00fcn\u00fc ilikliyor, \u00e7ok sayg\u0131l\u0131 davran\u0131yordu. B\u00f6yle birisinin polise ate\u015f a\u00e7aca\u011f\u0131na inanm\u0131yorum. O \u00e7at\u0131\u015fma mizansendi. B\u00fcy\u00fck olas\u0131l\u0131kla ba\u015fka yerde \u00f6ld\u00fcr\u00fcld\u00fc; oraya getirildi.<br \/>\nBir de imk\u00e2n\u0131 yok Velio\u011flu&#8217;nun o kadar k\u0131sa s\u00fcrede \u00f6rg\u00fct\u00fcn ar\u015fivini ve b\u00fct\u00fcn paras\u0131n\u0131 \u0130stanbul&#8217;a ta\u015f\u0131mas\u0131na. Burada \u00f6nemli bir \u015fey daha var; Ergenekon Hizbullah&#8217;\u0131 kullan\u0131rken hemen medyada koruma duvar\u0131 olu\u015fturuyor. Mesela ben Hizbullah&#8217;la ilgili bir a\u00e7\u0131klama yapt\u0131\u011f\u0131mda hemen hedef olurum. Ama bir yazar bu \u00f6rg\u00fct aleyhine 4-5 kitap yazm\u0131\u015ft\u0131r, ama asla hedef olmam\u0131\u015ft\u0131r.<br \/>\nAksine Hizbullah Bas\u0131n B\u00fcrosu denen bir yer ba\u015fkalar\u0131yla ilgili tehdit a\u00e7\u0131klamalar\u0131n\u0131 bu yazara g\u00f6nderiyor.<\/p>\n<h5 style=\"text-align: justify;\"><span style=\"color: #993300;\">PKK ile derin yap\u0131n\u0131n tasfiyesi paralel<\/span><\/h5>\n<\/p>\n<p style=\"text-align: justify;\">\n<p style=\"text-align: justify;\">\n<p style=\"text-align: justify;\"><strong><em>PKK&#8217;nin tasfiyesine ne diyorsunuz?<br \/>\n<\/em><\/strong>T\u00fcrkiye&#8217;nin ya\u015fad\u0131\u011f\u0131 bu co\u011frafyada hi\u00e7bir \u015fey tesad\u00fcfi de\u011fil. PKK&#8217;yla Ergenekon&#8217;un tasfiye s\u00fcreci paralel. PKK tasfiye olur olmaz o ayr\u0131 \u015fey, ama Ergenekon gibi yap\u0131lar\u0131 ortaya \u00e7\u0131karan karar verici mekanizmaya ula\u015f\u0131lmas\u0131 gerekir. Ergenekon buzda\u011f\u0131n\u0131n g\u00f6r\u00fcnen y\u00fcz\u00fc.<\/p>\n<p style=\"text-align: justify;\">&#8211; <strong><em>PKK&#8217;nin tasfiye edilece\u011fine inanm\u0131yor musunuz?<br \/>\n<\/em><\/strong>J\u0130TEM&#8217;in kurucular\u0131ndan Cem Ersever y\u0131llar \u00f6nce yazd\u0131\u011f\u0131 kitab\u0131nda &#8220;PKK&#8217;n\u0131n tasfiye edilece\u011fine inanm\u0131yorum&#8221; diyor. O d\u00f6nemde de g\u00fcndemde. Nedense bu tasfiyede Talabani ba\u015frolde. Derin yap\u0131lar\u0131n emirleri bitti\u011fi zaman PKK biter.<\/p>\n<p style=\"text-align: justify;\">&#8211; <strong><em>PKK- Ergenekon ili\u015fkisini neye dayand\u0131r\u0131yorsunuz?<br \/>\n<\/em><\/strong>Pilot Necati denen ki\u015fi kurulu\u015fundan itibaren \u00f6rg\u00fct i\u00e7inde. \u00d6rg\u00fcte b\u00fct\u00fcn parasal kayna\u011f\u0131 o sa\u011fl\u0131yor. \u00d6calan, Pilot Necati nedeniyle \u00f6rg\u00fct\u00fc M\u0130T eliyle kurdu\u011funu ama Suriye&#8217;ye gittikten sonra ili\u015fkiyi kopard\u0131\u011f\u0131n\u0131 s\u00f6yl\u00fcyor. O nedenle \u00d6calan M\u0130T&#8217;in \u00f6rg\u00fct\u00fc kendisine kurdurttu\u011funu zannediyor.<\/p>\n<p style=\"text-align: justify;\">&#8211; <strong><em>Kim kurdurtuyor?<br \/>\n<\/em><\/strong>O d\u00f6nemde NATO tipi Gladio \u00f6rg\u00fctleri bilinmedi\u011fi i\u00e7in bunu s\u00f6yl\u00fcyor. \u00d6calan \u00f6\u011frenciyken bir taraftan sa\u011f eylemlerde di\u011fer taraftan sol eylemlerde yeti\u015ftiriliyor. U\u011fur Mumcu bunlar\u0131 ara\u015ft\u0131r\u0131rken \u00f6ld\u00fcr\u00fcld\u00fc. Meclis&#8217;te bir Abdullah \u00d6calan Ara\u015ft\u0131rma Komisyonu \u015fart. Bu komisyonla b\u00fct\u00fcn bu karanl\u0131k d\u00f6nem ara\u015ft\u0131r\u0131lmal\u0131.\n<\/p>\n<p style=\"text-align: justify;\"><span style=\"color: #888888;\">Kaynak : Ecevit K\u0131l\u0131\u00e7 &#8211; Sabah<\/span><\/p>\n","protected":false},"excerpt":{"rendered":"<p style=\"text-align: center;\">\n<p style=\"text-align: justify;\">Eski Emniyet \u0130stihbarat Daire Ba\u015fkan\u0131 B\u00fclent Orako\u011flu: Ergenekon&#8217;un g\u00f6vdesini olu\u015fturan \u00e2kil adamlar var. Bunlar d\u0131\u015far\u0131da. Enc\u00fcmen-i Dani\u015f&#8217;te beyin tak\u0131m\u0131ndan isimler var. Bu haftan\u0131n konu\u011fu eski Emniyet \u0130stihbarat Dairesi Ba\u015fkan\u0131 B\u00fclent Orako\u011flu. \u0130kinci Ergenekon iddianamesini konu\u015ftuk. Neden Orako\u011flu? Ergenekon iddianamesindeki tan\u0131klar\u0131ndan. <\/p>\n<p style=\"text-align: justify;\">2003-2004&#8217;te planlanan darbe giri\u015fimlerini ilk telaffuz eden <\/p>\n","protected":false},"author":1,"featured_media":0,"comment_status":"open","ping_status":"closed","sticky":false,"template":"","format":"standard","meta":{"footnotes":""},"categories":[105],"tags":[],"class_list":["post-7837","post","type-post","status-publish","format-standard","hentry","category-gundem","odd"],"_links":{"self":[{"href":"http:\/\/www.korhanyilmaz.com\/index.php?rest_route=\/wp\/v2\/posts\/7837","targetHints":{"allow":["GET"]}}],"collection":[{"href":"http:\/\/www.korhanyilmaz.com\/index.php?rest_route=\/wp\/v2\/posts"}],"about":[{"href":"http:\/\/www.korhanyilmaz.com\/index.php?rest_route=\/wp\/v2\/types\/post"}],"author":[{"embeddable":true,"href":"http:\/\/www.korhanyilmaz.com\/index.php?rest_route=\/wp\/v2\/users\/1"}],"replies":[{"embeddable":true,"href":"http:\/\/www.korhanyilmaz.com\/index.php?rest_route=%2Fwp%2Fv2%2Fcomments&post=7837"}],"version-history":[{"count":0,"href":"http:\/\/www.korhanyilmaz.com\/index.php?rest_route=\/wp\/v2\/posts\/7837\/revisions"}],"wp:attachment":[{"href":"http:\/\/www.korhanyilmaz.com\/index.php?rest_route=%2Fwp%2Fv2%2Fmedia&parent=7837"}],"wp:term":[{"taxonomy":"category","embeddable":true,"href":"http:\/\/www.korhanyilmaz.com\/index.php?rest_route=%2Fwp%2Fv2%2Fcategories&post=7837"},{"taxonomy":"post_tag","embeddable":true,"href":"http:\/\/www.korhanyilmaz.com\/index.php?rest_route=%2Fwp%2Fv2%2Ftags&post=7837"}],"curies":[{"name":"wp","href":"https:\/\/api.w.org\/{rel}","templated":true}]}}