{"id":7827,"date":"2009-04-06T09:21:14","date_gmt":"2009-04-06T06:21:14","guid":{"rendered":"http:\/\/www.korhanyilmaz.com\/?p=7827"},"modified":"2009-04-06T09:21:14","modified_gmt":"2009-04-06T06:21:14","slug":"asker-obama-kavsaginda","status":"publish","type":"post","link":"http:\/\/www.korhanyilmaz.com\/?p=7827","title":{"rendered":"Asker Obama kav\u015fa\u011f\u0131nda"},"content":{"rendered":"<p style=\"text-align: justify;\"><img loading=\"lazy\" decoding=\"async\" class=\"aligncenter size-full wp-image-7828\" src=\"http:\/\/www.korhanyilmaz.com\/wp-content\/uploads\/2009\/04\/060420090924249115231.jpg\" alt=\"\" width=\"320\" height=\"100\" \/><strong><\/strong><\/p>\n<p style=\"text-align: justify;\"><strong>DTP&#8217;nin Meclis&#8217;e girdi\u011fi 22 Temmuz&#8217;dan bu yana TBMM&#8217;deki t\u00f6renlere kat\u0131lmayan TSK, bug\u00fcn karar arifesinde<\/strong><\/p>\n<p style=\"text-align: justify;\">Obama&#8217;n\u0131n TBMM&#8217;de yapaca\u011f\u0131 konu\u015fma i\u00e7in gelen davete Org. Ba\u015fbu\u011f ve kuvvet komutanlar\u0131 s\u0131cak bak\u0131yor&#8230;<\/p>\n<p style=\"text-align: justify;\">Demokratik Toplum Partisi&#8217;nin (DTP) TBMM&#8217;ye girdi\u011fi 22 Temmuz se\u00e7imlerinden bu yana, Meclis&#8217;de d\u00fczenlenen t\u00f6ren, resepsiyon ve \u00f6zel oturumlar\u0131n hi\u00e7birine kat\u0131lmayan T\u00fcrk Silahl\u0131 Kuvvetleri&#8217;nin (TSK) komuta kademesinin, ABD Ba\u015fkan\u0131 Barak Obama i\u00e7in bu tav\u0131rlar\u0131n\u0131 de\u011fi\u015ftirebilecekleri \u00f6ne s\u00fcr\u00fcld\u00fc. <!--more--><\/p>\n<p style=\"text-align: justify;\">Meclis Ba\u015fkan\u0131 K\u00f6ksal Toptan, Obama&#8217;n\u0131n TBMM Genel Kurulu&#8217;nun \u00f6zel oturumunda bug\u00fcn yapaca\u011f\u0131 konu\u015fma i\u00e7in Genelkurmay Ba\u015fkan\u0131 Orgeneral \u0130lker Ba\u015fbu\u011f ile kuvvet komutanlar\u0131na \u00f6zel davetiye g\u00f6nderdi. Davetiyelerin 3 Nisan Cuma g\u00fcn\u00fc yerlerine ula\u015ft\u0131\u011f\u0131n\u0131 belirten Meclis yetkilileri, komutanlar\u0131n davete s\u0131cak bakt\u0131\u011f\u0131n\u0131 bildirdi. Askeri \u00e7evreler ise davete kat\u0131l\u0131p, kat\u0131lmama konusunda g\u00f6r\u00fc\u015f belirtmedi.<\/p>\n<p style=\"text-align: justify;\">Genelkurmay Ba\u015fkan\u0131 \u0130lker Ba\u015fbu\u011f ve kuvvet komutanlar\u0131 davete kat\u0131l\u0131rlarsa, Obama&#8217;n\u0131n bug\u00fcn saat 15.30&#8217;da ger\u00e7ekle\u015ftirece\u011fi konu\u015fmay\u0131, Meclis Genel Kurulu&#8217;ndaki kendilerine ayr\u0131lan \u00f6zel locadan izleyecekler.<\/p>\n<p style=\"text-align: justify;\"><strong>21 AYDIR MECL\u0130S&#8217;E  AYAK BASMADI<\/strong><\/p>\n<p style=\"text-align: justify;\">TBMM&#8217;ye son olarak, 23 Nisan 2007&#8217;de Ulusal Egemenlik ve \u00c7ocuk Bayram\u0131 nedeniyle verilen resepsiyona kat\u0131lmak i\u00e7in giden komutanlar, o tarihten bu yana 21 ayd\u0131r Meclis&#8217;e ayak basm\u0131yor. Cumhurba\u015fkanl\u0131\u011f\u0131 se\u00e7iminin 27 Nisan 2007&#8217;de yap\u0131lan ilk tur oylamas\u0131ndan 4 g\u00fcn \u00f6nce 23 Nisan Ulusal Egemenlik ve \u00c7ocuk Bayram\u0131 ve TBMM&#8217;nin kurulu\u015funun 87. y\u0131ld\u00f6n\u00fcm\u00fc nedeniyle Meclis Genel Kurulu&#8217;nda ger\u00e7ekle\u015ftirilen t\u00f6ren ve \u00f6zel oturumu, d\u00f6nemin Cumhurba\u015fkan\u0131 Ahmet Necdet Sezer&#8217;in yan\u0131s\u0131ra Genelkurmay Ba\u015fkan\u0131 ve Deniz Kuvetleri Komutan\u0131 Oramiral Yener Karahano\u011flu d\u0131\u015f\u0131nda Kuvvet Komutanlar\u0131 da izlemi\u015fti. Komutanlar\u0131n liderlerin konu\u015fmalar\u0131n\u0131 b\u00fcy\u00fck bir dikkatle takip etmeleri dikkat \u00e7ekmi\u015fti.<\/p>\n<p style=\"text-align: justify;\">D\u00f6nemin Meclis Ba\u015fkan\u0131 B\u00fclent Ar\u0131n\u00e7&#8217;\u0131n ev sahipli\u011finde ak\u015fam verilen resepsiyona da Genelkurmay Ba\u015fkan\u0131 ile kuvvet komutanlar\u0131 kat\u0131l\u0131p, k\u0131sa s\u00fcre kalm\u0131\u015flard\u0131. Komutanlar, 1 Ekim 2007&#8217;de ve 2008&#8217;deki Meclis&#8217;in a\u00e7\u0131l\u0131\u015f t\u00f6renine de kat\u0131lmam\u0131\u015flard\u0131.<\/p>\n<p style=\"text-align: justify;\">Eski Genelkurmay Ba\u015fkan\u0131 Orgeneral Ya\u015far B\u00fcy\u00fckan\u0131t ve kuvvet komutanlar\u0131, 23 Nisan 2008&#8217;de ise Ulusal Egemenlik ve \u00c7ocuk Bayram\u0131 nedeniyle d\u00fczenlenen t\u00f6renlerin sadece Ulus&#8217;taki 1&#8217;inci Meclis B\u00f6l\u00fcm\u00fc&#8217;ne kat\u0131lm\u0131\u015flard\u0131. Komutanlar, bir \u00f6nceki senenin aksine \u00f6zel g\u00fcndemle toplanan Meclis Genel Kurulu&#8217;ndaki t\u00f6rene ve Meclis Ba\u015fkan\u0131 K\u00f6ksal Toptan&#8217;\u0131n TBMM&#8217;de verdi\u011fi resepsiyona gitmemi\u015flerdi. Askerlerin, TBMM&#8217;deki etkinliklere kat\u0131lmamas\u0131nda DTP&#8217;nin Meclis&#8217;e girmesinin etkili oldu\u011fu belirtiliyordu.<\/p>\n<p style=\"text-align: justify;\"><span style=\"color: #888888;\">Kaynak : Vatan<\/span><\/p>\n","protected":false},"excerpt":{"rendered":"<p style=\"text-align: justify;\">\n<p style=\"text-align: justify;\">DTP&#8217;nin Meclis&#8217;e girdi\u011fi 22 Temmuz&#8217;dan bu yana TBMM&#8217;deki t\u00f6renlere kat\u0131lmayan TSK, bug\u00fcn karar arifesinde<\/p>\n<p style=\"text-align: justify;\">Obama&#8217;n\u0131n TBMM&#8217;de yapaca\u011f\u0131 konu\u015fma i\u00e7in gelen davete Org. Ba\u015fbu\u011f ve kuvvet komutanlar\u0131 s\u0131cak bak\u0131yor&#8230;<\/p>\n<p style=\"text-align: justify;\">Demokratik Toplum Partisi&#8217;nin (DTP) TBMM&#8217;ye girdi\u011fi 22 Temmuz se\u00e7imlerinden bu yana, Meclis&#8217;de d\u00fczenlenen t\u00f6ren, resepsiyon ve \u00f6zel oturumlar\u0131n <\/p>\n","protected":false},"author":1,"featured_media":0,"comment_status":"open","ping_status":"closed","sticky":false,"template":"","format":"standard","meta":{"footnotes":""},"categories":[105],"tags":[],"class_list":["post-7827","post","type-post","status-publish","format-standard","hentry","category-gundem","odd"],"_links":{"self":[{"href":"http:\/\/www.korhanyilmaz.com\/index.php?rest_route=\/wp\/v2\/posts\/7827","targetHints":{"allow":["GET"]}}],"collection":[{"href":"http:\/\/www.korhanyilmaz.com\/index.php?rest_route=\/wp\/v2\/posts"}],"about":[{"href":"http:\/\/www.korhanyilmaz.com\/index.php?rest_route=\/wp\/v2\/types\/post"}],"author":[{"embeddable":true,"href":"http:\/\/www.korhanyilmaz.com\/index.php?rest_route=\/wp\/v2\/users\/1"}],"replies":[{"embeddable":true,"href":"http:\/\/www.korhanyilmaz.com\/index.php?rest_route=%2Fwp%2Fv2%2Fcomments&post=7827"}],"version-history":[{"count":0,"href":"http:\/\/www.korhanyilmaz.com\/index.php?rest_route=\/wp\/v2\/posts\/7827\/revisions"}],"wp:attachment":[{"href":"http:\/\/www.korhanyilmaz.com\/index.php?rest_route=%2Fwp%2Fv2%2Fmedia&parent=7827"}],"wp:term":[{"taxonomy":"category","embeddable":true,"href":"http:\/\/www.korhanyilmaz.com\/index.php?rest_route=%2Fwp%2Fv2%2Fcategories&post=7827"},{"taxonomy":"post_tag","embeddable":true,"href":"http:\/\/www.korhanyilmaz.com\/index.php?rest_route=%2Fwp%2Fv2%2Ftags&post=7827"}],"curies":[{"name":"wp","href":"https:\/\/api.w.org\/{rel}","templated":true}]}}