{"id":7823,"date":"2009-04-06T07:59:30","date_gmt":"2009-04-06T04:59:30","guid":{"rendered":"http:\/\/www.korhanyilmaz.com\/?p=7823"},"modified":"2009-04-06T07:59:30","modified_gmt":"2009-04-06T04:59:30","slug":"ve-obama-ankarada","status":"publish","type":"post","link":"http:\/\/www.korhanyilmaz.com\/?p=7823","title":{"rendered":"Ve Obama Ankara&#039;da"},"content":{"rendered":"<p style=\"text-align: center;\"><img loading=\"lazy\" decoding=\"async\" class=\"aligncenter size-full wp-image-7824\" src=\"http:\/\/www.korhanyilmaz.com\/wp-content\/uploads\/2009\/04\/fft28_mf150529.jpeg\" alt=\"\" width=\"357\" height=\"238\" \/><\/p>\n<p style=\"text-align: center;\">\n<p style=\"text-align: justify;\"><strong>ABD Ba\u015fkan\u0131 Barack Obama&#8217;n\u0131n u\u00e7a\u011f\u0131 Ankara&#8217;ya indi. Obama yo\u011fun g\u00fcvenlik \u00f6nlemleri alt\u0131nda limuzinine binerek oteline gitti.<\/strong><\/p>\n<p style=\"text-align: justify;\">ABD Ba\u015fkan\u0131 Barack Obama, resmi ziyaret \u00e7er\u00e7evesinde temaslarda bulunmak \u00fczere T\u00fcrkiye&#8217;ye geldi.<br \/>\nABD Ba\u015fkanl\u0131k u\u00e7a\u011f\u0131 &#8220;Air Force One&#8221; ile saat 21:20&#8217;de Ankara&#8217;ya gelen Obama ve beraberindeki heyet, Esenbo\u011fa havaalan\u0131nda Devlet Bakan\u0131 Mehmet \u015eim\u015fek, T\u00fcrkiye&#8217;nin Washington B\u00fcy\u00fckel\u00e7isi Nabi \u015eensoy, ABD&#8217;nin Ankara B\u00fcy\u00fckel\u00e7isi James Jeffrey, Ankara Valisi Kemal \u00d6nal, Ankara Garnizon Komutan\u0131 Korgeneral Mehmet Emin Alpman, Ankara B\u00fcy\u00fck\u015fehir Belediye Ba\u015fkan\u0131 Melih G\u00f6k\u00e7ek ve di\u011fer yetkililer taraf\u0131ndan kar\u015f\u0131land\u0131. <!--more--><\/p>\n<p style=\"text-align: justify;\">Obama, geli\u015finin hemen ard\u0131ndan apronda kendisi i\u00e7in bekleyen limuzine binerek, ikamet edece\u011fi otele do\u011fru yola \u00e7\u0131kt\u0131.<br \/>\nABD Ba\u015fkan\u0131 Obama&#8217;n\u0131n geli\u015fi nedeniyle havaalan\u0131 ve \u00e7evresinde \u00e7ok s\u0131k\u0131 g\u00fcvenlik tedbirleri al\u0131nd\u0131. Esenbo\u011fa yolu saat 18.00 itibariyle ula\u015f\u0131ma kapat\u0131l\u0131rken, Obama&#8217;n\u0131n geli\u015fini takip edecek olan bas\u0131n mensuplar\u0131 ve ekipmanlar\u0131 arand\u0131. ABD Ba\u015fkan\u0131&#8217;n\u0131n u\u00e7a\u011f\u0131n\u0131n yana\u015ft\u0131\u011f\u0131 B\u00fcy\u00fck VIP binas\u0131n\u0131n \u00e7evresi ve \u00fcst\u00fcnde \u00fcst d\u00fczey g\u00fcvenlik \u00f6nlemleri al\u0131nd\u0131.\n<\/p>\n<p style=\"text-align: justify;\"><strong>-OBAMA&#8217;NIN ANKARA TEMASLARI-<\/strong><\/p>\n<p style=\"text-align: justify;\">ABD Ba\u015fkan\u0131 Obama, ziyaretinin ilk dura\u011f\u0131 olan Ankara&#8217;daki temaslar\u0131na yar\u0131n sabah An\u0131tkabir&#8217;i ziyaret ederek ba\u015flayacak. An\u0131tkabir ziyaretinin ard\u0131ndan \u00c7ankaya K\u00f6\u015fk\u00fc&#8217;nde Cumhurba\u015fkan\u0131 Abdullah G\u00fcl taraf\u0131ndan resmi t\u00f6renle kar\u015f\u0131lanacak olan Obama, g\u00f6r\u00fc\u015fmelerin ard\u0131ndan Cumhurba\u015fkan\u0131 G\u00fcl ile birlikte ortak bas\u0131n toplant\u0131s\u0131 d\u00fczenleyecek.<\/p>\n<p style=\"text-align: justify;\">Temaslar\u0131 \u00e7er\u00e7evesinde TBMM&#8217;yi de ziyaret edecek olan Obama, TBMM Ba\u015fkan\u0131 K\u00f6ksal Toptan ve TBMM&#8217;de grubu bulunan siyasi partilerin liderleriyle g\u00f6r\u00fc\u015ferek, TBMM Genel Kurulu&#8217;na hitap edecek. T\u00fcrkiye&#8217;ye ziyaretinin 1,5 saatini Mecliste ge\u00e7irecek olan Obama, K\u00f6ksal Toptan ile 15 dakika ba\u015f ba\u015fa g\u00f6r\u00fc\u015fecek. Obama, Toptan&#8217;\u0131n makam odas\u0131nda ayr\u0131ca s\u0131ras\u0131yla CHP Genel Ba\u015fkan\u0131 Deniz Baykal, MHP Genel Ba\u015fkan\u0131 Devlet Bah\u00e7eli ve DTP Genel Ba\u015fkan\u0131 Ahmet T\u00fcrk ile g\u00f6r\u00fc\u015f al\u0131\u015fveri\u015finde bulunacak.<\/p>\n<p style=\"text-align: justify;\">TBMM Genel Kurulu, yar\u0131n saat 15.00&#8217;te, TBMM Ba\u015fkanvekili Eyy\u00fcp Cenap G\u00fclp\u0131nar ba\u015fkanl\u0131\u011f\u0131nda \u00f6zel g\u00fcndemle toplanacak. Obama, parti liderleriyle ba\u015fba\u015fa yapaca\u011f\u0131 g\u00f6r\u00fc\u015fmenin ard\u0131ndan, Genel Kurula ge\u00e7erek 45 dakika olarak planlanan konu\u015fmas\u0131n\u0131 yapacak. Cumhurba\u015fkan\u0131 G\u00fcl&#8217;\u00fcn de ABD Ba\u015fkan\u0131 Obama&#8217;y\u0131 dinlemek \u00fczere, TBMM&#8217;ye gelmesi bekleniyor.<\/p>\n<p style=\"text-align: justify;\">Obama&#8217;n\u0131n konu\u015fmas\u0131n\u0131 165 yabanc\u0131 bas\u0131n mensubu ile TBMM&#8217;de g\u00f6rev yapan 200&#8217;e yak\u0131n T\u00fcrk bas\u0131n mensubu, bas\u0131n locas\u0131ndan izleyecek. Obama&#8217;n\u0131n TBMM ziyareti nedeniyle yar\u0131n Meclise ziyaret\u00e7i al\u0131nmayacak.<br \/>\nBarack Obama, daha sonra Ba\u015fbakanl\u0131k binas\u0131na ge\u00e7erek, Ba\u015fbakan Recep Tayyip Erdo\u011fan ile bir araya gelecek. Obama ve Erdo\u011fan&#8217;\u0131n da g\u00f6r\u00fc\u015fmelerinin ard\u0131ndan bas\u0131na hitap etmeleri \u00f6ng\u00f6r\u00fcl\u00fcyor.<br \/>\nABD Ba\u015fkan\u0131 Obama&#8217;n\u0131n Ankara&#8217;daki temaslar\u0131n\u0131n ard\u0131ndan yar\u0131n ak\u015fam saatlerinde \u0130stanbul&#8217;a ge\u00e7erek, 7 Nisan Sal\u0131 g\u00fcn\u00fc T\u00fcrkiye&#8217;den ayr\u0131lacak.\n<\/p>\n<p style=\"text-align: justify;\"><strong>-Z\u0130YARET\u0130N G\u00dcNDEM\u0130-<\/strong><\/p>\n<p style=\"text-align: justify;\">Cumhurba\u015fkanl\u0131\u011f\u0131 Bas\u0131n Merkezi&#8217;nden yap\u0131lan a\u00e7\u0131klamada, ABD Ba\u015fkan\u0131 Obama&#8217;n\u0131n T\u00fcrkiye ziyareti \u00e7er\u00e7evesinde, &#8220;yar\u0131m y\u00fczy\u0131l\u0131 a\u015fan bir s\u00fcredir hayati konularda dayan\u0131\u015fma i\u00e7inde bulunmu\u015f iki m\u00fcttefik ve stratejik ortak olan T\u00fcrkiye ve ABD aras\u0131ndaki ikili ili\u015fkiler&#8221; ile &#8220;her iki \u00fclkenin esasen ortak g\u00fcndeminde yer alan \u00f6ncelikli b\u00f6lgesel ve k\u00fcresel meselelerin&#8221; g\u00f6r\u00fc\u015f\u00fclece\u011fi bildirildi.<br \/>\nBu \u00e7er\u00e7evede, Orta Do\u011fu&#8217;daki son geli\u015fmeler ile \u0130srail-Filistin ve \u0130srail-Suriye g\u00f6r\u00fc\u015fmeleri, Irak ve gelece\u011fi ile ABD&#8217;nin bu \u00fclkeden \u00e7ekilme s\u00fcreci, \u0130ran ile ili\u015fkiler, Afganistan ve NATO&#8217;ya ili\u015fkin son geli\u015fmeler, T\u00fcrkiye&#8217;nin AB \u00fcyeli\u011fi, K\u0131br\u0131s, Balkanlar, Kafkaslar&#8217;daki son durum, enerji hatlar\u0131, k\u00fcresel ekonomik kriz gibi \u00e7ok geni\u015f yelpazedeki konu ba\u015fl\u0131klar\u0131n\u0131n ele al\u0131nmas\u0131 bekleniyor.\n<\/p>\n<p style=\"text-align: justify;\"><strong>-ANKARA&#8217;DAK\u0130 G\u00dcVENL\u0130K TEDB\u0130RLER\u0130- <\/strong><\/p>\n<p style=\"text-align: justify;\">Bu arada, Obama&#8217;n\u0131n ziyareti nedeniyle Ankara&#8217;da bug\u00fcn ve yar\u0131n baz\u0131 yollar trafi\u011fe kapat\u0131lacak, 6 nisan pazartesi g\u00fcn\u00fc sivil havac\u0131l\u0131k kurumlar\u0131na, \u015fehir merkezi \u00fczerinde u\u00e7u\u015f yasa\u011f\u0131 uygulanacak.<br \/>\nAnkara Emniyet M\u00fcd\u00fcrl\u00fc\u011f\u00fcnden yap\u0131lan a\u00e7\u0131klamaya g\u00f6re, g\u00fcvenlik tedbirleri \u00e7er\u00e7evesinde, yar\u0131n il merkezi \u00fczerinde polis ve askeri hava ara\u00e7lar\u0131 haricinde t\u00fcm sivil havac\u0131l\u0131k kurumlar\u0131na ait hava ara\u00e7lar\u0131na u\u00e7u\u015f yasa\u011f\u0131 getirildi.<\/p>\n<p style=\"text-align: justify;\">Ayr\u0131ca bug\u00fcn ve yar\u0131n \u00e7e\u015fitli saatlerde baz\u0131 g\u00fczergahlar tek tarafl\u0131 olarak konuk ba\u015fkan\u0131n ge\u00e7i\u015flerinde k\u0131sa s\u00fcreli trafi\u011fe kapat\u0131lacak.<br \/>\nBug\u00fcn 18.00&#8217;den itibaren Esenbo\u011fa Havaliman\u0131 yolu, \u00c7evre Yolu Do\u011fukent Caddesi, Kahire Caddesi, Simon Bolivar Caddesi, \u00c7ankaya Caddesi, \u0130ran Caddesi, Turan Emeksiz Sokak, Tahran Caddesi, Arjantin Caddesi, Bo\u011faz Sokak, Noktal\u0131 Sokak ile kav\u015faklara ba\u011fl\u0131 sokak ve cadde \u00e7\u0131k\u0131\u015flar\u0131, Esenbo\u011fa Havaliman\u0131 yolu, \u0130rfan Ba\u015ftu\u011f Caddesi, \u00c7ank\u0131r\u0131 Caddesi ve bu caddelere \u00e7\u0131kan sokaklar, Atat\u00fcrk Bulvar\u0131&#8217;n\u0131n Ulus kav\u015fa\u011f\u0131 ile \u00c7ankaya Caddesi aras\u0131nda kalan b\u00f6l\u00fcm\u00fc, ba\u011fl\u0131 sokak ve cadde \u00e7\u0131k\u0131\u015flar\u0131, Obama&#8217;n\u0131n konvoyunun ge\u00e7i\u015finin tamamlanmas\u0131na kadar trafi\u011fe kapanacak.<br \/>\nObama&#8217;n\u0131n temaslar\u0131n\u0131 yapaca\u011f\u0131 yar\u0131n da saat 08.00&#8217;den itibaren ge\u00e7i\u015fin tamamlanaca\u011f\u0131 saate kadar Tahran Caddesi, Arjantin Caddesi, Noktal\u0131 Sokak, Bo\u011faz Sokak, \u0130ran Caddesi, \u00c7ankaya Caddesi Cinnah Caddesi, Atat\u00fcrk Bulvar\u0131&#8217;n\u0131n K\u0131z\u0131lay Kav\u015fa\u011f\u0131 ile \u00c7ankaya Caddesi aras\u0131nda kalan b\u00f6l\u00fcm\u00fc, \u0130n\u00f6n\u00fc Bulvar\u0131&#8217;n\u0131n Kara Kuvvetleri Komutanl\u0131\u011f\u0131 Kav\u015fa\u011f\u0131 ile Atat\u00fcrk Bulvar\u0131 aras\u0131nda kalan b\u00f6l\u00fcm\u00fc, Mare\u015fal Fevzi \u00c7akmak Caddesi, Akdeniz Caddesi, Gen\u00e7lik Caddesi&#8217;nin Akdeniz Caddesi, Turgut Reis Caddesi ve An\u0131t Caddesi aras\u0131nda kalan b\u00f6l\u00fcm\u00fc, Vekaletler Caddesi, Yahya Galip Caddesi, Milli M\u00fcdafaa Caddesi aras\u0131ndaki kav\u015fa\u011fa ba\u011fl\u0131 sokak ve cadde \u00e7\u0131k\u0131\u015flar\u0131 ara\u00e7lara kapal\u0131 tutulacak.\n<\/p>\n<p style=\"text-align: justify;\">Ayn\u0131 g\u00fcn saat 15.00&#8217;ten itibaren yine ge\u00e7i\u015fin tamamlanaca\u011f\u0131 s\u00fcreye kadar Atat\u00fcrk Bulvar\u0131&#8217;n\u0131n K\u0131z\u0131lay Kav\u015fa\u011f\u0131 ile \u00c7ankaya Caddesi aras\u0131nda kalan b\u00f6l\u00fcm\u00fc, ba\u011fl\u0131 sokak ve cadde \u00e7\u0131k\u0131\u015flar\u0131, \u00c7ankaya Caddesi, Simon Bolivar Caddesi, Kahire Caddesi, Do\u011fukent Caddesi, \u00c7evre yolu, Esenbo\u011fa Havaliman\u0131 yolu ile kav\u015faklara ba\u011fl\u0131 sokak ve cadde \u00e7\u0131k\u0131\u015flar\u0131, \u0130n\u00f6n\u00fc Bulvar\u0131&#8217;n\u0131n Akay Kav\u015fa\u011f\u0131 ile Balgat K\u00f6pr\u00fc aras\u0131nda kalan b\u00f6l\u00fcm\u00fc ba\u011fl\u0131 sokak ve cadde \u00e7\u0131k\u0131\u015flar\u0131, Konya yolunun Balgat K\u00f6pr\u00fc ve Migros (Ankamall) aras\u0131nda kalan b\u00f6l\u00fcm\u00fc ba\u011fl\u0131 sokak ve cadde \u00e7\u0131k\u0131\u015flar\u0131, Samsun yolunun 1011 kav\u015fa\u011f\u0131 ile Ayd\u0131nl\u0131kevler kav\u015fa\u011f\u0131 aras\u0131nda kalan b\u00f6l\u00fcm\u00fc ba\u011fl\u0131 sokak ve cadde \u00e7\u0131k\u0131\u015flar\u0131, \u00c7ank\u0131r\u0131 Caddesi, \u0130rfan Ba\u015ftu\u011f Caddesi ve bu caddelere \u00e7\u0131kan sokak, cadde \u00e7\u0131k\u0131\u015f\u0131 ile Esenbo\u011fa Havaliman\u0131 yoluna \u00e7\u0131kan sokak ve cadde \u00e7\u0131k\u0131\u015flar\u0131 trafi\u011fe kapat\u0131lacak.<\/p>\n<p style=\"text-align: justify;\">Noktal\u0131 Sokak, Bo\u011faz Sokak, Arjantin Caddesi, \u0130ran Caddesi&#8217;ne gelen ara\u00e7lar, Sheraton Oteli istikametine d\u00f6n\u00fc\u015f yapamayacak. Noktal\u0131 Sokak, Bo\u011faz Sokak sakinleri, bu iki g\u00fcnde ara\u00e7lar\u0131n\u0131 Sheraton Oteli \u00f6n\u00fcne park edemeyecek.<\/p>\n<p style=\"text-align: justify;\"><span style=\"color: #888888;\">AA<\/span><\/p>\n","protected":false},"excerpt":{"rendered":"<p style=\"text-align: center;\">\n<p style=\"text-align: center;\">\n<p style=\"text-align: justify;\">ABD Ba\u015fkan\u0131 Barack Obama&#8217;n\u0131n u\u00e7a\u011f\u0131 Ankara&#8217;ya indi. Obama yo\u011fun g\u00fcvenlik \u00f6nlemleri alt\u0131nda limuzinine binerek oteline gitti.<\/p>\n<p style=\"text-align: justify;\">ABD Ba\u015fkan\u0131 Barack Obama, resmi ziyaret \u00e7er\u00e7evesinde temaslarda bulunmak \u00fczere T\u00fcrkiye&#8217;ye geldi. ABD Ba\u015fkanl\u0131k u\u00e7a\u011f\u0131 &#8220;Air Force One&#8221; ile saat 21:20&#8217;de Ankara&#8217;ya gelen Obama ve beraberindeki heyet, Esenbo\u011fa havaalan\u0131nda <\/p>\n","protected":false},"author":1,"featured_media":0,"comment_status":"open","ping_status":"closed","sticky":false,"template":"","format":"standard","meta":{"footnotes":""},"categories":[105],"tags":[],"class_list":["post-7823","post","type-post","status-publish","format-standard","hentry","category-gundem","odd"],"_links":{"self":[{"href":"http:\/\/www.korhanyilmaz.com\/index.php?rest_route=\/wp\/v2\/posts\/7823","targetHints":{"allow":["GET"]}}],"collection":[{"href":"http:\/\/www.korhanyilmaz.com\/index.php?rest_route=\/wp\/v2\/posts"}],"about":[{"href":"http:\/\/www.korhanyilmaz.com\/index.php?rest_route=\/wp\/v2\/types\/post"}],"author":[{"embeddable":true,"href":"http:\/\/www.korhanyilmaz.com\/index.php?rest_route=\/wp\/v2\/users\/1"}],"replies":[{"embeddable":true,"href":"http:\/\/www.korhanyilmaz.com\/index.php?rest_route=%2Fwp%2Fv2%2Fcomments&post=7823"}],"version-history":[{"count":0,"href":"http:\/\/www.korhanyilmaz.com\/index.php?rest_route=\/wp\/v2\/posts\/7823\/revisions"}],"wp:attachment":[{"href":"http:\/\/www.korhanyilmaz.com\/index.php?rest_route=%2Fwp%2Fv2%2Fmedia&parent=7823"}],"wp:term":[{"taxonomy":"category","embeddable":true,"href":"http:\/\/www.korhanyilmaz.com\/index.php?rest_route=%2Fwp%2Fv2%2Fcategories&post=7823"},{"taxonomy":"post_tag","embeddable":true,"href":"http:\/\/www.korhanyilmaz.com\/index.php?rest_route=%2Fwp%2Fv2%2Ftags&post=7823"}],"curies":[{"name":"wp","href":"https:\/\/api.w.org\/{rel}","templated":true}]}}