{"id":7811,"date":"2009-04-06T08:30:14","date_gmt":"2009-04-06T05:30:14","guid":{"rendered":"http:\/\/www.korhanyilmaz.com\/?p=7811"},"modified":"2009-04-06T08:30:14","modified_gmt":"2009-04-06T05:30:14","slug":"berfin-adi-sahsa-olur-parka-olmaz","status":"publish","type":"post","link":"http:\/\/www.korhanyilmaz.com\/?p=7811","title":{"rendered":"Berfin ad\u0131 \u015fahsa olur parka olmaz"},"content":{"rendered":"<p style=\"text-align: center;\"><img loading=\"lazy\" decoding=\"async\" class=\"aligncenter size-full wp-image-7812\" src=\"http:\/\/www.korhanyilmaz.com\/wp-content\/uploads\/2009\/04\/fft28_mf150685.jpeg\" alt=\"\" width=\"306\" height=\"204\" \/><\/p>\n<p style=\"text-align: center;\">\n<p style=\"text-align: justify;\"><strong>\u0130\u00e7i\u015fleri Bakan\u0131 Atalay: \u015eah\u0131slara Berfin ad\u0131 verilmesinin \u00f6n\u00fcnde engel yok ama, kamuya ait alan olan parklara Berfin ismi konulamaz.<\/strong><\/p>\n<p style=\"text-align: justify;\">\nN\u00fcfus Kanunu&#8217;nda yap\u0131lan de\u011fi\u015fiklikle \u015fah\u0131s ismi olarak kullan\u0131labilen Berfin, park ismi olam\u0131yor. \u0130\u00e7i\u015fleri Bakan\u0131 Be\u015fir Atalay, Diyarbak\u0131r&#8217;\u0131n Kayap\u0131nar Belediye Meclisi&#8217;nin be\u015f parka vermek istedi\u011fi isimlerden Nefel, Dara\u015fin, Berfin ve Beybun&#8217;in yasaklanmas\u0131n\u0131 savunurken &#8220;K\u00fcrt\u00e7e isimlerin parklara konulamayaca\u011f\u0131n\u0131, ancak \u00f6zel \u015fah\u0131s ismi olarak kullan\u0131lmas\u0131n\u0131n \u00f6n\u00fcnde herhangi bir yasal engel bulunmad\u0131\u011f\u0131n\u0131&#8221; s\u00f6yledi.<br \/>\nBakan Atalay, DTP Diyarbak\u0131r Milletvekili Aysel Tu\u011fluk&#8217;un, Diyarbak\u0131r&#8217;\u0131n Kayap\u0131nar belediyesinde parklara verilen K\u00fcrt\u00e7e isimlerin onaylanmamas\u0131 ve K\u00fcrt\u00e7e hizmet veren Sur belediyesinin feshine ili\u015fkin soru \u00f6nergesini yan\u0131tlad\u0131. <!--more--><\/p>\n<p style=\"text-align: justify;\">\nAtalay, T\u00fcrk Dil Kurumu&#8217;nca yay\u0131mlanm\u0131\u015f s\u00f6zl\u00fckler taran\u0131nca Kayap\u0131nar Belediye Meclisi&#8217;nce be\u015f parka verilmek istenen G\u00fclistan, Nefel, Dara\u015fin, Berfin ve Beybun isimlerinden sadece G\u00fclistan isminin g\u00fcncel T\u00fcrk\u00e7e&#8217;nin s\u00f6z varl\u0131\u011f\u0131nda oldu\u011funun anla\u015f\u0131ld\u0131\u011f\u0131n\u0131 belirtti. Atalay, park isimlerinin, &#8216;Adres ve Numaralamaya \u0130li\u015fkin Y\u00f6netmelik&#8217;in 24&#8217;\u00fcnc\u00fc maddesiyle (Mahalle, sokak, cadde, bulvar, meydan ve benzeri yerlerin adlar\u0131; Anayasa&#8217;n\u0131n temel ilkelerine, y\u00fcr\u00fcrl\u00fckteki mevzuata ayk\u0131r\u0131 tespit edilemez), Anayasan\u0131n 3&#8217;\u00fcnc\u00fc maddesindeki T\u00fcrkiye Devleti&#8217;nin dilinin T\u00fcrk\u00e7e oldu\u011fu h\u00fckm\u00fcne ayk\u0131r\u0131 oldu\u011fundan onaylanmad\u0131\u011f\u0131n\u0131 s\u00f6yledi.<\/p>\n<p style=\"text-align: justify;\">\nAtalay, \u015f\u00f6yle dedi: &#8220;Y\u00fcr\u00fcrl\u00fckteki mevzuata g\u00f6re, toplumun bir arada ya\u015fad\u0131\u011f\u0131 \u00f6zel olmayan, kamuya tahsis edilmi\u015f park ve benzeri yerlerin isimlerinin T\u00fcrk\u00e7e olmas\u0131 gerekmektedir. Parka verilmek istenen Berfin isminin \u00f6zel \u015fah\u0131s ismi olarak yasaklanmas\u0131 s\u00f6z konusu olmay\u0131p N\u00fcfus Kanunu&#8217;nda yap\u0131lan de\u011fi\u015fiklik ile \u015fah\u0131slara verilecek \u00f6zel isim olarak kullan\u0131lmas\u0131n\u0131n \u00f6n\u00fcnde yasal engel bulunmamaktad\u0131r.&#8221;<br \/>\nNefel, Dara\u015fin, Berfin ve Beybun isimlerinin Anayasa&#8217;n\u0131n &#8216;T\u00fcrkiye Devleti&#8217;nin dilinin T\u00fcrk\u00e7e oldu\u011fu h\u00fckm\u00fcne ayk\u0131r\u0131&#8217; oldu\u011funu da belirten Atalay, halen y\u00fcr\u00fcrl\u00fckte olan mevzuata g\u00f6re i\u015flem yap\u0131ld\u0131\u011f\u0131n\u0131 da belirtti.<\/p>\n<p style=\"text-align: justify;\">\nAtalay, &#8216;\u00e7ok dilli belediyecilik&#8217; uygulamas\u0131 nedeniyle Dan\u0131\u015ftay 8. Dairesi taraf\u0131ndan feshedilen eski Sur Belediye Meclisi&#8217;ne ait bu karar\u0131n Dan\u0131\u015ftay \u0130dareler Kurulu taraf\u0131ndan onayland\u0131\u011f\u0131na da dikkat \u00e7ekti. Dan\u0131\u015ftay 8. Dairesi&#8217;nin Sur Belediyesi&#8217;nin bu uygulamas\u0131yla ilgili karar\u0131na da \u00f6nergesinde yer veren Atalay, \u015f\u00f6yle dedi: &#8220;Belediyelerin yerel ko\u015fullar\u0131 dikkate alarak farkl\u0131 dil ve leh\u00e7eleri kullanan vatanda\u015flara, belediye hizmetlerinden daha sa\u011fl\u0131kl\u0131 yararlanmalar\u0131 ve bilgi sahibi olma hakk\u0131 kapsam\u0131nda y\u00fcr\u00fctt\u00fckleri \u00e7al\u0131\u015fmalarda, Anayasa ve yasalarda belirlenen kurallar\u0131n d\u0131\u015f\u0131na \u00e7\u0131kmamalar\u0131 gerekti\u011fi, bu hakk\u0131n kullan\u0131m\u0131n\u0131n da Anayasa ve yasalarda belirlenen sn\u0131rlar dahilinde olabilece\u011fi vurgulanm\u0131\u015ft\u0131r.&#8221;\n<\/p>\n<p style=\"text-align: justify;\"><span style=\"color: #888888;\">Kaynak : Rifat Ba\u015faran &#8211; Radikal<\/span><\/p>\n","protected":false},"excerpt":{"rendered":"<p style=\"text-align: center;\">\n<p style=\"text-align: center;\">\n<p style=\"text-align: justify;\">\u0130\u00e7i\u015fleri Bakan\u0131 Atalay: \u015eah\u0131slara Berfin ad\u0131 verilmesinin \u00f6n\u00fcnde engel yok ama, kamuya ait alan olan parklara Berfin ismi konulamaz.<\/p>\n<p style=\"text-align: justify;\"> N\u00fcfus Kanunu&#8217;nda yap\u0131lan de\u011fi\u015fiklikle \u015fah\u0131s ismi olarak kullan\u0131labilen Berfin, park ismi olam\u0131yor. \u0130\u00e7i\u015fleri Bakan\u0131 Be\u015fir Atalay, Diyarbak\u0131r&#8217;\u0131n Kayap\u0131nar Belediye Meclisi&#8217;nin be\u015f parka vermek istedi\u011fi isimlerden <\/p>\n","protected":false},"author":1,"featured_media":0,"comment_status":"open","ping_status":"closed","sticky":false,"template":"","format":"standard","meta":{"footnotes":""},"categories":[105],"tags":[],"class_list":["post-7811","post","type-post","status-publish","format-standard","hentry","category-gundem","odd"],"_links":{"self":[{"href":"http:\/\/www.korhanyilmaz.com\/index.php?rest_route=\/wp\/v2\/posts\/7811","targetHints":{"allow":["GET"]}}],"collection":[{"href":"http:\/\/www.korhanyilmaz.com\/index.php?rest_route=\/wp\/v2\/posts"}],"about":[{"href":"http:\/\/www.korhanyilmaz.com\/index.php?rest_route=\/wp\/v2\/types\/post"}],"author":[{"embeddable":true,"href":"http:\/\/www.korhanyilmaz.com\/index.php?rest_route=\/wp\/v2\/users\/1"}],"replies":[{"embeddable":true,"href":"http:\/\/www.korhanyilmaz.com\/index.php?rest_route=%2Fwp%2Fv2%2Fcomments&post=7811"}],"version-history":[{"count":0,"href":"http:\/\/www.korhanyilmaz.com\/index.php?rest_route=\/wp\/v2\/posts\/7811\/revisions"}],"wp:attachment":[{"href":"http:\/\/www.korhanyilmaz.com\/index.php?rest_route=%2Fwp%2Fv2%2Fmedia&parent=7811"}],"wp:term":[{"taxonomy":"category","embeddable":true,"href":"http:\/\/www.korhanyilmaz.com\/index.php?rest_route=%2Fwp%2Fv2%2Fcategories&post=7811"},{"taxonomy":"post_tag","embeddable":true,"href":"http:\/\/www.korhanyilmaz.com\/index.php?rest_route=%2Fwp%2Fv2%2Ftags&post=7811"}],"curies":[{"name":"wp","href":"https:\/\/api.w.org\/{rel}","templated":true}]}}