{"id":781,"date":"2008-08-17T18:53:13","date_gmt":"2008-08-17T15:53:13","guid":{"rendered":"http:\/\/www.korhanyilmaz.com\/?p=781"},"modified":"2008-08-17T18:53:13","modified_gmt":"2008-08-17T15:53:13","slug":"nevin-yari-finalde","status":"publish","type":"post","link":"http:\/\/www.korhanyilmaz.com\/?p=781","title":{"rendered":"Nevin yar\u0131 finalde"},"content":{"rendered":"<p style=\"text-align: center;\"><img loading=\"lazy\" decoding=\"async\" class=\"size-full wp-image-782   aligncenter\" title=\"7_226294_nevinnnb\" src=\"http:\/\/www.korhanyilmaz.com\/wp-content\/uploads\/2008\/08\/7_226294_nevinnnb.jpg\" alt=\"\" width=\"280\" height=\"210\" \/><\/p>\n<p style=\"text-align: justify;\">29. Yaz Olimpiyat Oyunlar\u0131\u00b4nda atletizmde bayanlar 100 metre engellide T\u00fcrkiye\u00b4yi temsil eden Nevin Yan\u0131t, se\u00e7melerde ilk 16\u00b4ya girerek, yar\u0131 finalde yar\u0131\u015fmaya hak kazand\u0131.<\/p>\n<p style=\"text-align: justify;\">&#8220;Ku\u015f Yuvas\u0131&#8221; olarak adland\u0131r\u0131lan Ulusal Stat&#8217;ta ger\u00e7ekle\u015ftirilen atletizm yar\u0131\u015fmalar\u0131n\u0131n 3. g\u00fcn ak\u015fam b\u00f6l\u00fcm\u00fcnde 5 seride toplam 40 atletin kat\u0131l\u0131m\u0131yla bayanlar 100 metre engelli se\u00e7meleri yap\u0131ld\u0131. \u0130lk seride ko\u015fan Nevit Yan\u0131t, 12.94&#8217;l\u00fck derecesiyle 8 atlet aras\u0131nda 3. s\u0131rada yer ald\u0131. Yan\u0131t, toplamda ise 12. s\u0131ray\u0131 alarak, yar\u0131 finalde yar\u0131\u015fma hakk\u0131n\u0131 elde etti. Se\u00e7melerde en iyi dereceyi ise 12.68 saniyeyle \u0130spanyol atlet Nnkiruka Josephine Onyia elde etti. Bayanlar 100 metre engellide yar\u0131 final yar\u0131\u015fmalar\u0131, yar\u0131n TS\u0130 14.40&#8217;dan itibaren 2 seri halinde toplam 16 atletin kat\u0131l\u0131m\u0131yla yap\u0131lacak.<\/p>\n","protected":false},"excerpt":{"rendered":"<p style=\"text-align: center;\">\n<p style=\"text-align: justify;\">29. Yaz Olimpiyat Oyunlar\u0131\u00b4nda atletizmde bayanlar 100 metre engellide T\u00fcrkiye\u00b4yi temsil eden Nevin Yan\u0131t, se\u00e7melerde ilk 16\u00b4ya girerek, yar\u0131 finalde yar\u0131\u015fmaya hak kazand\u0131.<\/p>\n<p style=\"text-align: justify;\">&#8220;Ku\u015f Yuvas\u0131&#8221; olarak adland\u0131r\u0131lan Ulusal Stat&#8217;ta ger\u00e7ekle\u015ftirilen atletizm yar\u0131\u015fmalar\u0131n\u0131n 3. g\u00fcn ak\u015fam b\u00f6l\u00fcm\u00fcnde 5 seride toplam 40 atletin kat\u0131l\u0131m\u0131yla bayanlar 100 metre engelli se\u00e7meleri yap\u0131ld\u0131. <\/p>\n","protected":false},"author":1,"featured_media":0,"comment_status":"open","ping_status":"open","sticky":false,"template":"","format":"standard","meta":{"footnotes":""},"categories":[42],"tags":[],"class_list":["post-781","post","type-post","status-publish","format-standard","hentry","category-spor","odd"],"_links":{"self":[{"href":"http:\/\/www.korhanyilmaz.com\/index.php?rest_route=\/wp\/v2\/posts\/781","targetHints":{"allow":["GET"]}}],"collection":[{"href":"http:\/\/www.korhanyilmaz.com\/index.php?rest_route=\/wp\/v2\/posts"}],"about":[{"href":"http:\/\/www.korhanyilmaz.com\/index.php?rest_route=\/wp\/v2\/types\/post"}],"author":[{"embeddable":true,"href":"http:\/\/www.korhanyilmaz.com\/index.php?rest_route=\/wp\/v2\/users\/1"}],"replies":[{"embeddable":true,"href":"http:\/\/www.korhanyilmaz.com\/index.php?rest_route=%2Fwp%2Fv2%2Fcomments&post=781"}],"version-history":[{"count":0,"href":"http:\/\/www.korhanyilmaz.com\/index.php?rest_route=\/wp\/v2\/posts\/781\/revisions"}],"wp:attachment":[{"href":"http:\/\/www.korhanyilmaz.com\/index.php?rest_route=%2Fwp%2Fv2%2Fmedia&parent=781"}],"wp:term":[{"taxonomy":"category","embeddable":true,"href":"http:\/\/www.korhanyilmaz.com\/index.php?rest_route=%2Fwp%2Fv2%2Fcategories&post=781"},{"taxonomy":"post_tag","embeddable":true,"href":"http:\/\/www.korhanyilmaz.com\/index.php?rest_route=%2Fwp%2Fv2%2Ftags&post=781"}],"curies":[{"name":"wp","href":"https:\/\/api.w.org\/{rel}","templated":true}]}}