{"id":7798,"date":"2009-04-05T19:04:18","date_gmt":"2009-04-05T16:04:18","guid":{"rendered":"http:\/\/www.korhanyilmaz.com\/?p=7798"},"modified":"2009-04-05T19:04:18","modified_gmt":"2009-04-05T16:04:18","slug":"akp%e2%80%99li-vekil-damadi-hulle-ile-trt%e2%80%99ye-gecti-iddiasi","status":"publish","type":"post","link":"http:\/\/www.korhanyilmaz.com\/?p=7798","title":{"rendered":"AKP\u2019li vekil damad\u0131 h\u00fclle ile TRT\u2019ye ge\u00e7ti iddias\u0131"},"content":{"rendered":"<p style=\"text-align: justify;\"><a href=\"http:\/\/www.korhanyilmaz.com\/wp-content\/uploads\/2009\/04\/060420090351311002649.jpg\"  class=\"lightview\"><img loading=\"lazy\" decoding=\"async\" class=\"aligncenter size-full wp-image-7799\" title=\"AKP\u2019li vekil damad\u0131 h\u00fclle ile TRT\u2019ye ge\u00e7ti iddias\u0131\" src=\"http:\/\/www.korhanyilmaz.com\/wp-content\/uploads\/2009\/04\/060420090351311002649.jpg\" alt=\"AKP\u2019li vekil damad\u0131 h\u00fclle ile TRT\u2019ye ge\u00e7ti iddias\u0131\" width=\"329\" height=\"210\" \/><\/a><\/p>\n<p style=\"text-align: justify;\"><strong>AKP U\u015fak Milletvekili Mustafa \u00c7etin hakk\u0131nda ilgin\u00e7 iddialar&#8230; <\/strong><\/p>\n<p style=\"text-align: justify;\">AKP U\u015fak Milletvekili Mustafa \u00c7etin, damad\u0131 Volkan Metin&#8217;i \u00f6nce Toplu Konut \u0130daresi&#8217;nde (TOK\u0130) uzman olarak i\u015fe ba\u015flatt\u0131. Milletvekili \u00c7etin, ge\u00e7en Ocak ay\u0131nda yeniden devreye girerek \u0130\u00e7i\u015fleri Bakanl\u0131\u011f\u0131 Tefti\u015f Kurulu&#8217;nda birlikte \u00e7al\u0131\u015ft\u0131\u011f\u0131 arkada\u015f\u0131 Tekirda\u011f Valisi Ayd\u0131n Nezih Do\u011fan&#8217;\u0131 arayarak damad\u0131n\u0131n Valilik \u00d6zel Kalem M\u00fcd\u00fcr\u00fc olarak atanmas\u0131 i\u00e7in ricac\u0131 oldu. Vali Do\u011fan, Volkan Metin&#8217;i, 5 Ocak 2009 tarihinde 657 Say\u0131l\u0131 Devlet Memurlar\u0131 Kanununun 59&#8217;uncu maddesinden kaynaklanan yetkisini kullanarak atad\u0131. 657 Say\u0131l\u0131 Devlet Memurlar\u0131 Kanununun 59&#8217;uncu maddesinin herhangi bir s\u0131nav \u015fart\u0131 aram\u0131yor.<!--more--><\/p>\n<p style=\"text-align: justify;\"><strong>Karde\u015fe de torpil<\/strong><\/p>\n<p style=\"text-align: justify;\">Volkan \u00c7etin, atamas\u0131ndan sonra evini ta\u015f\u0131mad\u0131 ve kentteki Polisevi&#8217;nde konaklad\u0131. Bir ay s\u00fcre ile Valilik&#8217;teki g\u00f6recine devam eden Metin, daha sonra iki defa 15&#8217;er g\u00fcn rapor ald\u0131. Ard\u0131ndan da izne \u00e7\u0131kt\u0131. \u0130zin ve raporlar\u0131n ard\u0131ndan tekrar \u00e7al\u0131\u015fmaya ba\u015flayan Metin, bir ay g\u00f6rev yapt\u0131ktan sonra Ankara&#8217;ya TRT&#8217;ye gitti. AKP U\u015fak Milletvekili Mustafa \u00c7etin, daha \u00f6nce karde\u015fi \u0130smail \u00c7etin&#8217;in \u0130zmir Milli E\u011fitim \u015eube M\u00fcd\u00fcrl\u00fc\u011f\u00fc&#8217;nden M\u00fcd\u00fcr Yard\u0131mc\u0131l\u0131\u011f\u0131 g\u00f6revine atanmas\u0131 ile de kamuoyunun g\u00fcndemine gelmi\u015fti.<\/p>\n<p style=\"text-align: justify;\"><span style=\"color: #888888;\">Kaynak : Vatan<\/span><\/p>\n","protected":false},"excerpt":{"rendered":"<p style=\"text-align: justify;\">\n<p style=\"text-align: justify;\">AKP U\u015fak Milletvekili Mustafa \u00c7etin hakk\u0131nda ilgin\u00e7 iddialar&#8230; <\/p>\n<p style=\"text-align: justify;\">AKP U\u015fak Milletvekili Mustafa \u00c7etin, damad\u0131 Volkan Metin&#8217;i \u00f6nce Toplu Konut \u0130daresi&#8217;nde (TOK\u0130) uzman olarak i\u015fe ba\u015flatt\u0131. Milletvekili \u00c7etin, ge\u00e7en Ocak ay\u0131nda yeniden devreye girerek \u0130\u00e7i\u015fleri Bakanl\u0131\u011f\u0131 Tefti\u015f Kurulu&#8217;nda birlikte \u00e7al\u0131\u015ft\u0131\u011f\u0131 arkada\u015f\u0131 Tekirda\u011f Valisi Ayd\u0131n Nezih Do\u011fan&#8217;\u0131 arayarak damad\u0131n\u0131n <\/p>\n","protected":false},"author":1,"featured_media":0,"comment_status":"open","ping_status":"closed","sticky":false,"template":"","format":"standard","meta":{"footnotes":""},"categories":[7],"tags":[],"class_list":["post-7798","post","type-post","status-publish","format-standard","hentry","category-ekonomi","odd"],"_links":{"self":[{"href":"http:\/\/www.korhanyilmaz.com\/index.php?rest_route=\/wp\/v2\/posts\/7798","targetHints":{"allow":["GET"]}}],"collection":[{"href":"http:\/\/www.korhanyilmaz.com\/index.php?rest_route=\/wp\/v2\/posts"}],"about":[{"href":"http:\/\/www.korhanyilmaz.com\/index.php?rest_route=\/wp\/v2\/types\/post"}],"author":[{"embeddable":true,"href":"http:\/\/www.korhanyilmaz.com\/index.php?rest_route=\/wp\/v2\/users\/1"}],"replies":[{"embeddable":true,"href":"http:\/\/www.korhanyilmaz.com\/index.php?rest_route=%2Fwp%2Fv2%2Fcomments&post=7798"}],"version-history":[{"count":0,"href":"http:\/\/www.korhanyilmaz.com\/index.php?rest_route=\/wp\/v2\/posts\/7798\/revisions"}],"wp:attachment":[{"href":"http:\/\/www.korhanyilmaz.com\/index.php?rest_route=%2Fwp%2Fv2%2Fmedia&parent=7798"}],"wp:term":[{"taxonomy":"category","embeddable":true,"href":"http:\/\/www.korhanyilmaz.com\/index.php?rest_route=%2Fwp%2Fv2%2Fcategories&post=7798"},{"taxonomy":"post_tag","embeddable":true,"href":"http:\/\/www.korhanyilmaz.com\/index.php?rest_route=%2Fwp%2Fv2%2Ftags&post=7798"}],"curies":[{"name":"wp","href":"https:\/\/api.w.org\/{rel}","templated":true}]}}