{"id":7794,"date":"2009-04-06T08:02:03","date_gmt":"2009-04-06T05:02:03","guid":{"rendered":"http:\/\/www.korhanyilmaz.com\/?p=7794"},"modified":"2009-04-06T08:02:03","modified_gmt":"2009-04-06T05:02:03","slug":"elinde-ipekci%e2%80%99nin-kaniyla-donuyor-patron-oluyor","status":"publish","type":"post","link":"http:\/\/www.korhanyilmaz.com\/?p=7794","title":{"rendered":"Elinde \u0130pek\u00e7i\u2019nin kan\u0131yla d\u00f6n\u00fcyor, patron oluyor"},"content":{"rendered":"<p style=\"text-align: center;\"><img loading=\"lazy\" decoding=\"async\" class=\"aligncenter size-full wp-image-7795\" src=\"http:\/\/www.korhanyilmaz.com\/wp-content\/uploads\/2009\/04\/060420090316417652632.jpg\" alt=\"\" width=\"329\" height=\"210\" \/><\/p>\n<p style=\"text-align: justify;\"><strong>Yal\u00e7\u0131n \u00d6zbey 30 y\u0131ll\u0131k zaman a\u015f\u0131m\u0131 gerek\u00e7esiyleT\u00fcrkiye&#8217;ye d\u00f6n\u00fcyor. <\/strong><\/p>\n<p style=\"text-align: justify;\">Abdi \u0130pek\u00e7i suikast\u0131 zanl\u0131s\u0131 ve 1979&#8217;da Maltepe Askeri Cezaevi&#8217;nden ka\u00e7\u0131r\u0131lan Yal\u00e7\u0131n \u00d6zbey 30 y\u0131ll\u0131k zaman a\u015f\u0131m\u0131 s\u00fcresinin doldu\u011fu gerek\u00e7esiyle bir ay i\u00e7inde T\u00fcrkiye&#8217;ye d\u00f6n\u00fcyor. \u00d6zbey me\u015frubat bayili\u011fi yapacak<\/p>\n<p style=\"text-align: justify;\">Milliyet Gazetesi Ba\u015fyazar\u0131 Abdi \u0130pek\u00e7i suikast\u0131 davas\u0131ndan yarg\u0131lanan Yal\u00e7\u0131n \u00d6zbey hakk\u0131ndaki dava zaman a\u015f\u0131m\u0131na girdi\u011fi gerek\u00e7esiyle \u015eubat 2009&#8217;da ortadan kalkt\u0131. \u00d6zbey&#8217;in firarda oldu\u011fu y\u0131llarda Bel\u00e7ika ve Hollanda&#8217;da \u00fcnl\u00fc enerji i\u00e7ece\u011fi Redbull&#8217;un bayili\u011fini yapt\u0131\u011f\u0131 ortaya \u00e7\u0131kt\u0131. \u015eu g\u00fcnlerde T\u00fcrkiye&#8217;ye d\u00f6nme haz\u0131rl\u0131\u011f\u0131ndaki \u00d6zbey, yine me\u015frubat bayili\u011fi yapacak.<!--more--><\/p>\n<p style=\"text-align: justify;\"><strong>Cinayeti planlad\u0131<\/strong><\/p>\n<p style=\"text-align: justify;\">Malatyal\u0131 Yal\u00e7\u0131n \u00d6zbey&#8217;in ismi, s\u00fcrekli Mehmet Ali A\u011fca, Oral \u00c7elik ve Abdullah \u00c7atl\u0131&#8217;yla birlikte an\u0131ld\u0131. Kendisi de \u0130pek\u00e7i&#8217;nin \u00f6ld\u00fcr\u00fcld\u00fc\u011f\u00fc s\u0131rada A\u011fca ve \u00c7elik&#8217;le ayn\u0131 evde kald\u0131\u011f\u0131n\u0131 kabul etti. A\u011fca, \u0130pek\u00e7i&#8217;nin \u00f6ld\u00fcr\u00fclmesinin zanl\u0131s\u0131 olarak yakaland\u0131\u011f\u0131nda ve Papa suikast\u0131ndan sonra Roma&#8217;da \u00e7\u0131kt\u0131\u011f\u0131 duru\u015fmada, \u0130pek\u00e7i&#8217;yi, Yal\u00e7\u0131n \u00d6zbey&#8217;in planlayarak \u00f6ld\u00fcrd\u00fc\u011f\u00fcn\u00fc \u00f6ne s\u00fcrd\u00fc. \u00d6zbey&#8217;in suikast \u00f6ncesinde A\u011fca&#8217;ya para verdi\u011fi ve arabas\u0131n\u0131n da cinayette kullan\u0131ld\u0131\u011f\u0131 belirlendi. A\u011fca, 1979&#8217;da Maltepe Askeri Cezaevi&#8217;nden de \u00d6zbey&#8217;in arabas\u0131yla ka\u00e7\u0131r\u0131ld\u0131. \u00d6zbey, bu geli\u015fmelerin ard\u0131ndan &#8216;s\u0131r&#8217; oldu. 1983 y\u0131l\u0131nda ka\u00e7t\u0131\u011f\u0131 Almanya&#8217;da siyasi m\u00fclteci oldu.<\/p>\n<p style=\"text-align: justify;\"><strong>Yakaland\u0131 ama iade edilmedi<\/strong><\/p>\n<p style=\"text-align: justify;\">16 Kas\u0131m 1983&#8217;te Almanya&#8217;n\u0131n Bochum Kenti&#8217;nde i\u015fletti\u011fi lokalde g\u00f6zalt\u0131na al\u0131nd\u0131. Aramada \u00d6zbey&#8217;in \u00fczerinden iki sahte pasaport, bir konsolosluk m\u00fchr\u00fc, T\u00fcrkiye&#8217;deki \u00e7e\u015fitli kurulu\u015flara ait m\u00fch\u00fcr ve sahte belgeler ile 7.65 \u00e7ap\u0131nda Unic marka tabanca \u00e7\u0131kt\u0131. 19 Ocak 1984&#8217;te serbest b\u0131rak\u0131ld\u0131. 1993 y\u0131l\u0131nda yine Almanya&#8217;da 1 kilo eroinle yakaland\u0131 ve uyu\u015fturucu ka\u00e7ak\u00e7\u0131l\u0131\u011f\u0131ndan d\u00f6rt y\u0131l tutuklu kald\u0131. T\u00fcrkiye&#8217;nin talebine kar\u015f\u0131n iade edilmedi ancak iki M\u0130T g\u00f6revlisi, ifadesini ald\u0131. \u0130pek\u00e7i davas\u0131nda bu ifade istedi\u011finde, kay\u0131tlar\u0131 Emniyet&#8217;in imha etti\u011fi \u00f6ne s\u00fcr\u00fcld\u00fc. Dava bittikten sonra kay\u0131tlar ortaya \u00e7\u0131kt\u0131. \u00d6zbey, 1997 ve 1999&#8217;da Bel\u00e7ika&#8217;dan istendi ancak idam cezas\u0131 gerek\u00e7esiyle iade edilmedi. 1997&#8217;nin Temmuz ay\u0131nda cezas\u0131n\u0131 tamamlayarak serbest b\u0131rak\u0131ld\u0131. 30 Eyl\u00fcl 1997 g\u00fcn\u00fc Br\u00fcksel&#8217;de yine polis taraf\u0131ndan g\u00f6zalt\u0131na al\u0131nd\u0131, yine ka\u00e7\u0131p gitmesine g\u00f6z yumuldu.<\/p>\n<p style=\"text-align: justify;\"><strong>\u00d6zbey 27 \u015eubat 2009&#8217;da \u0130stanbul<\/strong><\/p>\n<p style=\"text-align: justify;\">7. A\u011f\u0131r Ceza Mahkemesi&#8217;nin karar\u0131yla \u0130pek\u00e7i suikast\u0131 davas\u0131ndan kurtuldu. \u00d6zbey, hakk\u0131nda &#8220;yakalama&#8221; karar\u0131 olmas\u0131na ra\u011fmen 30 y\u0131l boyunca yakalanamay\u0131nca dava zaman a\u015f\u0131m\u0131na girdi.<\/p>\n<p style=\"text-align: justify;\"><strong>T\u00fcrk pasaportu da ald\u0131<\/strong><\/p>\n<p style=\"text-align: justify;\">Mahkeme 1 \u015eubat 1979 olan su\u00e7 tarihinden duru\u015fma tarihine kadar 30 y\u0131l\u0131n doldu\u011funun anla\u015f\u0131ld\u0131\u011f\u0131na karar vererek, \u00d6zbey hakk\u0131ndaki yakalama karar\u0131n\u0131 da kald\u0131rd\u0131. Bu karar\u0131n ard\u0131ndan avukat\u0131 arac\u0131l\u0131\u011f\u0131yla hukuki i\u015flemleri ba\u015flatan \u00d6zbey, en ge\u00e7 1 ay i\u00e7inde T\u00fcrkiye&#8217;ye geri d\u00f6necek. \u00d6zbey&#8217;in 30 y\u0131l \u00f6nce iptal olan T\u00fcrk pasaportunu yeniden ald\u0131\u011f\u0131 \u0130stanbul&#8217;a gelirken ise T\u00fcrk olan e\u015fi ile biri k\u0131z di\u011feri erkek iki \u00e7ocu\u011funu getirmeyece\u011fi \u00f6\u011frenildi. 30 y\u0131l boyunca bir t\u00fcrl\u00fc yakalanamad\u0131\u011f\u0131 i\u00e7in T\u00fcrkiye&#8217;deki davas\u0131 zaman a\u015f\u0131m\u0131na u\u011frayan \u00d6zbey, o y\u0131llarda d\u00fcnyaca \u00fcnl\u00fc enerji i\u00e7ece\u011fi Redbull satarak ge\u00e7iniyordu. \u00d6zbey&#8217;in yak\u0131n bir arkada\u015f\u0131 VATAN&#8217;a \u00d6zbey&#8217;in Redbull bayili\u011fi d\u0131\u015f\u0131nda, Osmanl\u0131 d\u00f6nemine ait imitasyon antika e\u015fyalar, ibrik, \u00e7anak ve \u00e7\u00f6mlek satan hediyelik e\u015fya sat\u0131\u015f\u0131 da yapt\u0131\u011f\u0131n\u0131 s\u00f6yledi. Ancak art\u0131k hediyelik e\u015fya ma\u011fazalar\u0131n\u0131 kapatt\u0131\u011f\u0131n\u0131, i\u00e7ecek i\u015fine devam edece\u011fini anlatt\u0131.<\/p>\n<p style=\"text-align: justify;\"><strong>Bel\u00e7ika tutuklay\u0131p serbest b\u0131rakt\u0131<\/strong><\/p>\n<p style=\"text-align: justify;\">T\u00fcrk\u0130ye taraf\u0131ndan y\u0131llarca k\u0131rm\u0131z\u0131 b\u00fcltenle aranan Yal\u00e7\u0131n \u00d6zbey, Almanya&#8217;n\u0131n ard\u0131ndan 2006&#8217;da Bel\u00e7ika&#8217;ya ge\u00e7erek burada ticarete at\u0131ld\u0131. Burada iki gece marketi olan Yal\u00e7\u0131n \u00d6zbey&#8217;in deposunda ka\u00e7ak mal yakaland\u0131 ve g\u00f6zalt\u0131na al\u0131n\u0131p tutukland\u0131. \u00d6zbey hakk\u0131nda Romanyal\u0131 3 aileden olu\u015fan bir h\u0131rs\u0131zl\u0131k \u00e7etesiyle i\u015fbirli\u011fi yapmak, bu \u00e7etenin TIR&#8217;lardan ve \u00e7e\u015fitli yerlerden \u00e7ald\u0131\u011f\u0131 mallar\u0131n sat\u0131\u015f\u0131n\u0131 yapmak ve hara\u00e7 toplamak gibi su\u00e7lamalar getirildi. Bir ay tutuklu kalan \u00d6zbey i\u00e7in T\u00fcrkiye, iade talebinde bulundu ve Br\u00fcksel Mahkemesi T\u00fcrkiye&#8217;nin haz\u0131rlad\u0131\u011f\u0131 iade dosyas\u0131n\u0131 &#8220;zaman a\u015f\u0131m\u0131&#8221; nedeniyle reddedip tutuksuz yarg\u0131lad\u0131.<\/p>\n<p style=\"text-align: justify;\"><span style=\"color: #888888;\">Kaynak : Vatan<\/span><\/p>\n","protected":false},"excerpt":{"rendered":"<p style=\"text-align: center;\">\n<p style=\"text-align: justify;\">Yal\u00e7\u0131n \u00d6zbey 30 y\u0131ll\u0131k zaman a\u015f\u0131m\u0131 gerek\u00e7esiyleT\u00fcrkiye&#8217;ye d\u00f6n\u00fcyor. <\/p>\n<p style=\"text-align: justify;\">Abdi \u0130pek\u00e7i suikast\u0131 zanl\u0131s\u0131 ve 1979&#8217;da Maltepe Askeri Cezaevi&#8217;nden ka\u00e7\u0131r\u0131lan Yal\u00e7\u0131n \u00d6zbey 30 y\u0131ll\u0131k zaman a\u015f\u0131m\u0131 s\u00fcresinin doldu\u011fu gerek\u00e7esiyle bir ay i\u00e7inde T\u00fcrkiye&#8217;ye d\u00f6n\u00fcyor. \u00d6zbey me\u015frubat bayili\u011fi yapacak<\/p>\n<p style=\"text-align: justify;\">Milliyet Gazetesi Ba\u015fyazar\u0131 Abdi \u0130pek\u00e7i suikast\u0131 davas\u0131ndan yarg\u0131lanan Yal\u00e7\u0131n <\/p>\n","protected":false},"author":1,"featured_media":0,"comment_status":"open","ping_status":"closed","sticky":false,"template":"","format":"standard","meta":{"footnotes":""},"categories":[105],"tags":[],"class_list":["post-7794","post","type-post","status-publish","format-standard","hentry","category-gundem","odd"],"_links":{"self":[{"href":"http:\/\/www.korhanyilmaz.com\/index.php?rest_route=\/wp\/v2\/posts\/7794","targetHints":{"allow":["GET"]}}],"collection":[{"href":"http:\/\/www.korhanyilmaz.com\/index.php?rest_route=\/wp\/v2\/posts"}],"about":[{"href":"http:\/\/www.korhanyilmaz.com\/index.php?rest_route=\/wp\/v2\/types\/post"}],"author":[{"embeddable":true,"href":"http:\/\/www.korhanyilmaz.com\/index.php?rest_route=\/wp\/v2\/users\/1"}],"replies":[{"embeddable":true,"href":"http:\/\/www.korhanyilmaz.com\/index.php?rest_route=%2Fwp%2Fv2%2Fcomments&post=7794"}],"version-history":[{"count":0,"href":"http:\/\/www.korhanyilmaz.com\/index.php?rest_route=\/wp\/v2\/posts\/7794\/revisions"}],"wp:attachment":[{"href":"http:\/\/www.korhanyilmaz.com\/index.php?rest_route=%2Fwp%2Fv2%2Fmedia&parent=7794"}],"wp:term":[{"taxonomy":"category","embeddable":true,"href":"http:\/\/www.korhanyilmaz.com\/index.php?rest_route=%2Fwp%2Fv2%2Fcategories&post=7794"},{"taxonomy":"post_tag","embeddable":true,"href":"http:\/\/www.korhanyilmaz.com\/index.php?rest_route=%2Fwp%2Fv2%2Ftags&post=7794"}],"curies":[{"name":"wp","href":"https:\/\/api.w.org\/{rel}","templated":true}]}}