{"id":7765,"date":"2009-04-05T13:10:28","date_gmt":"2009-04-05T10:10:28","guid":{"rendered":"http:\/\/www.korhanyilmaz.com\/?p=7765"},"modified":"2009-04-05T13:10:28","modified_gmt":"2009-04-05T10:10:28","slug":"senin-erkekligin-bitti","status":"publish","type":"post","link":"http:\/\/www.korhanyilmaz.com\/?p=7765","title":{"rendered":"&#039;Senin erkekli\u011fin bitti!&#039;"},"content":{"rendered":"<p><img loading=\"lazy\" decoding=\"async\" class=\"aligncenter size-full wp-image-7766\" title=\"'Senin erkekli\u011fin bitti!' \" src=\"http:\/\/www.korhanyilmaz.com\/wp-content\/uploads\/2009\/04\/050420091358359283082.jpg\" alt=\"'Senin erkekli\u011fin bitti!' \" width=\"320\" height=\"100\" \/><\/p>\n<p style=\"text-align: justify;\"><strong>Emekli imam &#8216;Sen art\u0131k erkek de\u011fil misin?&#8217; diyen e\u015fini bo\u011farak \u00f6ld\u00fcrd\u00fc<\/strong>.<\/p>\n<p style=\"text-align: justify;\">ANTALYA&#8217;da cinsel ili\u015fki teklifini reddetti\u011fi 52 ya\u015f\u0131ndaki e\u015fi Durdu&#8217;yu &#8220;Sen art\u0131k erkek de\u011fil misin?&#8221; s\u00f6zleri \u00fczerine bo\u011farak \u00f6ld\u00fcren ve &#8216;kalp krizi ge\u00e7irdi&#8217; diyerek topra\u011fa veren, ihbar e-maili ile sorguya al\u0131n\u0131nca cinayeti itiraf eden emekli imam, 55 ya\u015f\u0131ndaki Ali \u0130hsan Karata\u015f hakk\u0131nda a\u011f\u0131rla\u015ft\u0131r\u0131lm\u0131\u015f \u00f6m\u00fcr boyu hapis istendi.<\/p>\n<p style=\"text-align: justify;\">Olay, ge\u00e7en y\u0131l 9 Eyl\u00fcl&#8217;de K\u0131z\u0131lar\u0131k Mahallesi 1149 Sokak&#8217;taki 34\/3 numaral\u0131 evde meydana geldi. Bir s\u00fcre \u00f6nce evine 50 metre uzakl\u0131ktaki Arvall\u0131 Camii&#8217;nden emekli olan Ali \u0130hsan Karata\u015f, ak\u015fam uyumaya haz\u0131rlan\u0131rken e\u015fi Durdu Karata\u015f ili\u015fkiye girmeyi \u00f6nerdi. <!--more-->Emekli imam Karata\u015f, bu teklifi \u00e7evirdi. \u0130ddiaya g\u00f6re Durdu Karata\u015f bunun \u00fczerine e\u015fine &#8220;Demek senin erkekli\u011fin bitti. Art\u0131k ili\u015fkiye giremeyecek miyiz? Sen art\u0131k erkek de\u011fil misin? Ben de ba\u015fka birini bulay\u0131m&#8221; dedi. Bu s\u00f6zlere sinirlenen Ali \u0130hsan Karata\u015f, e\u015finin bo\u011faz\u0131n\u0131 s\u0131karak \u00f6ld\u00fcrd\u00fc. Geceyi evde ge\u00e7iren Ali \u0130hsan Karata\u015f sabah erken saatlerde e\u015finin hastaland\u0131\u011f\u0131n\u0131 belirterek 112 Acil Servis ekiplerini aray\u0131p eve \u00e7a\u011f\u0131rd\u0131. Eve gelen 112 g\u00f6revlileri, kad\u0131n\u0131n y\u00fcksek tansiyona ba\u011fl\u0131 kalp krizi ge\u00e7irerek \u00f6lm\u00fc\u015f olabilece\u011fini bildirdi. \u0130mam Karata\u015f, e\u015fini ayn\u0131 g\u00fcn g\u00f6zya\u015flar\u0131 aras\u0131nda topra\u011fa verdi. Bu olaydan 1.5 ay sonra Antalya Emniyet M\u00fcd\u00fcrl\u00fc\u011f\u00fc internet adresine gelen ihbar e-mail&#8217;i \u00fczerine mezar a\u00e7\u0131ld\u0131. Durdu Karata\u015f&#8217;\u0131n cesedinden \u00f6rnekler al\u0131narak Adli T\u0131p Kurumu Ba\u015fkanl\u0131\u011f\u0131&#8217;na g\u00f6nderildi. Ali \u0130hsan Karata\u015f, sorgusunda, e\u015fini elleriyle bo\u011farak \u00f6ld\u00fcrd\u00fc\u011f\u00fcn\u00fc kabul etti, &#8220;Erkeklik gururumla oynad\u0131&#8221; dedi. Su\u00e7unu itiraf eden Ali \u0130hsan Karata\u015f tutukland\u0131.<\/p>\n<p style=\"text-align: justify;\">Durdu Karata\u015f&#8217;\u0131n cesedinden al\u0131nan \u00f6rneklerin \u0130stanbul Adli T\u0131p Kurumu&#8217;nda incelenmesi sonucu gelen raporda bo\u011fularak \u00f6ld\u00fcr\u00fcld\u00fc\u011f\u00fcne dair iz bulunamad\u0131\u011f\u0131, kesin \u00f6l\u00fcm nedeninin belirlenemedi\u011fi bildirildi. Cumhuriyet Savc\u0131l\u0131\u011f\u0131 rapora ra\u011fmen emekli imam hakk\u0131nda &#8216;Kasten adam \u00f6ld\u00fcrmek&#8217; su\u00e7lamas\u0131yla a\u011f\u0131rla\u015ft\u0131r\u0131lm\u0131\u015f \u00f6m\u00fcr boyu hapis cezas\u0131 istemiyle dava a\u00e7t\u0131. \u0130ddianamede gelen raporlarda bo\u011farak e\u015fini \u00f6ld\u00fcrd\u00fc\u011f\u00fc tam kesin olmasa da Ali \u0130hsan Karata\u015f&#8217;\u0131n polisteki ifadesinde su\u00e7unu itiraf etti\u011fine dikkat \u00e7ekildi.<\/p>\n<p style=\"text-align: justify;\">Emekli imam\u0131n e-maille \u00e7\u00f6z\u00fclen cinayeti \u00f6n\u00fcm\u00fczdeki g\u00fcnlerde Antalya 1&#8217;nci A\u011f\u0131r Ceza Mahkemesi&#8217;nde g\u00f6r\u00fclmeye ba\u015flanacak.<\/p>\n<p style=\"text-align: justify;\"><span style=\"color: #888888;\">DHA<\/span><\/p>\n<p style=\"text-align: justify;\">\n","protected":false},"excerpt":{"rendered":"<\/p>\n<p style=\"text-align: justify;\">Emekli imam &#8216;Sen art\u0131k erkek de\u011fil misin?&#8217; diyen e\u015fini bo\u011farak \u00f6ld\u00fcrd\u00fc.<\/p>\n<p style=\"text-align: justify;\">ANTALYA&#8217;da cinsel ili\u015fki teklifini reddetti\u011fi 52 ya\u015f\u0131ndaki e\u015fi Durdu&#8217;yu &#8220;Sen art\u0131k erkek de\u011fil misin?&#8221; s\u00f6zleri \u00fczerine bo\u011farak \u00f6ld\u00fcren ve &#8216;kalp krizi ge\u00e7irdi&#8217; diyerek topra\u011fa veren, ihbar e-maili ile sorguya al\u0131n\u0131nca cinayeti itiraf eden emekli imam, 55 ya\u015f\u0131ndaki Ali \u0130hsan <\/p>\n","protected":false},"author":1,"featured_media":0,"comment_status":"open","ping_status":"closed","sticky":false,"template":"","format":"standard","meta":{"footnotes":""},"categories":[7],"tags":[],"class_list":["post-7765","post","type-post","status-publish","format-standard","hentry","category-ekonomi","odd"],"_links":{"self":[{"href":"http:\/\/www.korhanyilmaz.com\/index.php?rest_route=\/wp\/v2\/posts\/7765","targetHints":{"allow":["GET"]}}],"collection":[{"href":"http:\/\/www.korhanyilmaz.com\/index.php?rest_route=\/wp\/v2\/posts"}],"about":[{"href":"http:\/\/www.korhanyilmaz.com\/index.php?rest_route=\/wp\/v2\/types\/post"}],"author":[{"embeddable":true,"href":"http:\/\/www.korhanyilmaz.com\/index.php?rest_route=\/wp\/v2\/users\/1"}],"replies":[{"embeddable":true,"href":"http:\/\/www.korhanyilmaz.com\/index.php?rest_route=%2Fwp%2Fv2%2Fcomments&post=7765"}],"version-history":[{"count":0,"href":"http:\/\/www.korhanyilmaz.com\/index.php?rest_route=\/wp\/v2\/posts\/7765\/revisions"}],"wp:attachment":[{"href":"http:\/\/www.korhanyilmaz.com\/index.php?rest_route=%2Fwp%2Fv2%2Fmedia&parent=7765"}],"wp:term":[{"taxonomy":"category","embeddable":true,"href":"http:\/\/www.korhanyilmaz.com\/index.php?rest_route=%2Fwp%2Fv2%2Fcategories&post=7765"},{"taxonomy":"post_tag","embeddable":true,"href":"http:\/\/www.korhanyilmaz.com\/index.php?rest_route=%2Fwp%2Fv2%2Ftags&post=7765"}],"curies":[{"name":"wp","href":"https:\/\/api.w.org\/{rel}","templated":true}]}}