{"id":7751,"date":"2009-04-05T12:55:24","date_gmt":"2009-04-05T09:55:24","guid":{"rendered":"http:\/\/www.korhanyilmaz.com\/?p=7751"},"modified":"2009-04-05T12:55:24","modified_gmt":"2009-04-05T09:55:24","slug":"istanbulun-gobeginde-gizemli-tunel","status":"publish","type":"post","link":"http:\/\/www.korhanyilmaz.com\/?p=7751","title":{"rendered":"\u0130stanbul&#039;un g\u00f6be\u011finde gizemli t\u00fcnel!"},"content":{"rendered":"<p style=\"text-align: center;\"><img loading=\"lazy\" decoding=\"async\" class=\"aligncenter size-full wp-image-7752\" title=\"\u0130stanbul'un g\u00f6be\u011finde gizemli t\u00fcnel! \" src=\"http:\/\/www.korhanyilmaz.com\/wp-content\/uploads\/2009\/04\/050420091327291955202.jpg\" alt=\"\u0130stanbul'un g\u00f6be\u011finde gizemli t\u00fcnel! \" width=\"329\" height=\"210\" \/><\/p>\n<p style=\"text-align: justify;\"><strong>Polis s\u0131r perdesini aralamak i\u00e7in seferber oldu <\/strong><\/p>\n<p style=\"text-align: justify;\">Bir ihbar\u0131 de\u011ferlendiren \u0130stanbul Polisi \u00c7aml\u0131ca&#8217;da esrarengiz bir t\u00fcnel buldu. Per\u015fembe g\u00fcn\u00fc b\u00f6lgeye giden Ter\u00f6rle M\u00fccadele \u015eube M\u00fcd\u00fcrl\u00fc\u011f\u00fc Ekipleri, \u015eile otoban\u0131 \u00fczerinde Libadiye kav\u015fa\u011f\u0131 ile \u00dcmraniye \u00e7\u0131k\u0131\u015f\u0131 aras\u0131nda bulunan Tantavi T\u00fcneli&#8217;nin hemen \u00e7\u0131k\u0131\u015f\u0131ndaki esrarengiz bir t\u00fcnelin var oldu\u011funu ortaya \u00e7\u0131kard\u0131.<!--more--><\/p>\n<p style=\"text-align: justify;\"><strong>TESAD\u00dcFEN BULUNDU<\/strong><\/p>\n<p style=\"text-align: justify;\">Esrarengiz t\u00fcnel yak\u0131nda bulunan in\u015faat halindeki \u00d6zel bir Hastanenin g\u00fcvenlik g\u00f6revlisinin ihbar\u0131yla ortaya \u00e7\u0131kt\u0131. \u00d6zel Hastane in\u015faat\u0131nda \u00e7al\u0131\u015fan i\u015f\u00e7iler ve hastanenin bah\u00e7esini d\u00fczenlemek i\u00e7in kaz\u0131 yapan i\u015f makinas\u0131 \u00e7al\u0131\u015fmas\u0131na ara verdi.<\/p>\n<p style=\"text-align: justify;\"><strong>\u00c7EVREDE G\u0130ZLENM\u0130\u015e FENER VE \u00c7EK\u0130\u00c7 BULUNDU<\/strong><\/p>\n<p style=\"text-align: justify;\">Operasyonu b\u00fcy\u00fck bir gizlilik i\u00e7inde s\u00fcrd\u00fcren ekipler, otoban\u0131n hemen kenar\u0131nda bir insan\u0131n y\u00fcz\u00fckoyun rahatl\u0131kla ilerleyebilece\u011fi geni\u015flikte bir t\u00fcnelle kar\u015f\u0131la\u015ft\u0131. T\u00fcnelin uzunlu\u011funu tespit etmeye \u00e7al\u0131\u015fan ekipler, \u00e7evredeki \u00e7al\u0131l\u0131klarda arama yapt\u0131. Yap\u0131lan arama \u00e7al\u0131lar aras\u0131na gizlenmi\u015f bir \u00e7eki\u00e7, el feneri ve bir \u00e7ift ayakkab\u0131 buldu. T\u00fcnelin ne ama\u00e7la kaz\u0131ld\u0131\u011f\u0131n\u0131 anlamaya \u00e7al\u0131\u015fan Ter\u00f6rle m\u00fccadele ekipleri iki g\u00fcn boyunca b\u00f6lgeyi g\u00f6zetim alt\u0131nda tuttu.<\/p>\n<p style=\"text-align: justify;\"><strong>KAZI BA\u015eLATILDI<\/strong><\/p>\n<p style=\"text-align: justify;\">\u0130ki g\u00fcn boyunca b\u00f6lgede yap\u0131lan g\u00f6zetleme \u00e7al\u0131\u015fmas\u0131 sonu\u00e7 vermeyince polis bug\u00fcn harekete ge\u00e7ti. \u00d6zel kamerayla incelenen t\u00fcnel, i\u015f makinalar\u0131 taraf\u0131ndan kaz\u0131ld\u0131. B\u00f6lgede silah ve m\u00fchimmat aramas\u0131 yap\u0131ld\u0131. \u00c7al\u0131\u015fmas\u0131n\u0131 yine b\u00fcy\u00fck bir gizlilik i\u00e7inde y\u00fcr\u00fcten polis, esrarengiz t\u00fcnelin ne ama\u00e7la kaz\u0131ld\u0131\u011f\u0131n\u0131 ortaya \u00e7\u0131karmaya \u00e7al\u0131\u015f\u0131yor.<\/p>\n<p style=\"text-align: justify;\"><strong>ESRARENG\u0130Z T\u00dcNEL\u0130N YAKININDAK\u0130 HASTANEN\u0130N A\u00c7ILI\u015eINI BA\u015eBAKAN ERDO\u011eAN MI YAPACAKTI?<\/strong><\/p>\n<p style=\"text-align: justify;\">Esrarengiz t\u00fcnel halen in\u015faat\u0131 devam eden \u00d6zel Erdam Hastanesinin hemen dibinde bulunmas\u0131 akla baz\u0131 \u015f\u00fcpheleri getirdi. K\u0131sa bir s\u00fcre sonra a\u00e7\u0131l\u0131\u015f\u0131 yap\u0131lacak hastanenin Ba\u015fbakan Erdo\u011fan&#8217;\u0131n da kat\u0131laca\u011f\u0131 bir t\u00f6renle hizmete girece\u011fi iddia edildi.<\/p>\n<p style=\"text-align: justify;\"><span style=\"color: #888888;\">Kaynak : Vatan<\/span><\/p>\n","protected":false},"excerpt":{"rendered":"<p style=\"text-align: center;\">\n<p style=\"text-align: justify;\">Polis s\u0131r perdesini aralamak i\u00e7in seferber oldu <\/p>\n<p style=\"text-align: justify;\">Bir ihbar\u0131 de\u011ferlendiren \u0130stanbul Polisi \u00c7aml\u0131ca&#8217;da esrarengiz bir t\u00fcnel buldu. Per\u015fembe g\u00fcn\u00fc b\u00f6lgeye giden Ter\u00f6rle M\u00fccadele \u015eube M\u00fcd\u00fcrl\u00fc\u011f\u00fc Ekipleri, \u015eile otoban\u0131 \u00fczerinde Libadiye kav\u015fa\u011f\u0131 ile \u00dcmraniye \u00e7\u0131k\u0131\u015f\u0131 aras\u0131nda bulunan Tantavi T\u00fcneli&#8217;nin hemen \u00e7\u0131k\u0131\u015f\u0131ndaki esrarengiz bir t\u00fcnelin var oldu\u011funu ortaya \u00e7\u0131kard\u0131.<\/p>\n","protected":false},"author":1,"featured_media":0,"comment_status":"open","ping_status":"closed","sticky":false,"template":"","format":"standard","meta":{"footnotes":""},"categories":[105],"tags":[],"class_list":["post-7751","post","type-post","status-publish","format-standard","hentry","category-gundem","odd"],"_links":{"self":[{"href":"http:\/\/www.korhanyilmaz.com\/index.php?rest_route=\/wp\/v2\/posts\/7751","targetHints":{"allow":["GET"]}}],"collection":[{"href":"http:\/\/www.korhanyilmaz.com\/index.php?rest_route=\/wp\/v2\/posts"}],"about":[{"href":"http:\/\/www.korhanyilmaz.com\/index.php?rest_route=\/wp\/v2\/types\/post"}],"author":[{"embeddable":true,"href":"http:\/\/www.korhanyilmaz.com\/index.php?rest_route=\/wp\/v2\/users\/1"}],"replies":[{"embeddable":true,"href":"http:\/\/www.korhanyilmaz.com\/index.php?rest_route=%2Fwp%2Fv2%2Fcomments&post=7751"}],"version-history":[{"count":0,"href":"http:\/\/www.korhanyilmaz.com\/index.php?rest_route=\/wp\/v2\/posts\/7751\/revisions"}],"wp:attachment":[{"href":"http:\/\/www.korhanyilmaz.com\/index.php?rest_route=%2Fwp%2Fv2%2Fmedia&parent=7751"}],"wp:term":[{"taxonomy":"category","embeddable":true,"href":"http:\/\/www.korhanyilmaz.com\/index.php?rest_route=%2Fwp%2Fv2%2Fcategories&post=7751"},{"taxonomy":"post_tag","embeddable":true,"href":"http:\/\/www.korhanyilmaz.com\/index.php?rest_route=%2Fwp%2Fv2%2Ftags&post=7751"}],"curies":[{"name":"wp","href":"https:\/\/api.w.org\/{rel}","templated":true}]}}