{"id":7747,"date":"2009-04-05T12:51:41","date_gmt":"2009-04-05T09:51:41","guid":{"rendered":"http:\/\/www.korhanyilmaz.com\/?p=7747"},"modified":"2009-04-05T12:51:41","modified_gmt":"2009-04-05T09:51:41","slug":"bizi-kapatamazlar","status":"publish","type":"post","link":"http:\/\/www.korhanyilmaz.com\/?p=7747","title":{"rendered":"&#039;Bizi kapatamazlar!&#039;"},"content":{"rendered":"<p style=\"text-align: center;\"><img loading=\"lazy\" decoding=\"async\" class=\"aligncenter size-full wp-image-7748\" title=\"'Bizi kapatamazlar!' \" src=\"http:\/\/www.korhanyilmaz.com\/wp-content\/uploads\/2009\/04\/050420091634161169763.jpg\" alt=\"'Bizi kapatamazlar!' \" width=\"329\" height=\"210\" \/><\/p>\n<p style=\"text-align: justify;\"><strong>ROJ TV y\u00f6netimi meydan okudu <\/strong><\/p>\n<p style=\"text-align: justify;\">ROJ TV&#8217;nin genel m\u00fcd\u00fcr\u00fc \u0130mdat Y\u0131lmaz, Danimarka&#8217;n\u0131n televizyon kanal\u0131n\u0131 kapatamayaca\u011f\u0131n\u0131 \u00f6ne s\u00fcrd\u00fc. Ba\u015fbakan Anders Fogh Rasmussen&#8217;in NATO Genel Sekteri se\u00e7ilmesinin \u00f6n\u00fcndeki engeli ortadan kald\u0131rmak i\u00e7in, T\u00fcrkiye ve \u0130tkalya Ba\u015fbakan\u0131 Berlusconi&#8217;ye verdi\u011fi s\u00f6z\u00fc yerine getirmek i\u00e7in Roj TV&#8217;yi kapataca\u011f\u0131na dair haberleri de\u011ferlendiren \u0130mdat Y\u0131lmaz \u201eBizi kapatmalar\u0131 o kadar kolay de\u011fil. Biz T\u00fcrkiye&#8217;de ya\u015fam\u0131yoruz ve yay\u0131n iznimizi T\u00fcrk devleti vermedi. <!--more--><\/p>\n<p style=\"text-align: justify;\">Bizim NATO Genel Sekreterli\u011fi pazarl\u0131klar\u0131nda malzeme edilmemiz biraz \u015fans\u0131z bir durum. Biz normal heber ve k\u00fclt\u00fcr program\u0131 yapan bir televizyon kanal\u0131y\u0131z. Bize y\u00f6nelik su\u00e7lamalar\u0131 hep red ettik, halen daha red etmeye devam ediyoruz. Bizim PKK ile bir ilgimiz yok. Ama ne zaman K\u00fcrtler politika yapsalar hemen su\u00e7lamalar geliyor. T\u00fcrkiye&#8217;ye giden savc\u0131lar nas\u0131l bir delil getirecekler anlam\u0131yorum. Bizim hakk\u0131m\u0131zda daha \u00f6nce 3 defa kapatma giri\u015fimi oldu hepsinde de akland\u0131k. 2005 y\u0131l\u0131ndan beri polis hakk\u0131m\u0131zda soru\u015fturma ve inceleme y\u00fcr\u00fct\u00fcyor ama bir \u015fey bulamad\u0131lar. Danimarka Radyo ve Televyon \u00dcst kurulu bizim davam\u0131z\u0131 daha \u00f6nce ele ald\u0131 ve yay\u0131n iznimizi iptal etmeye gerek duymad\u0131&#8221; dedi.<\/p>\n<p style=\"text-align: justify;\"><strong>RASMUSSEN ZOR DURUMDA<\/strong><\/p>\n<p style=\"text-align: justify;\">\u00d6te yandan Berlusconi&#8217;ye Roj TV&#8217;yi kesin kapataca\u011f\u0131 s\u00f6z\u00fc verdi\u011fi belirtilen Rasmussen ise, NATO Genel Sekreteri se\u00e7ildikten sonra Danimarka medyas\u0131na y\u00f6nelik yapt\u0131\u011f\u0131 bas\u0131n toplant\u0131s\u0131nda ve \u00fclkesine d\u00f6ner d\u00f6nmez yapt\u0131\u011f\u0131 a\u00e7\u0131klamalarda Roj TV&#8217;yi sadece Ter\u00f6r\u00fc desteklediklerine dair yeterli delil bulurlarsa ve Danimarka yasalar\u0131na uygun bir durum ortaya \u00e7\u0131karsa kapatabileceklerini aksi takdirde kapatmalar\u0131n\u0131n m\u00fcmk\u00fcn olmayaca\u011f\u0131n\u0131 s\u00f6yledi. Danimarkal\u0131 siyesiler de,kapatma konusunda Rasmussen&#8217;e T\u00fcrkiye&#8217;ye kar\u015f\u0131 boyun e\u011fmemesi i\u00e7in bask\u0131 yapmaya ba\u015flad\u0131lar. Muhalefet partileri, Roj TV&#8217;nin kapat\u0131lmas\u0131 durumunda ifade ve bas\u0131n \u00f6zg\u00fcrl\u00fc\u011f\u00fcne darbe indirilece\u011fini \u00f6ne s\u00fcrd\u00fcler.<\/p>\n<p style=\"text-align: justify;\"><span style=\"color: #888888;\">Kaynak : Vatan<\/span><\/p>\n","protected":false},"excerpt":{"rendered":"<p style=\"text-align: center;\">\n<p style=\"text-align: justify;\">ROJ TV y\u00f6netimi meydan okudu <\/p>\n<p style=\"text-align: justify;\">ROJ TV&#8217;nin genel m\u00fcd\u00fcr\u00fc \u0130mdat Y\u0131lmaz, Danimarka&#8217;n\u0131n televizyon kanal\u0131n\u0131 kapatamayaca\u011f\u0131n\u0131 \u00f6ne s\u00fcrd\u00fc. Ba\u015fbakan Anders Fogh Rasmussen&#8217;in NATO Genel Sekteri se\u00e7ilmesinin \u00f6n\u00fcndeki engeli ortadan kald\u0131rmak i\u00e7in, T\u00fcrkiye ve \u0130tkalya Ba\u015fbakan\u0131 Berlusconi&#8217;ye verdi\u011fi s\u00f6z\u00fc yerine getirmek i\u00e7in Roj TV&#8217;yi kapataca\u011f\u0131na dair haberleri de\u011ferlendiren \u0130mdat <\/p>\n","protected":false},"author":1,"featured_media":0,"comment_status":"open","ping_status":"closed","sticky":false,"template":"","format":"standard","meta":{"footnotes":""},"categories":[105],"tags":[],"class_list":["post-7747","post","type-post","status-publish","format-standard","hentry","category-gundem","odd"],"_links":{"self":[{"href":"http:\/\/www.korhanyilmaz.com\/index.php?rest_route=\/wp\/v2\/posts\/7747","targetHints":{"allow":["GET"]}}],"collection":[{"href":"http:\/\/www.korhanyilmaz.com\/index.php?rest_route=\/wp\/v2\/posts"}],"about":[{"href":"http:\/\/www.korhanyilmaz.com\/index.php?rest_route=\/wp\/v2\/types\/post"}],"author":[{"embeddable":true,"href":"http:\/\/www.korhanyilmaz.com\/index.php?rest_route=\/wp\/v2\/users\/1"}],"replies":[{"embeddable":true,"href":"http:\/\/www.korhanyilmaz.com\/index.php?rest_route=%2Fwp%2Fv2%2Fcomments&post=7747"}],"version-history":[{"count":0,"href":"http:\/\/www.korhanyilmaz.com\/index.php?rest_route=\/wp\/v2\/posts\/7747\/revisions"}],"wp:attachment":[{"href":"http:\/\/www.korhanyilmaz.com\/index.php?rest_route=%2Fwp%2Fv2%2Fmedia&parent=7747"}],"wp:term":[{"taxonomy":"category","embeddable":true,"href":"http:\/\/www.korhanyilmaz.com\/index.php?rest_route=%2Fwp%2Fv2%2Fcategories&post=7747"},{"taxonomy":"post_tag","embeddable":true,"href":"http:\/\/www.korhanyilmaz.com\/index.php?rest_route=%2Fwp%2Fv2%2Ftags&post=7747"}],"curies":[{"name":"wp","href":"https:\/\/api.w.org\/{rel}","templated":true}]}}