{"id":7743,"date":"2009-04-05T16:19:25","date_gmt":"2009-04-05T13:19:25","guid":{"rendered":"http:\/\/www.korhanyilmaz.com\/?p=7743"},"modified":"2009-04-05T16:19:25","modified_gmt":"2009-04-05T13:19:25","slug":"ne-kadar-kan-akarsa-aksin","status":"publish","type":"post","link":"http:\/\/www.korhanyilmaz.com\/?p=7743","title":{"rendered":"&#039;Ne kadar kan akarsa aks\u0131n&#039;"},"content":{"rendered":"<p style=\"text-align: center;\"><img loading=\"lazy\" decoding=\"async\" class=\"aligncenter size-full wp-image-7744\" title=\"'Ne kadar kan akarsa aks\u0131n' \" src=\"http:\/\/www.korhanyilmaz.com\/wp-content\/uploads\/2009\/04\/050420091647315052154.jpg\" alt=\"'Ne kadar kan akarsa aks\u0131n' \" width=\"329\" height=\"210\" \/><\/p>\n<p style=\"text-align: justify;\"><strong>Apo g\u00f6sterisinde \u00f6len \u00fcniversiteli topra\u011fa verildi. Ergani&#8217;de kepenkler kapat\u0131ld\u0131, cenazeye 5 bin ki\u015fi kat\u0131ld\u0131<\/strong>.<\/p>\n<p style=\"text-align: justify;\">PKK ter\u00f6r \u00f6rg\u00fct\u00fc eleba\u015f\u0131 Abdullah \u00d6calan&#8217;\u0131n do\u011fum g\u00fcn\u00fcn\u00fc kutlamak i\u00e7in \u015eanl\u0131urfa&#8217;n\u0131n Halfeti \u0130l\u00e7esi&#8217;ne ba\u011fl\u0131 \u00d6merli K\u00f6y\u00fc&#8217;ne gitmek isterken d\u00fcn \u00e7\u0131kan olaylarda ya\u015fam\u0131n\u0131 yitiren 21 ya\u015f\u0131ndaki Mahsun Karao\u011flan&#8217;\u0131n cenazesi Diyarbak\u0131r&#8217;\u0131n Ergani \u0130l\u00e7esi&#8217;ne ba\u011fl\u0131 Yayvantepe K\u00f6y\u00fc&#8217;nde topra\u011fa verildi. Yakla\u015f\u0131k 5 bin ki\u015finin kat\u0131ld\u0131\u011f\u0131 cenaze t\u00f6reni nedeniyle il\u00e7ede esnaf kepenk kapatt\u0131. Cenaze t\u00f6reninde, DTP Diyarbak\u0131r Milletvekilleri ile B\u00fcy\u00fck\u015fehir Belediye Ba\u015fkan\u0131 Osman Baydamir de haz\u0131r bulundu.<!--more--><\/p>\n<p style=\"text-align: justify;\">\u015eanl\u0131urfa&#8217;n\u0131n Halfeti \u0130l\u00e7esi&#8217;nde d\u00fcn \u00e7\u0131kan olaylarda ya\u015fam\u0131n\u0131 yitiren Dicle \u00dcniversitesi E\u011fitim Fak\u00fcltesi Matematik B\u00f6l\u00fcm\u00fc 3&#8217;\u00fcnc\u00fc s\u0131n\u0131f \u00f6\u011frencisi Mahsum Karao\u011flan&#8217;\u0131n cenazesi y\u00fczlerce ara\u00e7l\u0131k konvoy e\u015fli\u011finde \u015eanl\u0131urfa&#8217;dan bu sabah erken saatlerde Diyarbak\u0131r&#8217;\u0131n Ergani \u0130l\u00e7esi \u0130stasyon Mahallesi&#8217;ndeki evlerine getirildi. Cenaze daha sonra il\u00e7eye 8 kilometre uzakl\u0131kta bulunan Yayvantepe K\u00f6y\u00fc mezarl\u0131\u011f\u0131na g\u00f6t\u00fcr\u00fcld\u00fc. Cenaze t\u00f6renine, DTP Diyarbak\u0131r Milletvekilleri Selahattin Demirta\u015f, Aysel Tu\u011fluk, Diyarbak\u0131r B\u00fcy\u00fck\u015fehir Belediye Ba\u015fkan\u0131 Osman Baydemir, DTP&#8217;li il\u00e7e Belediye ba\u015fkanlar\u0131 da kat\u0131ld\u0131.<\/p>\n<p style=\"text-align: justify;\"><strong>ESNAF KEPENK KAPATTI<\/strong><\/p>\n<p style=\"text-align: justify;\">Mahsun Karao\u011flan&#8217;n cenazesini il\u00e7eden k\u00f6ye yakla\u015f\u0131k 8 kilometre omuzlarda ta\u015f\u0131yan kalabal\u0131k, s\u0131k s\u0131k AKP ve Ba\u015fbakan Recep Tayyip Erdo\u011fan aleyhine ve PKK lehine slogan att\u0131. Cenaze t\u00f6reni i\u00e7in Ergani&#8217;de g\u00fcvenlik g\u00fc\u00e7leri ola\u011fan\u00fcst\u00fc \u00f6nlem al\u0131rken, esnaf\u0131n i\u015fyerlerini a\u00e7mad\u0131\u011f\u0131 g\u00f6r\u00fcld\u00fc. Karao\u011flan&#8217;\u0131n cenazesi topra\u011fa verildikten sonra Diyarbak\u0131r B\u00fcy\u00fck\u015fehir Belediye Ba\u015fkan\u0131 Osman Baydemir, K\u00fcrt\u00e7e konu\u015fma yapt\u0131.<\/p>\n<p style=\"text-align: justify;\">Baydemir, &#8220;Zalim ve g\u00f6z\u00fcn\u00fc kan b\u00fcr\u00fcm\u00fc\u015fler, g\u00f6zlerini K\u00fcrt halk\u0131n\u0131n birli\u011fine dikti&#8221; dedi. \u00d6l\u00fcme &#8216;Ho\u015f geldin ba\u015f g\u00f6z \u00fcst\u00fcne&#8217; dediklerini kaydeden Osman baydemir, konu\u015fmas\u0131nda \u015f\u00f6yle dedi:<\/p>\n<p style=\"text-align: justify;\">&#8220;\u00d6l\u00fcm hakt\u0131r, g\u00fcn gelecek hepimiz hakk\u0131n rahmetine kavu\u015faca\u011f\u0131z. Kimse \u00f6l\u00fcmden ka\u00e7amaz ve ka\u00e7m\u0131yor da. Cennet de hakt\u0131r, cehenem de hakt\u0131r. Mazlum halklar\u0131n pay\u0131na d\u00fc\u015fecek olan cennettir. Cennet, Mahsun&#8217;un ve arkada\u015flar\u0131n\u0131n gidece\u011fi yerdir. Hem bu d\u00fcnyada, hem \u00f6b\u00fcr d\u00fcnyada zalim ve g\u00f6z\u00fcn\u00fc kan b\u00fcr\u00fcm\u00fc\u015flerin gidece\u011fi yer cehennemdir. \u00c7a\u011fr\u0131m\u0131z t\u00fcm d\u00fcnyaya ve t\u00fcm arkada\u015flar\u0131ma ve yolda\u015flar\u0131mad\u0131r. T\u0131rna\u011f\u0131n\u0131za ta\u015f\u0131n gelmesini asla istemeyiz. \u00c7ok iyi bilmelisiniz ki t\u0131rna\u011f\u0131na gelen ta\u015f bizim \u00f6l\u00fcm\u00fcm\u00fczd\u00fcr. Birbirimizi dinlememiz laz\u0131m. \u00d6rg\u00fct\u00fcm\u00fcz\u00fc dinlememiz laz\u0131m. T\u00fcm y\u00fcr\u00fcy\u00fc\u015f ve g\u00f6sterilerde birbirimizi ve \u00f6rg\u00fct\u00fcm\u00fcz\u00fc dinlemeliyiz. G\u00f6z\u00fcn\u00fc kan b\u00fcr\u00fcm\u00fc\u015flerin ama\u00e7lar\u0131na ula\u015fmalar\u0131na engel olmal\u0131y\u0131z. \u0130ttifak ve mant\u0131k ile y\u00fcr\u00fcy\u00fc\u015f\u00fcm\u00fcz\u00fc s\u00fcrd\u00fcrmeliyiz. Bu \u015fekilde \u00f6l\u00fcm gelirse ho\u015f gelsin, ba\u015f g\u00f6z \u00fcst\u00fcne gelsin.&#8221;<\/p>\n<p style=\"text-align: justify;\"><strong>&#8216;NE KADAR KAN AKARSA AKSIN&#8217;<\/strong><\/p>\n<p style=\"text-align: justify;\">Cenaze t\u00f6reninde konu\u015fan DTP Diyarbak\u0131r Milletvekili Selahattin Demirta\u015f da Ba\u015fbakan Erdo\u011fan, Devlet Bakan\u0131 Cemil \u00c7i\u00e7ek ve Genelkurmay Ba\u015fkan\u0131&#8217;n\u0131n, DTP&#8217;nin 29 Mart se\u00e7imindeki ba\u015far\u0131s\u0131n\u0131hazmedemedi\u011fini ileri s\u00fcrd\u00fc.<\/p>\n<p style=\"text-align: justify;\">Demirta\u015f, &#8220;A\u00e7\u0131klamalar\u0131 ile gizli bir hedef g\u00f6sterdiler. \u00d6merli ve A\u011fr\u0131&#8217;da g\u00fcvenlik g\u00fc\u00e7leri bu gizli talimatlar\u0131 ald\u0131. K\u00fcrt halk\u0131n\u0131 hedef se\u00e7ti. Biz buradan gizli de\u011fil a\u00e7\u0131k mesaj veriyoruz. K\u00fcrt halk\u0131n\u0131n \u00f6zg\u00fcrl\u00fc\u011f\u00fc i\u00e7in m\u00fccadelemiz devam edecek. Ne kadar kan akarsa aks\u0131n, K\u00fcrt halk\u0131n\u0131n bu m\u00fccadelesi her zaman devam edecektir&#8221; diye konu\u015ftu.<\/p>\n<p style=\"text-align: justify;\">Konu\u015fmalardan sonra Yayvantepe K\u00f6y\u00fc&#8217;nden ara\u00e7larla ayr\u0131lan DTP&#8217;liler ve cenaze t\u00f6renine kat\u0131lanlar, Mahsun Karao\u011flan i\u00e7in \u0130stasyon Mahallesi&#8217;ndeki evinde kurulan taziye \u00e7ad\u0131r\u0131n\u0131 ziyaret etti.<\/p>\n<p style=\"text-align: justify;\"><strong>Apo g\u00f6sterisinde \u00f6len Mustafa Da\u011f topra\u011fa verildi <\/strong><\/p>\n<p style=\"text-align: justify;\">\u015eANLIURFA&#8217;n\u0131n Halfeti \u0130l\u00e7esi&#8217;ne ba\u011fl\u0131 Karata\u015f mevkinde PKK ter\u00f6r \u00f6rg\u00fct\u00fc eleba\u015f\u0131 Abdullah \u00d6calan&#8217;\u0131n do\u011fum g\u00fcn\u00fcnde DTP&#8217;li grubun g\u00fcvenlik g\u00fc\u00e7leriyle \u00e7at\u0131\u015ft\u0131\u011f\u0131 olaylar s\u0131ras\u0131nda \u00f6len iki ki\u015fiden 27 ya\u015f\u0131ndaki Mustafa Da\u011f, Suru\u00e7 \u0130l\u00e7esi&#8217;ne ba\u011fl\u0131 Karah\u00f6y\u00fck K\u00f6y\u00fc&#8217;nde 5 bin ki\u015finin kat\u0131ld\u0131\u011f\u0131 t\u00f6renle topra\u011fa verildi.<\/p>\n<p style=\"text-align: justify;\">PKK eleba\u015f\u0131s\u0131 Abdullah \u00d6calan&#8217;n\u0131n 60&#8217;\u0131nc\u0131 do\u011fum g\u00fcn\u00fcnde, Halfeti \u0130l\u00e7esi&#8217;nde d\u00fcn \u00e7\u0131kan olaylarda hayat\u0131n\u0131 kaybeden 2 \u00e7ocuk babas\u0131 Mustafa Da\u011f&#8217;\u0131n cenazesi bu sabah \u015eanl\u0131urfa Devlet Hastanesi&#8217;nden ambulansla al\u0131narak, Suru\u00e7 \u0130l\u00e7esi Onbirnisan Beldesi&#8217;ne getirildi. Beldedeki DTP il\u00e7ei binas\u0131n\u0131n \u00f6n\u00fcne getirilen Da\u011f&#8217;\u0131n cenazesi, daha sonra uzun ara\u00e7 konvoyu e\u015fli\u011finde Karah\u00f6y\u00fck K\u00f6y\u00fc&#8217;ne g\u00f6t\u00fcr\u00fcld\u00fc.<\/p>\n<p style=\"text-align: justify;\">PKK flamalar\u0131 ve \u00d6calan&#8217;n\u0131n posterleri a\u00e7\u0131larak k\u00f6ye getirlen Da\u011f i\u00e7in k\u00f6y meydan\u0131nda caneza namaz\u0131 k\u0131l\u0131nd\u0131. Cenazeye kat\u0131lan y\u00fcz\u00fc pu\u015fuyla sar\u0131l\u0131 grup, PKK ve Abdullah \u00d6calan lehine sloganlar at\u0131p, intikam yemini etti. PKK renklerini simgeleyen sar\u0131, k\u0131rm\u0131z\u0131, ye\u015fil bezlere sar\u0131lan tabut omuzlarda ta\u015f\u0131narak k\u00f6y mezarl\u0131\u011f\u0131nda topra\u011fa verildi.<\/p>\n<p style=\"text-align: justify;\">Cenazeye DTP \u015eanl\u0131urfa Milletvekili \u0130brahim Binici, Suru\u00e7 Belediye Ba\u015fkan\u0131 DTP&#8217;li Ethem \u015eahin, Onbirnisan Belediye Ba\u015fkan\u0131 DTP&#8217;li \u0130brahim Halil Par\u0131ldar ile \u00e7e\u015fitli illerden gelen DTP&#8217;liler kat\u0131ld\u0131.<\/p>\n<p style=\"text-align: justify;\">\u00d6te yandan cenazeyi takip etmek isteyen bas\u0131n mensuplar\u0131 Karah\u00f6y\u00fck K\u00f6y\u00fc&#8217;ne al\u0131nmad\u0131. Daha sonra \u00e7ekim yapmalar\u0131na izin verilen gazetecilerin kasetlerine bu kez y\u00fcz\u00fc pu\u015fulu olan ki\u015filer taraf\u0131ndan el konuldu. Cenaze t\u00f6reni s\u0131ras\u0131nda polis ve jandarman\u0131n bulunmamas\u0131 dikkat \u00e7ekti.<\/p>\n<p style=\"text-align: justify;\"><span style=\"color: #888888;\">DHA<\/span><\/p>\n<p style=\"text-align: justify;\">\n","protected":false},"excerpt":{"rendered":"<p style=\"text-align: center;\">\n<p style=\"text-align: justify;\">Apo g\u00f6sterisinde \u00f6len \u00fcniversiteli topra\u011fa verildi. Ergani&#8217;de kepenkler kapat\u0131ld\u0131, cenazeye 5 bin ki\u015fi kat\u0131ld\u0131.<\/p>\n<p style=\"text-align: justify;\">PKK ter\u00f6r \u00f6rg\u00fct\u00fc eleba\u015f\u0131 Abdullah \u00d6calan&#8217;\u0131n do\u011fum g\u00fcn\u00fcn\u00fc kutlamak i\u00e7in \u015eanl\u0131urfa&#8217;n\u0131n Halfeti \u0130l\u00e7esi&#8217;ne ba\u011fl\u0131 \u00d6merli K\u00f6y\u00fc&#8217;ne gitmek isterken d\u00fcn \u00e7\u0131kan olaylarda ya\u015fam\u0131n\u0131 yitiren 21 ya\u015f\u0131ndaki Mahsun Karao\u011flan&#8217;\u0131n cenazesi Diyarbak\u0131r&#8217;\u0131n Ergani \u0130l\u00e7esi&#8217;ne ba\u011fl\u0131 Yayvantepe K\u00f6y\u00fc&#8217;nde <\/p>\n","protected":false},"author":1,"featured_media":0,"comment_status":"open","ping_status":"closed","sticky":false,"template":"","format":"standard","meta":{"footnotes":""},"categories":[105],"tags":[],"class_list":["post-7743","post","type-post","status-publish","format-standard","hentry","category-gundem","odd"],"_links":{"self":[{"href":"http:\/\/www.korhanyilmaz.com\/index.php?rest_route=\/wp\/v2\/posts\/7743","targetHints":{"allow":["GET"]}}],"collection":[{"href":"http:\/\/www.korhanyilmaz.com\/index.php?rest_route=\/wp\/v2\/posts"}],"about":[{"href":"http:\/\/www.korhanyilmaz.com\/index.php?rest_route=\/wp\/v2\/types\/post"}],"author":[{"embeddable":true,"href":"http:\/\/www.korhanyilmaz.com\/index.php?rest_route=\/wp\/v2\/users\/1"}],"replies":[{"embeddable":true,"href":"http:\/\/www.korhanyilmaz.com\/index.php?rest_route=%2Fwp%2Fv2%2Fcomments&post=7743"}],"version-history":[{"count":0,"href":"http:\/\/www.korhanyilmaz.com\/index.php?rest_route=\/wp\/v2\/posts\/7743\/revisions"}],"wp:attachment":[{"href":"http:\/\/www.korhanyilmaz.com\/index.php?rest_route=%2Fwp%2Fv2%2Fmedia&parent=7743"}],"wp:term":[{"taxonomy":"category","embeddable":true,"href":"http:\/\/www.korhanyilmaz.com\/index.php?rest_route=%2Fwp%2Fv2%2Fcategories&post=7743"},{"taxonomy":"post_tag","embeddable":true,"href":"http:\/\/www.korhanyilmaz.com\/index.php?rest_route=%2Fwp%2Fv2%2Ftags&post=7743"}],"curies":[{"name":"wp","href":"https:\/\/api.w.org\/{rel}","templated":true}]}}