{"id":7715,"date":"2009-03-19T09:52:27","date_gmt":"2009-03-19T06:52:27","guid":{"rendered":"http:\/\/www.korhanyilmaz.com\/?p=7715"},"modified":"2009-03-19T09:52:27","modified_gmt":"2009-03-19T06:52:27","slug":"istanbula-sinema-bahari-geliyor","status":"publish","type":"post","link":"http:\/\/www.korhanyilmaz.com\/?p=7715","title":{"rendered":"\u0130stanbul&#8217;a sinema bahar\u0131 geliyor"},"content":{"rendered":"<p><img loading=\"lazy\" decoding=\"async\" class=\"aligncenter size-full wp-image-7717\" src=\"http:\/\/www.korhanyilmaz.com\/wp-content\/uploads\/2009\/04\/7_5501.jpg\" alt=\"\" width=\"330\" height=\"204\" \/><\/p>\n<p style=\"text-align: justify;\">\u0130stanbul&#8217;un k\u00fclt\u00fcr sanat ya\u015fam\u0131n\u0131n \u00f6nde gelen etkinlikerinden biri olan Uluslararas\u0131 \u0130stanbul Film Festivali 28&#8217;nci ya\u015f\u0131n\u0131 kutluyor. Bu y\u0131l 4 ile 18 Nisan tarihleri aras\u0131nda yap\u0131lacak olan festival d\u00fcnya sinemas\u0131n\u0131n en se\u00e7kin \u00f6rneklerini sunacak yine.<\/p>\n<p style=\"text-align: justify;\">Sinemaseverlerin\u00a0 merakla bekledi\u011fi \u00e7o\u011fu filmin ilk g\u00f6sterimleri festivalin geleneksel &#8220;D\u00fcnya Festivallerinden&#8221;, &#8220;Gen\u00e7 Ustalar&#8221;, &#8220;May\u0131nl\u0131 B\u00f6lge&#8221; gibi b\u00f6l\u00fcmlerinde yap\u0131lacak. &#8220;G\u00fcm\u00fc\u015f \u00dclke, Alt\u0131n Sinema: Arjantin&#8221; ve &#8220;A\u015fk Olsun&#8221; gibi yeni b\u00f6l\u00fcmlerle festival program\u0131 sinemada yeni y\u00f6nelimlere dikkat \u00e7ekecek; &#8220;Asiler, Azizler, \u00c2\u015f\u0131klar&#8221;, &#8220;An\u0131lar\u0131na&#8221; gibi b\u00f6l\u00fcmlerle de klasik sineman\u0131n unutulmaz \u00f6rneklerine yer verilecek. <!--more--><\/p>\n<p style=\"text-align: justify;\">Her y\u0131l oldu\u011fu gibi \u00fcnl\u00fc konuklar, usta sinemac\u0131lar\u0131n kat\u0131laca\u011f\u0131 s\u00f6yle\u015fi ve at\u00f6lye \u00e7al\u0131\u015fmalar\u0131, sinema dersleri ve partilerle iki hafta boyunca \u0130stanbul&#8217;da ger\u00e7ek bir festival havas\u0131 esecek. &#8220;28. Uluslararas\u0131 \u0130stanbul Film Festivali&#8221;, 3 Nisan Cuma ak\u015fam\u0131 L\u00fctf\u00fc K\u0131rdar Kongre ve Sergi Saray\u0131&#8217;nda yap\u0131lacak A\u00e7\u0131l\u0131\u015f T\u00f6reni ile ba\u015flayacak. A\u00e7\u0131l\u0131\u015f t\u00f6reninde, festival taraf\u0131ndan her y\u0131l verilen &#8220;Sinema Onur \u00d6d\u00fclleri&#8221; ele\u015ftirmen, ar\u015fivci, yazar Ag\u00e2h \u00d6zg\u00fc\u00e7, oyuncu Hale Soygazi ve y\u00f6netmen Erdo\u011fan Tokatl\u0131 olmak \u00fczere T\u00fcrk sinemas\u0131na y\u0131llar boyu emek vermi\u015f \u00fc\u00e7 de\u011ferli sanat\u00e7\u0131ya takdim edilecek.<\/p>\n<p style=\"text-align: justify;\">Festival biletleri ise 21 Mart Cumartesi g\u00fcn\u00fc sat\u0131\u015fa \u00e7\u0131k\u0131yor. Sinemaseverler biletlerini Beyo\u011flu&#8217;nda Emek ve Atlas ile Kad\u0131k\u00f6y&#8217;de Rexx sinemalar\u0131nda a\u00e7\u0131lacak gi\u015felerden ve Biletix&#8217;ten sat\u0131n alabilecek. Festivalde biletler tam 10 TL, \u00f6\u011frenci ile 65 ya\u015f ve \u00fcst\u00fc i\u00e7in 7 TL olacak. Festivalde hafta i\u00e7i g\u00fcnd\u00fcz seanslar\u0131 ile T\u00fcrk Sinemas\u0131 b\u00f6l\u00fcm\u00fcnde yer alan filmler i\u00e7in bilet fiyat\u0131 t\u00fcm seanslarda sadece 3,50 TL olacak.<\/p>\n<p style=\"text-align: justify;\"><strong>FEST\u0130VAL S\u0130NEMALARI <\/strong><\/p>\n<p style=\"text-align: justify;\">Uluslararas\u0131 \u0130stanbul Film Festivali&#8217;nin Beyo\u011flu&#8217;ndaki sinemalar\u0131na bu y\u0131l Yeni R\u00fcya Sinemas\u0131 da ekleniyor. Beyo\u011flu&#8217;nun tarihi salonlar\u0131ndan R\u00fcya Sinemas\u0131, ses d\u00fczeninden koltuklar\u0131na yenilendikten sonra 640 ki\u015fi kapasitesiyle Uluslararas\u0131 \u0130stanbul Film Festivali salonlar\u0131 aras\u0131nda yerini alacak.<\/p>\n<p style=\"text-align: justify;\">Festivalin g\u00f6sterimleri Beyo\u011flu&#8217;nda Emek, Atlas, Beyo\u011flu, Yeni R\u00fcya, Pera M\u00fczesi Sinemas\u0131 ile Kad\u0131k\u00f6y&#8217;de Rexx sinemas\u0131 ve hafta sonlar\u0131 Ni\u015fanta\u015f\u0131 CityLife Cinema (City&#8217;s) olmak \u00fczere toplam 7 sinemada ger\u00e7ekle\u015ftirilecek.<\/p>\n<p style=\"text-align: justify;\"><strong>FEST\u0130VALDE &#8220;ALTIN LALE&#8221; HEYECANI<\/strong><\/p>\n<p style=\"text-align: justify;\">Uluslararas\u0131 \u0130stanbul Film Festivali&#8217;nde Alt\u0131n Lale heyecan\u0131 bu sene ikiye katlan\u0131yor. Festivalin Alt\u0131n Lale \u00d6d\u00fcl\u00fc, bu y\u0131ldan itibaren, Uluslararas\u0131 Yar\u0131\u015fma&#8217;n\u0131n yan\u0131 s\u0131ra Ulusal Yar\u0131\u015fma kapsam\u0131nda da verilmeye ba\u015flan\u0131yor. Her iki yar\u0131\u015fman\u0131n j\u00fcrilerinin se\u00e7ece\u011fi en iyi filmlere, Uluslararas\u0131 Yar\u0131\u015fma Alt\u0131n Lale \u00f6d\u00fcl\u00fc ve Ulusal Yar\u0131\u015fma Alt\u0131n Lale \u00d6d\u00fcl\u00fc takdim edilecek. Festivalin Uluslararas\u0131 Yar\u0131\u015fma b\u00f6l\u00fcm\u00fcnde Alt\u0131n Lale i\u00e7in, sinema \u00e7evrelerinde ses getiren, birbirinden etkileyici 12 film yar\u0131\u015facak. T\u00fcrkiye&#8217;yi ise bu y\u0131l &#8220;S\u00fct&#8221; filmiyle Semih Kaplano\u011flu temsil edecek. Uluslararas\u0131 Yar\u0131\u015fma filmleri, Alt\u0131n Lale \u00f6d\u00fcl\u00fc i\u00e7in festivalin ikinci haftas\u0131nda izleyicilerle uluslararas\u0131 j\u00fcrinin huzuruna \u00e7\u0131kacak.<\/p>\n<p style=\"text-align: justify;\">Festivalin Ulusal Yar\u0131\u015fma b\u00f6l\u00fcm\u00fcnde ise Alt\u0131n Lale i\u00e7in j\u00fcri kar\u015f\u0131s\u0131na \u00e7\u0131kacak 14 film yar\u0131\u015facak. Ulusal Yar\u0131\u015fmada ge\u00e7en y\u0131llarda verilen En \u0130yi Film, En \u0130yi Y\u00f6netmen, En \u0130yi Kad\u0131n Oyuncu ve En \u0130yi Erkek Oyuncu \u00f6d\u00fcllerine bu y\u0131l En \u0130yi Senaryo, En \u0130yi G\u00f6r\u00fcnt\u00fc Y\u00f6netmeni ve En \u0130yi M\u00fczik \u00f6d\u00fclleri de eklendi. \u0130stanbul Film Festivali&#8217;nde Ulusal Yar\u0131\u015fma J\u00fcrisinin se\u00e7ece\u011fi En \u0130yi Film ve En \u0130yi Y\u00f6netmen&#8217;e, K\u00fclt\u00fcr ve Turizm Bakanl\u0131\u011f\u0131 \u00f6d\u00fcl olarak 50 bin TL verecek. Yine K\u00fclt\u00fcr ve Turizm Bakanl\u0131\u011f\u0131&#8217;n\u0131n verece\u011fi En \u0130yi Kad\u0131n Oyuncu ve En \u0130yi Erkek Oyuncu \u00f6d\u00fclleri ise 10 bin TL.<\/p>\n<p style=\"text-align: justify;\"><strong>HER GECE B\u0130R GALA <\/strong><\/p>\n<p style=\"text-align: justify;\">\u0130stanbul Film Festivali, sinemaseverleri festivalin ilk haftas\u0131nda 21.30 seanslar\u0131nda Emek Sinemas\u0131&#8217;ndaki Akbank Galalar\u0131&#8217;nda a\u011f\u0131rlayacak. Festivalin en \u00e7ok ilgi g\u00f6ren b\u00f6l\u00fcm\u00fc Akbank Galalar\u0131 kapsam\u0131nda sinemaseverler, ka\u00e7\u0131r\u0131lmayacak 9 filmi herkesten \u00f6nce izleme ayr\u0131cal\u0131\u011f\u0131n\u0131 ya\u015fayacaklar.<\/p>\n<p style=\"text-align: justify;\">Aksiyon sinemas\u0131n\u0131n usta y\u00f6netmeni Kathryn Bigelow&#8217;un son filmi &#8220;D\u00fc\u015fman Hatt\u0131 \/ The Hurt Locker&#8221;, Irak&#8217;ta bomba imha eden iki adam\u0131n \u00f6yk\u00fcs\u00fcn\u00fc anlat\u0131yor.<\/p>\n<p style=\"text-align: justify;\">Time dergisi filmden, &#8220;sava\u015fan ve \u00e7al\u0131\u015fan insanlar hakk\u0131nda m\u00fckemmele yak\u0131n bir sinema yap\u0131t\u0131&#8221; olarak bahsediyor.<\/p>\n<p style=\"text-align: justify;\">Merakla beklenen galalardan bir di\u011feri de Kanadal\u0131 \u00fcnl\u00fc y\u00f6netmen Atom Egoyan&#8217;\u0131n Cannes&#8217;da Alt\u0131n Palmiye i\u00e7in yar\u0131\u015fan filmi &#8220;Tap\u0131nma \/ Adoration.&#8221;<\/p>\n<p style=\"text-align: justify;\">Frans\u0131z sinemas\u0131n\u0131n gen\u00e7 ustalar\u0131ndan Fran\u00e7ois Ozon&#8217;un onuncu sinema filmi &#8220;Ricky&#8221; ise s\u0131radan bir \u00e7iftin s\u0131ra d\u0131\u015f\u0131 \u00e7ocu\u011fu Ricky&#8217;nin hik\u00e2yesi. Senaryosunu da Ozon&#8217;un yazd\u0131\u011f\u0131 film, korku, gerilim, fantastik, komedi ve bilim kurgu gibi farkl\u0131 \u00f6\u011feleri bulu\u015fturuyor.<\/p>\n<p style=\"text-align: justify;\">Uli Edel&#8217;in Almanya tarihinin en tart\u0131\u015fmal\u0131 d\u00f6nemlerinden birini konu eden eseri &#8220;Bir Ter\u00f6r Filmi: Der Baader Me\u0131nhof&#8221; hem i\u00e7eri\u011fi hem de tarz\u0131yla ses getirecek. Alman ter\u00f6rist grubu K\u0131z\u0131l Ordu Fraksiyonu RAF&#8217;\u0131n \u015fiddet dolu \u00f6yk\u00fcs\u00fcn\u00fc anlatan film \u015fimdiye kadar \u00e7ekilmi\u015f en pahal\u0131 Alman filmi olma \u00f6zelli\u011fini ta\u015f\u0131yor. Stefan Aust&#8217;un \u00e7ok satan kitab\u0131ndan uyarlanan bu nefes kesen filmin ba\u015frollerinde Martina Gedeck ve Moritz Bleibtreu yer al\u0131yor.<\/p>\n<p style=\"text-align: justify;\">Paolo Sorrentino&#8217;nun \u0130talyan tarihine iz b\u0131rakan politikac\u0131lardan, tam yedi kez ba\u015fbakanl\u0131k g\u00f6revini \u00fcstlenen Giulio Andreotti&#8217;nin hayat\u0131n\u0131n 40 y\u0131l\u0131n\u0131 mercek alt\u0131na ald\u0131\u011f\u0131 &#8220;Il D\u0131vo&#8221;, politik filmleri sevenler i\u00e7in ka\u00e7\u0131r\u0131lmayacak bir gala filmi. Film, Cannes&#8217;da J\u00fcri \u00d6zel \u00d6d\u00fcl\u00fc&#8217;ne de lay\u0131k g\u00f6r\u00fcld\u00fc.<\/p>\n<p style=\"text-align: justify;\">Sinemaseverler bu y\u0131l tam sekiz dalda Oscar aday\u0131 olan Gus Van Sant&#8217;\u0131n son filmi &#8220;Milk&#8221;i de Festivalin Akbank Galalar\u0131 b\u00f6l\u00fcm\u00fcnde izleme f\u0131rsat\u0131 bulacaklar. Suikast sonucu \u00f6ld\u00fcr\u00fclen e\u015fcinsel politikac\u0131 Harvey Milk&#8217;i canland\u0131ran Sean Penn, bu filmdeki performans\u0131yla En \u0130yi Erkek Oyuncu Oscar&#8217;\u0131n\u0131 kazand\u0131. Y\u00f6netmen Gus Van Sant ise 2007&#8217;de Uluslararas\u0131 \u0130stanbul Film Festivali Onur \u00d6d\u00fcl\u00fc&#8217;n\u00fc almak i\u00e7in \u0130stanbul&#8217;a gelmi\u015fti.<\/p>\n<p style=\"text-align: justify;\"><strong>\u00d6ZEL G\u00d6STER\u0130M: T\u00dcRK KLAS\u0130KLER\u0130 YEN\u0130DEN<\/strong><\/p>\n<p style=\"text-align: justify;\">Uluslararas\u0131 \u0130stanbul Film Festivali, T\u00fcrk sinemas\u0131n\u0131n \u00f6nemli yap\u0131tlar\u0131n\u0131 restore ederek g\u00fcn \u0131\u015f\u0131\u011f\u0131na \u00e7\u0131karmaya devam ediyor. Festival kapsam\u0131nda 10 Nisan Cuma ak\u015fam\u0131 Emek Sinemas\u0131&#8217;nda ger\u00e7ekle\u015ftirilecek \u00f6zel g\u00f6sterimde \u00d6. L\u00fctfi Akad&#8217;\u0131n 1949 tarihli filmi &#8220;Vurun Kahpeye&#8221; restore edilmi\u015f kopyas\u0131yla izleyici kar\u015f\u0131s\u0131na \u00e7\u0131kacak. Halide Edip Ad\u0131var&#8217;\u0131n roman\u0131ndan uyarlanan ve ba\u015frol\u00fcn\u00fc Sezer Sezin&#8217;in oynad\u0131\u011f\u0131 film, 1950&#8217;ler \u00f6ncesi T\u00fcrk sinemas\u0131n\u0131n en ba\u015far\u0131l\u0131 Kurtulu\u015f Sava\u015f\u0131 filmi olarak an\u0131l\u0131yor. Sinemaseverler ge\u00e7ti\u011fimiz y\u0131l 27. Uluslararas\u0131 \u0130stanbul Film Festivali kapsam\u0131nda yine Erden K\u0131ral&#8217;\u0131n 1979 yap\u0131m\u0131 &#8220;Bereketli Topraklar \u00dczerinde&#8221; filmini yenilenmi\u015f kopyas\u0131ndan izleme \u015fans\u0131 bulmu\u015ftu.<\/p>\n<p style=\"text-align: justify;\"><strong>FEST\u0130VALDE YEN\u0130 B\u00d6L\u00dcMLER <\/strong><\/p>\n<p style=\"text-align: justify;\">Festivalin bu y\u0131lki yeni b\u00f6l\u00fcmlerinden &#8220;A\u015fk Olsun&#8221; kapsam\u0131nda izleyicilerle bulu\u015facak tutku dolu 8 film aras\u0131nda ge\u00e7en y\u0131l Festivalde g\u00f6sterilen &#8220;A\u015fk \u015eark\u0131lar\u0131&#8221; adl\u0131 filmi ile herkesin g\u00f6nl\u00fcn\u00fc fetheden Christophe Honor\u00e9&#8217;nin son filmi &#8220;G\u00fczel \u0130nsan \/ La Belle Personne&#8221; yer al\u0131yor. Ba\u015frol\u00fcnde yine Louis Garrel&#8217;in oynad\u0131\u011f\u0131 film, lisede ge\u00e7en bir a\u015fk hik\u00e2yesini anlat\u0131yor. Y\u00f6netmen Christophe Honor\u00e9, Sarkozy&#8217;nin edebiyatla ilgili bir demecine tepki olarak filmi \u00e7ekmeye karar vermi\u015f.<\/p>\n<p style=\"text-align: justify;\">Antonio Luigi Grimaldi&#8217;nin y\u00f6netti\u011fi &#8220;Sessiz Kaos \/ Qu\u0131et Chaos&#8221;, \u0130talyan sinemas\u0131n\u0131n Oscar&#8217;\u0131 say\u0131lan \u00fc\u00e7 David de Donatello \u00f6d\u00fcl\u00fcn\u00fcn yan\u0131 s\u0131ra Chicago Film Festivali&#8217;nde En \u0130yi Senaryo \u00f6d\u00fcl\u00fcn\u00fc ald\u0131. Filmin ba\u015frol\u00fcnde 2002 y\u0131l\u0131nda \u0130stanbul Film Festivali&#8217;nin konu\u011fu olan ve festivalin Sinema Onur \u00d6d\u00fcl\u00fc&#8217;n\u00fc alan \u00fcnl\u00fc \u0130talyan y\u00f6netmen Nanni Moretti oynuyor.<\/p>\n<p style=\"text-align: justify;\">Almanya&#8217;n\u0131n en \u00f6nemli sinemac\u0131lar\u0131ndan Doris D\u00f6rrie&#8217;nin, Yasujiro Ozu&#8217;nun Tokyo Hik\u00e2yesi&#8217;ne sayg\u0131 duru\u015fu niteli\u011findeki filmi &#8220;Kiraz \u00c7i\u00e7ekleri \/ Cherry Blossoms&#8221;, bu b\u00f6l\u00fcm\u00fcn en dokunakl\u0131 filmlerinden biri aras\u0131nda yer al\u0131yor. Ya\u015fam, \u00f6l\u00fcm, sevgi, kaybetmek ve hayallerin pe\u015finden gitmeyi konu eden filmin ba\u015frol\u00fcnde, 2001 y\u0131l\u0131nda \u0130stanbul Film Festivali&#8217;nde J\u00fcri \u00d6zel \u00d6d\u00fcl\u00fc&#8217;n\u00fc kazanan Hannelore Elsner oynuyor.<\/p>\n<p style=\"text-align: justify;\">Festival takip\u00e7ilerinin yak\u0131ndan tan\u0131d\u0131\u011f\u0131 Claire Denis&#8217;nin son filmi &#8220;35 Tek Rom \/ 35 Shots Of Rum&#8221; ve Polonyal\u0131 efsanevi y\u00f6netmen Andrzej Wajda&#8217;n\u0131n Berlin&#8217;de Alfred Bauer \u00d6d\u00fcl\u00fc&#8217;ne lay\u0131k g\u00f6r\u00fclen &#8220;kad\u0131n merkezli&#8221; dram\u0131 &#8220;Sazl\u0131kta \/ Tatarak&#8221; b\u00f6l\u00fcm\u00fcn &#8220;a\u015fk&#8221; dolu filmlerinden.<\/p>\n<p style=\"text-align: justify;\">2001 y\u0131l\u0131nda, Manavgat&#8217;a ba\u011fl\u0131 Sirt k\u00f6y\u00fcndeki kad\u0131nlar\u0131n su s\u0131k\u0131nt\u0131s\u0131na tepki olarak ger\u00e7ekle\u015ftirdikleri &#8220;sevi\u015fme grevi&#8221;nden esinlenen Alman y\u00f6netmen Veit Helmer&#8217;\u0131n yollar\u0131n ve zaman\u0131n ula\u015famad\u0131\u011f\u0131, ku\u015f u\u00e7maz kervan ge\u00e7mez bir da\u011f k\u00f6y\u00fcn\u00fcn hik\u00e2yesini anlatt\u0131\u011f\u0131, &#8220;Abs\u00fcrdistan&#8221; ise b\u00f6l\u00fcm\u00fcn ka\u00e7\u0131r\u0131lmayacak filmleri aras\u0131nda g\u00f6steriliyor.<\/p>\n<p style=\"text-align: justify;\">Tomas Alfredson&#8217;un filmi Gir Kan\u0131ma \/ Let The R\u0131ght One In, Tribeca, Kopenhag ve G\u00f6teborg&#8217;da \u00f6d\u00fcllere bo\u011fuldu. Newsweek, New York Post ve Washington Times&#8217;\u0131n yan\u0131 s\u0131ra Roger Ebert&#8217;in de 2008 \u0130lk 10 se\u00e7kilerinde yer alan Vampir filmlerine farkl\u0131 bir a\u00e7\u0131dan bak\u0131yor.<\/p>\n<p style=\"text-align: justify;\">Festivalin bu seneki yeni b\u00f6l\u00fcmlerinden biri, ad\u0131n\u0131 g\u00fcm\u00fc\u015f\u00fcn Latince isminden alan Arjantin&#8217;in sinemas\u0131na ayr\u0131ld\u0131. &#8220;G\u00fcm\u00fc\u015f \u00dclke, Alt\u0131n Sinema: Arjantin&#8221; ba\u015fl\u0131kl\u0131 b\u00f6l\u00fcm, festival izleyicilerini son y\u0131llarda b\u00fcy\u00fck \u00e7\u0131k\u0131\u015f yapan Arjantin sinemas\u0131nda bir yolculu\u011fa \u00e7\u0131karacak. Sekiz filmin yer ald\u0131\u011f\u0131 b\u00f6l\u00fcmde &#8220;Batakl\u0131k&#8221; ve &#8220;K\u00fc\u00e7\u00fck Azize&#8221; ile sinemaseverlerin yak\u0131ndan tan\u0131d\u0131\u011f\u0131 Lucrecia Martel&#8217;in son filmi &#8220;Ba\u015fs\u0131z Kad\u0131n \/ The Headless Woman&#8221; ile Arjantin sinemas\u0131n\u0131n gen\u00e7 yeteneklerinden Pablo Trapero&#8217;nun Cannes&#8217;da \u00e7ok ses getiren filmi &#8220;Aslan \u0130ni \/ L\u0131on&#8217;s Den&#8221; \u00f6ne \u00e7\u0131kan filmler aras\u0131nda yer al\u0131yor.<\/p>\n<p style=\"text-align: justify;\"><strong>AS\u0130LER, AZ\u0130ZLER, A\u015eIKLAR <\/strong><\/p>\n<p style=\"text-align: justify;\">Harvard \u00dcniversitesi Tarih Profes\u00f6r\u00fc Cemal Kafadar k\u00fcrat\u00f6rl\u00fc\u011f\u00fcnde d\u00fczenlen &#8220;Asiler, Azizler, \u00c2\u015f\u0131klar&#8221; festivalin en ilgi \u00e7ekici b\u00f6l\u00fcmlerinden. Festivalin bu b\u00f6l\u00fcm\u00fc seyirciyi, yarat\u0131c\u0131 yorumlar\u0131n en parlak \u00f6rneklerinden baz\u0131lar\u0131na imza atan on bir y\u00f6netmenin g\u00f6z\u00fcyle, isyan, ermi\u015flik, a\u015fk ve \u015fiirin do\u011fas\u0131 ile bunlar\u0131n aras\u0131ndaki ili\u015fkiler \u00fczerinde d\u00fc\u015f\u00fcnmemizi sa\u011flayan on iki filme davet ediyor. &#8220;Jeanne D&#8217;arc&#8217;\u0131n Tutkusu \/ The Pass\u0131on Of Joan Of Arc&#8221;, &#8220;Sebast\u0131ane&#8221;, &#8220;A\u015f\u0131k Garip \/ Ashuk-Gar\u0131b\u0131&#8221;, Kenji Mizoguchi&#8217;nin Oharu&#8217;nun Ya\u015fam\u0131 \/ The L\u0131fe Of Oharu da b\u00f6l\u00fcm kapsam\u0131nda g\u00f6sterilecek filmler aras\u0131nda yer al\u0131yor. Sinemaseverler, d\u00fcnya sinemas\u0131n\u0131n en sayg\u0131n y\u00f6netmenlerine adanan y\u0131llara meydan okuyan 9 ustan\u0131n en son filmlerini izleme f\u0131rsat\u0131n\u0131 da &#8220;Y\u0131llara Meydan Okuyanlar&#8221; b\u00f6l\u00fcm\u00fcnde bulacaklar.<\/p>\n<p><strong>D\u00dcNYA FEST\u0130VALLER\u0130NDEN <\/strong><\/p>\n<p style=\"text-align: justify;\">Uluslararas\u0131 \u0130stanbul Film Festivali&#8217;nin, geleneksel b\u00f6l\u00fcm\u00fc &#8220;D\u00fcnya Festivallerinden&#8221;, festival izleyicisine tan\u0131nm\u0131\u015f y\u00f6netmenlerin \u00e7o\u011fu \u00f6d\u00fcll\u00fc son eserlerinden konular\u0131 ve tarzlar\u0131yla ses getiren 20 film sunuyor.<\/p>\n<p style=\"text-align: justify;\">\u0130ngiliz y\u00f6netmen Shane Meadows&#8217;un son filmi &#8220;Somers Town&#8221;, ayn\u0131 zamanda filmin ba\u015frol\u00fcn\u00fc de \u00fcstlenen oyuncu ve y\u00f6netmen Julie Delpy&#8217;nin d\u00f6rd\u00fcnc\u00fc filmi &#8220;Kontes \/ The Countess&#8221;, Bel\u00e7ikal\u0131 gen\u00e7 y\u00f6netmen Bouli Lanners&#8217;in ge\u00e7ti\u011fimiz y\u0131l Cannes&#8217;da \u00fc\u00e7 \u00f6d\u00fcl kazanan uzun metrajl\u0131 ikinci filmi&#8221; Eldorado&#8221;, Video klip d\u00fcnyas\u0131n\u0131n eski kurdu Carlos Moreno&#8217;nun ilk uzun metraj filmi &#8220;\u0130t \u0130ti Is\u0131r\u0131r \/ Dog Eat Dog&#8221;, Frans\u0131z sinemas\u0131n\u0131n \u00f6nemli y\u00f6netmenlerinden Philippe Lioret&#8217;in son filmi Ho\u015f Geldiniz \/ Welcome izlenecek filmlerden.<\/p>\n<p style=\"text-align: justify;\"><strong>GEN\u00c7 USTALAR<\/strong><\/p>\n<p style=\"text-align: justify;\">Bu y\u0131l \u00fc\u00e7\u00fcnc\u00fc kez COLIN&#8217;S sponsorlu\u011funda ger\u00e7ekle\u015ftirilecek &#8220;Gen\u00e7 Ustalar&#8221; b\u00f6l\u00fcm\u00fcnde sinema d\u00fcnyas\u0131na hen\u00fcz ad\u0131m\u0131n\u0131 atm\u0131\u015f olmas\u0131na ra\u011fmen ge\u00e7ti\u011fimiz y\u0131l kendilerinden \u00e7ok bahsettiren 11 ba\u015far\u0131l\u0131 gen\u00e7 y\u00f6netmenin filmi yer al\u0131yor. Finli gen\u00e7 y\u00f6netmen Jukka-Pekka Valkeap\u00e4\u00e4, k\u0131sa filmleriyle tan\u0131nan gen\u00e7 Rumen y\u00f6netmen Adrian Sitaru, Meksikal\u0131 y\u00f6netmen Fernando Cameron, ge\u00e7en y\u0131l Cannes&#8217;da en iyi ilk filmlere verilen Alt\u0131n Kamera \u00d6zel Mansiyon \u00f6d\u00fcl\u00fcn\u00fc alan 24 ya\u015f\u0131ndaki Valeria Gai Germanika sinemaseverlerle bulu\u015facak y\u00f6netmenlerden.<\/p>\n<p style=\"text-align: justify;\"><strong>BELGESEL KU\u015eA\u011eINDAN, UYKU KA\u00c7IRACAK F\u0130LMLERE<\/strong><\/p>\n<p style=\"text-align: justify;\">NTV&#8217;nin sponsorlu\u011funu \u00fcstlendi\u011fi NTV Belgesel Ku\u015fa\u011f\u0131&#8217;nda bu y\u0131l politikadan ekonomiye, sinemadan insan haklar\u0131na, m\u00fczikten spora birbirinden ilgin\u00e7 konulara de\u011finen 17 belgesel yer al\u0131yor. NTV Belgesel Ku\u015fa\u011f\u0131, 6-12 Nisan tarihleri aras\u0131nda Beyo\u011flu Sinemas\u0131&#8217;nda g\u00f6sterilecek.<\/p>\n<p style=\"text-align: justify;\">Festivalin gelenekselle\u015fen &#8220;May\u0131nl\u0131 B\u00f6lge&#8221; b\u00f6l\u00fcm\u00fcnde ise, bu y\u0131l yine s\u0131n\u0131rlar\u0131 zorlayan s\u0131ra d\u0131\u015f\u0131 10 film yer al\u0131yor. \u00c7ok y\u00f6nl\u00fc sanat\u00e7\u0131 Takeshi Kitano, ba\u015frol\u00fcnde oynay\u0131p kendini y\u00f6netti\u011fi son filmi &#8220;Akileus Ve Kaplumba\u011fa&#8221;, Amat Escalante son filmi Pi\u00e7ler\/ Los Bastardos ile seyircileri yine huzursuz edecek. Film, son derece \u00e7arp\u0131c\u0131 ba\u015flang\u0131c\u0131 ve ac\u0131mas\u0131zca ger\u00e7ek\u00e7i sonuyla Cannes&#8217;da b\u00fcy\u00fck tart\u0131\u015fma yaratt\u0131. Yine uyar\u0131c\u0131, \u00e7arp\u0131c\u0131, sars\u0131c\u0131 filmleri uykuya tercih edenlerin d\u00f6rt g\u00f6zle bekledi\u011fi &#8220;Geceyar\u0131s\u0131 \u00c7\u0131lg\u0131nl\u0131\u011f\u0131&#8221;, izleyicilerin uykusunu ka\u00e7\u0131racak 4 filmi, cuma geceleri Beyo\u011flu, cumartesi geceleri ise Atlas sinemas\u0131&#8217;nda saat 24.00&#8217;te beyazperdeye yans\u0131tacak.<\/p>\n<p style=\"text-align: justify;\"><strong>CANLANDIRMA S\u0130NEMASI: BILL PLYMTON <\/strong><\/p>\n<p style=\"text-align: justify;\">Uluslararas\u0131 \u0130stanbul Film Festivali&#8217;nin ilgiyle izlenen b\u00f6l\u00fcmlerinden Canland\u0131rma Sinemas\u0131 bu y\u0131l m\u00fcthi\u015f \u00e7izim enerjisi, yap\u0131m\u0131n\u0131 tek ba\u015f\u0131na \u00fcstlendi\u011fi filmleriyle ba\u011f\u0131ms\u0131z animasyon d\u00fcnyas\u0131nda bir marka olan d\u00fcnyaca \u00fcnl\u00fc sanat\u00e7\u0131 Bill Plympton&#8217;\u0131 a\u011f\u0131rl\u0131yor. B\u00f6l\u00fcm kapsam\u0131nda sanat\u00e7\u0131n\u0131n be\u015f uzun metrajl\u0131 canland\u0131rma filmi g\u00f6sterilecek. D\u00fcnyaca \u00fcnl\u00fc bir\u00e7ok markan\u0131n rekl\u00e2m filmlerinden, New York Times, Vogue, Vanity Fair&#8217;deki ill\u00fcstrasyonlara ve Rolling Stone dergilerindeki karikat\u00fcrlere kadar be\u011fenilen bir\u00e7ok i\u015fe imza atan Bill Plympton ayr\u0131ca festivalin konu\u011fu olarak \u0130stanbul&#8217;a da gelecek ve 18 Nisan Cumartesi g\u00fcn\u00fc saat 16.00&#8217;da Akbank Sanat&#8217;ta merakl\u0131lar\u0131na bir de Sinema Dersi verecek.<\/p>\n<p style=\"text-align: justify;\"><strong>USTALARA SAYGI: RAYMOND DEPARDON <\/strong><\/p>\n<p style=\"text-align: justify;\">\u0130stanbul Film Festivali kapsam\u0131nda foto\u011fraf\u00e7\u0131, muhabir, sinemac\u0131 ve d\u00fcnyan\u0131n en iyi belgeselcilerinden Raymond Depardon&#8217;un 2008 yap\u0131m\u0131 son filmi Modern Hayat \/ La V\u0131e Moderne&#8217;in de aralar\u0131nda oldu\u011fu izleyicilerle bulu\u015facak. \u00dcnl\u00fc Gamma foto\u011fraf ajans\u0131n\u0131n kurucular\u0131ndan, Magnum ajans\u0131 \u00fcyesi, Pulitzer ve Louis Delluc \u00f6d\u00fcll\u00fc Depardon, 1960&#8217;lardan bu yana, Vietnam&#8217;dan Berlin Duvar\u0131&#8217;n\u0131n y\u0131k\u0131l\u0131\u015f\u0131na, i\u00e7 sava\u015flardan devrimlere tan\u0131kl\u0131k etti\u011fi t\u00fcm olaylar\u0131 sinemaya aktar\u0131yor, Frans\u0131z toplumunun farkl\u0131 kesimlerini izliyor.<\/p>\n<p style=\"text-align: justify;\">Festivalin bu y\u0131lki &#8220;An\u0131lar\u0131na&#8221; b\u00f6l\u00fcm\u00fc, ge\u00e7en y\u0131l kaybetti\u011fimiz Paul Newman, Sydney Pollack ve Yusuf \u015eahin&#8217;e adand\u0131. B\u00f6l\u00fcm kapsam\u0131nda g\u00f6sterilecek filmler ise \u015f\u00f6yle:<\/p>\n<p style=\"text-align: justify;\">&#8220;Richard Brooks \/ K\u0131zg\u0131n Damdaki Kedi, Sydney Pollack \/ Atlar\u0131 da Vururlar, Yusuf \u015eahin \/ Sessizlik L\u00fctfen? \u00c7ekim Var.&#8221;<\/p>\n<p style=\"text-align: justify;\"><span style=\"color: #888888;\">Kaynak : H\u00fcrriyet<\/span><\/p>\n<p style=\"text-align: justify;\">\n","protected":false},"excerpt":{"rendered":"<\/p>\n<p style=\"text-align: justify;\">\u0130stanbul&#8217;un k\u00fclt\u00fcr sanat ya\u015fam\u0131n\u0131n \u00f6nde gelen etkinlikerinden biri olan Uluslararas\u0131 \u0130stanbul Film Festivali 28&#8217;nci ya\u015f\u0131n\u0131 kutluyor. Bu y\u0131l 4 ile 18 Nisan tarihleri aras\u0131nda yap\u0131lacak olan festival d\u00fcnya sinemas\u0131n\u0131n en se\u00e7kin \u00f6rneklerini sunacak yine.<\/p>\n<p style=\"text-align: justify;\">Sinemaseverlerin merakla bekledi\u011fi \u00e7o\u011fu filmin ilk g\u00f6sterimleri festivalin geleneksel &#8220;D\u00fcnya Festivallerinden&#8221;, &#8220;Gen\u00e7 Ustalar&#8221;, &#8220;May\u0131nl\u0131 B\u00f6lge&#8221; gibi <\/p>\n","protected":false},"author":1,"featured_media":0,"comment_status":"open","ping_status":"closed","sticky":false,"template":"","format":"standard","meta":{"footnotes":""},"categories":[8],"tags":[],"class_list":["post-7715","post","type-post","status-publish","format-standard","hentry","category-kultur-sanat","odd"],"_links":{"self":[{"href":"http:\/\/www.korhanyilmaz.com\/index.php?rest_route=\/wp\/v2\/posts\/7715","targetHints":{"allow":["GET"]}}],"collection":[{"href":"http:\/\/www.korhanyilmaz.com\/index.php?rest_route=\/wp\/v2\/posts"}],"about":[{"href":"http:\/\/www.korhanyilmaz.com\/index.php?rest_route=\/wp\/v2\/types\/post"}],"author":[{"embeddable":true,"href":"http:\/\/www.korhanyilmaz.com\/index.php?rest_route=\/wp\/v2\/users\/1"}],"replies":[{"embeddable":true,"href":"http:\/\/www.korhanyilmaz.com\/index.php?rest_route=%2Fwp%2Fv2%2Fcomments&post=7715"}],"version-history":[{"count":0,"href":"http:\/\/www.korhanyilmaz.com\/index.php?rest_route=\/wp\/v2\/posts\/7715\/revisions"}],"wp:attachment":[{"href":"http:\/\/www.korhanyilmaz.com\/index.php?rest_route=%2Fwp%2Fv2%2Fmedia&parent=7715"}],"wp:term":[{"taxonomy":"category","embeddable":true,"href":"http:\/\/www.korhanyilmaz.com\/index.php?rest_route=%2Fwp%2Fv2%2Fcategories&post=7715"},{"taxonomy":"post_tag","embeddable":true,"href":"http:\/\/www.korhanyilmaz.com\/index.php?rest_route=%2Fwp%2Fv2%2Ftags&post=7715"}],"curies":[{"name":"wp","href":"https:\/\/api.w.org\/{rel}","templated":true}]}}