{"id":7702,"date":"2009-04-03T08:35:44","date_gmt":"2009-04-03T05:35:44","guid":{"rendered":"http:\/\/www.korhanyilmaz.com\/?p=7702"},"modified":"2009-04-03T08:35:44","modified_gmt":"2009-04-03T05:35:44","slug":"polen-alerjisine-dikkat","status":"publish","type":"post","link":"http:\/\/www.korhanyilmaz.com\/?p=7702","title":{"rendered":"Polen alerjisine dikkat"},"content":{"rendered":"<p><img loading=\"lazy\" decoding=\"async\" class=\"aligncenter size-full wp-image-7703\" src=\"http:\/\/www.korhanyilmaz.com\/wp-content\/uploads\/2009\/04\/alerji.jpg\" alt=\"\" width=\"250\" height=\"150\" \/><\/p>\n<p style=\"text-align: justify;\"><strong>Havalar\u0131n \u0131s\u0131nmas\u0131yla birlikte bitkilerin do\u011faya b\u0131rakaca\u011f\u0131 polenlerin 10 milyon ki\u015fiyi etkileyebilece\u011fi bildirildi.<\/strong><\/p>\n<p style=\"text-align: justify;\">Uluda\u011f \u00dcniversitesi (U\u00dc) T\u0131p Fak\u00fcltesi \u00c7ocuk Alerji Bilim Dal\u0131 \u00d6\u011fretim \u00dcyesi Prof. Dr. Nihat Sapan, faaliyetlerine k\u0131\u015f d\u00f6neminde ara veren bitkilerin, bahar aylar\u0131nda havalar\u0131n \u0131s\u0131nmas\u0131yla birlikte tekrar canland\u0131\u011f\u0131n\u0131 ve polenlerini b\u0131rakmaya ba\u015flad\u0131\u011f\u0131n\u0131 s\u00f6yledi.<\/p>\n<p style=\"text-align: justify;\">Alerjik polenlerin toplumun y\u00fczde 10-15&#8217;ini etkiledi\u011fi d\u00fc\u015f\u00fcn\u00fcld\u00fc\u011f\u00fcnde yakla\u015f\u0131k 10 milyon ki\u015finin alerjik yak\u0131nmalarda bulunaca\u011f\u0131n\u0131 kaydeden Sapan, &#8220;yani 10 milyon ki\u015fi polen alerjisi riski ta\u015f\u0131yor. Polenler y\u00fcz\u00fcnden burun ka\u015f\u0131nt\u0131s\u0131 ve ak\u0131nt\u0131s\u0131, g\u00f6z k\u0131zarmas\u0131, ka\u015f\u0131nt\u0131s\u0131 ve ak\u0131nt\u0131s\u0131, bo\u011fazda ka\u015f\u0131nt\u0131 ile birlikte yorgunluk belirtileri, alerjik nezle gibi bulgular ortaya \u00e7\u0131kacak. Bunlar, alerjisi olanlar\u0131 bir s\u00fcre rahats\u0131z edecek&#8221; dedi.<!--more--><\/p>\n<p style=\"text-align: justify;\">Sapan, \u00f6nce a\u011fa\u00e7lar, ard\u0131ndan \u00e7ay\u0131r bitkileri ve yabani otlar\u0131n polenlerini b\u0131rakarak duyarl\u0131 ki\u015fileri etkileyece\u011fini belirterek, \u015funlar\u0131 kaydetti:<br \/>\n&#8220;\u00c7ocuklarda 4-5 ya\u015flar\u0131ndan \u00f6nce g\u00f6r\u00fclmesi nadir olan polen alerjisi, eri\u015fkin d\u00f6neminin en \u00f6nemli alerjenlerindendir. \u00dclkemizde \u00f6zellikle \u00e7ay\u0131r, bu\u011fday, arpa, \u00e7avdar gibi bitki polenleri, Ege ve Marmara b\u00f6lgelerinde zeytin a\u011fac\u0131 polenleri \u00e7ok alerjik olan cinslerdendir. Bunun yan\u0131nda duvar sarma\u015f\u0131\u011f\u0131 ismiyle an\u0131lan yap\u0131\u015fkan ot polenleri de \u0131s\u0131rgan otu polenleri ile birlikte \u00f6nemli alerjik polenleri olu\u015ftururlar.&#8221;<br \/>\n<strong><br \/>\nPOLENLERE KAR\u015eI YAPILMASI GEREKENLER<\/strong>\n<\/p>\n<p style=\"text-align: justify;\">Polen alerjisi bulunanlar\u0131n bu mevsimde dikkatli olmas\u0131 gerekti\u011fine dikkati \u00e7eken Sapan, \u015fu \u00f6nerilerde bulundu:<\/p>\n<p style=\"text-align: justify;\">&#8220;Ayakkab\u0131lar eve sokulmamal\u0131, pencereler a\u00e7\u0131k tutulmamal\u0131d\u0131r. Eve girildi\u011finde y\u00fcz ve eller iyice y\u0131kanmal\u0131, elbiseler hemen \u00e7\u0131kar\u0131larak y\u0131kanarak temizlenmelidir. R\u00fczgarl\u0131 g\u00fcnlerde eve gelindi\u011finde ilk i\u015f olarak du\u015f almak gerekir. Elbiseler olabildi\u011fince d\u0131\u015far\u0131da kurutulmamal\u0131d\u0131r. Polen alerjisi olanlar pikni\u011fe gitmemeli, d\u0131\u015far\u0131da zaman ge\u00e7irmek durumunda olanlar maske takmal\u0131d\u0131r. Y\u00fcksek etkili filtresi bulunan (HEPA filtre) hava temizleyici cihazlar kullan\u0131labilir. Yatak \u00e7ar\u015faflar\u0131 ve yast\u0131k k\u0131l\u0131flar\u0131 d\u00fczenli olarak de\u011fi\u015ftirilmelidir. Hal\u0131 ve kilimleri, haftada 2 kez makine ile s\u00fcp\u00fcrmek gerekir.&#8221;<\/p>\n<p style=\"text-align: justify;\">Sapan, \u00e7ocuklar ile eri\u015fkinlerin alerjik belirtilerinin farkl\u0131 olabilece\u011fini, bu y\u00fczden \u00f6zellikle \u00e7ocuklar\u0131n mutlaka alerji uzman\u0131na g\u00f6t\u00fcr\u00fclmesi gerekti\u011fini s\u00f6zlerine ekledi.<\/p>\n<p style=\"text-align: justify;\"><span style=\"color: #888888;\">AA<\/span><\/p>\n","protected":false},"excerpt":{"rendered":"<\/p>\n<p style=\"text-align: justify;\">Havalar\u0131n \u0131s\u0131nmas\u0131yla birlikte bitkilerin do\u011faya b\u0131rakaca\u011f\u0131 polenlerin 10 milyon ki\u015fiyi etkileyebilece\u011fi bildirildi.<\/p>\n<p style=\"text-align: justify;\">Uluda\u011f \u00dcniversitesi (U\u00dc) T\u0131p Fak\u00fcltesi \u00c7ocuk Alerji Bilim Dal\u0131 \u00d6\u011fretim \u00dcyesi Prof. Dr. Nihat Sapan, faaliyetlerine k\u0131\u015f d\u00f6neminde ara veren bitkilerin, bahar aylar\u0131nda havalar\u0131n \u0131s\u0131nmas\u0131yla birlikte tekrar canland\u0131\u011f\u0131n\u0131 ve polenlerini b\u0131rakmaya ba\u015flad\u0131\u011f\u0131n\u0131 s\u00f6yledi.<\/p>\n<p style=\"text-align: justify;\">Alerjik polenlerin toplumun <\/p>\n","protected":false},"author":1,"featured_media":0,"comment_status":"open","ping_status":"closed","sticky":false,"template":"","format":"standard","meta":{"footnotes":""},"categories":[5],"tags":[],"class_list":["post-7702","post","type-post","status-publish","format-standard","hentry","category-saglik","odd"],"_links":{"self":[{"href":"http:\/\/www.korhanyilmaz.com\/index.php?rest_route=\/wp\/v2\/posts\/7702","targetHints":{"allow":["GET"]}}],"collection":[{"href":"http:\/\/www.korhanyilmaz.com\/index.php?rest_route=\/wp\/v2\/posts"}],"about":[{"href":"http:\/\/www.korhanyilmaz.com\/index.php?rest_route=\/wp\/v2\/types\/post"}],"author":[{"embeddable":true,"href":"http:\/\/www.korhanyilmaz.com\/index.php?rest_route=\/wp\/v2\/users\/1"}],"replies":[{"embeddable":true,"href":"http:\/\/www.korhanyilmaz.com\/index.php?rest_route=%2Fwp%2Fv2%2Fcomments&post=7702"}],"version-history":[{"count":0,"href":"http:\/\/www.korhanyilmaz.com\/index.php?rest_route=\/wp\/v2\/posts\/7702\/revisions"}],"wp:attachment":[{"href":"http:\/\/www.korhanyilmaz.com\/index.php?rest_route=%2Fwp%2Fv2%2Fmedia&parent=7702"}],"wp:term":[{"taxonomy":"category","embeddable":true,"href":"http:\/\/www.korhanyilmaz.com\/index.php?rest_route=%2Fwp%2Fv2%2Fcategories&post=7702"},{"taxonomy":"post_tag","embeddable":true,"href":"http:\/\/www.korhanyilmaz.com\/index.php?rest_route=%2Fwp%2Fv2%2Ftags&post=7702"}],"curies":[{"name":"wp","href":"https:\/\/api.w.org\/{rel}","templated":true}]}}