{"id":7671,"date":"2009-04-04T19:53:23","date_gmt":"2009-04-04T16:53:23","guid":{"rendered":"http:\/\/www.korhanyilmaz.com\/?p=7671"},"modified":"2009-04-04T19:53:23","modified_gmt":"2009-04-04T16:53:23","slug":"%e2%80%9cerdogan%e2%80%99in-despotik-egiliminden-endiseliyiz%e2%80%9d","status":"publish","type":"post","link":"http:\/\/www.korhanyilmaz.com\/?p=7671","title":{"rendered":"\u201cErdo\u011fan\u2019\u0131n despotik e\u011filiminden endi\u015feliyiz\u201d"},"content":{"rendered":"<p style=\"text-align: center;\"><img loading=\"lazy\" decoding=\"async\" class=\"aligncenter size-full wp-image-7672\" title=\"\u201cErdo\u011fan\u2019\u0131n despotik e\u011filiminden endi\u015feliyiz\u201d \" src=\"http:\/\/www.korhanyilmaz.com\/wp-content\/uploads\/2009\/04\/050420090430496515675.jpg\" alt=\"\u201cErdo\u011fan\u2019\u0131n despotik e\u011filiminden endi\u015feliyiz\u201d \" width=\"329\" height=\"210\" \/><\/p>\n<p style=\"text-align: justify;\"><strong>New York Times gazetesi, Obama&#8217;n\u0131n T\u00fcrkiye ziyaretiyle ilgili bir ba\u015fyaz\u0131 yay\u0131nlad\u0131<\/strong><\/p>\n<p style=\"text-align: justify;\">ABD&#8217;nin sayg\u0131n gazetesi New York Times, bunu \u015fu \u00f6rnekle a\u00e7\u0131klad\u0131: &#8220;\u0130ktidar milletvekillerinin yolsuzluklar\u0131n\u0131 ortaya \u00e7\u0131karan Do\u011fan Medya Grubu&#8217;na 500 milyon dolarl\u0131k vergi borcu \u00e7\u0131karmas\u0131 bir misillemedir&#8221;<\/p>\n<p style=\"text-align: justify;\">ABD&#8217;nin en \u00e7ok satan gazetelerinden New York Times, gazetesi, ABD Ba\u015fkan\u0131 Barack Obama&#8217;n\u0131n T\u00fcrkiye ziyaretiyle ilgili bir ba\u015fyaz\u0131 yay\u0131nlad\u0131. &#8220;Mr. Obama ve T\u00fcrkiye&#8221; ba\u015fl\u0131kl\u0131 ba\u015fyaz\u0131da \u015f\u00f6yle denildi: <!--more--><\/p>\n<p style=\"text-align: justify;\">&#8220;Ba\u015fkan Obama, Avrupa gezisi s\u0131ras\u0131nda ak\u0131ll\u0131ca bir se\u00e7im yaparak T\u00fcrkiye&#8217;yi de program\u0131na ekledi. Beyaz Saray&#8217;\u0131n, Irak, Afganistan, \u0130ran ve Ortado\u011fu&#8217;da arabuluculuk rol\u00fc nedeniyle T\u00fcrkiye&#8217;nin i\u015fbirli\u011fine ihtiyac\u0131 var. Ancak ayn\u0131 zamanda T\u00fcrkiye&#8217;nin AB ile olan ili\u015fkilerinde ve i\u00e7 politikas\u0131nda da endi\u015fe veren geli\u015fmeler oluyor. Bu \u00e7er\u00e7evede Obama&#8217;n\u0131n T\u00fcrkiye&#8217;yi Bat\u0131&#8217;ya yak\u0131nla\u015ft\u0131rmas\u0131 ve bu geli\u015fmeleri tersine \u00e7evirmesi elinden gelen her\u015feyi yapmas\u0131 gerekiyor. AKP, uygulad\u0131\u011f\u0131 a\u00e7\u0131k pazar politikalar\u0131 ve ekonomik b\u00fcy\u00fcmeler sayesinde 2007 se\u00e7imlerinde etkileyici bir bi\u00e7imde oylar\u0131n\u0131 art\u0131rarak yeniden iktidar oldu, AB ile ekonomik ili\u015fkilerini art\u0131rd\u0131. Bu muhafazakar parti, insan haklar\u0131 konusunda reformlara imza atarak T\u00fcrk hukukunu AB standartlar\u0131na daha da yak\u0131nla\u015ft\u0131rd\u0131. Ancak reformlar sivil milliyet\u00e7iler ve h\u00e2l\u00e2 g\u00fcc\u00fc elinde bulunduran generallerden gelen tepkiler nedeniyle sekteye u\u011frad\u0131.<\/p>\n<p style=\"text-align: justify;\"><strong>Ba\u011f\u0131ms\u0131z bas\u0131na vergi borcu<\/strong><\/p>\n<p style=\"text-align: justify;\">Biz, Erdo\u011fan&#8217;\u0131n gittik\u00e7e y\u00fckselen &#8216;despot&#8217; (otokratik) e\u011filimlerinden endi\u015fe ediyoruz. AKP h\u00fck\u00fcmetinin T\u00fcrkiye&#8217;nin en b\u00fcy\u00fck medya patronu Ayd\u0131n Do\u011fan&#8217;a 500 milyon dolarl\u0131k bir vergi borcu \u00e7\u0131karmas\u0131, iktidar milletvekillerinin ve b\u00fcrokratlar\u0131n\u0131n yolsuzluk skandallar\u0131n\u0131 ba\u015far\u0131yla ortaya \u00e7\u0131kartan ba\u011f\u0131ms\u0131z bas\u0131na bir misillemedir.&#8221;<\/p>\n<p style=\"text-align: justify;\"><span style=\"color: #888888;\">Kaynak : Vatan<\/span><\/p>\n","protected":false},"excerpt":{"rendered":"<p style=\"text-align: center;\">\n<p style=\"text-align: justify;\">New York Times gazetesi, Obama&#8217;n\u0131n T\u00fcrkiye ziyaretiyle ilgili bir ba\u015fyaz\u0131 yay\u0131nlad\u0131<\/p>\n<p style=\"text-align: justify;\">ABD&#8217;nin sayg\u0131n gazetesi New York Times, bunu \u015fu \u00f6rnekle a\u00e7\u0131klad\u0131: &#8220;\u0130ktidar milletvekillerinin yolsuzluklar\u0131n\u0131 ortaya \u00e7\u0131karan Do\u011fan Medya Grubu&#8217;na 500 milyon dolarl\u0131k vergi borcu \u00e7\u0131karmas\u0131 bir misillemedir&#8221;<\/p>\n<p style=\"text-align: justify;\">ABD&#8217;nin en \u00e7ok satan gazetelerinden New York Times, gazetesi, <\/p>\n","protected":false},"author":1,"featured_media":0,"comment_status":"open","ping_status":"closed","sticky":false,"template":"","format":"standard","meta":{"footnotes":""},"categories":[105],"tags":[],"class_list":["post-7671","post","type-post","status-publish","format-standard","hentry","category-gundem","odd"],"_links":{"self":[{"href":"http:\/\/www.korhanyilmaz.com\/index.php?rest_route=\/wp\/v2\/posts\/7671","targetHints":{"allow":["GET"]}}],"collection":[{"href":"http:\/\/www.korhanyilmaz.com\/index.php?rest_route=\/wp\/v2\/posts"}],"about":[{"href":"http:\/\/www.korhanyilmaz.com\/index.php?rest_route=\/wp\/v2\/types\/post"}],"author":[{"embeddable":true,"href":"http:\/\/www.korhanyilmaz.com\/index.php?rest_route=\/wp\/v2\/users\/1"}],"replies":[{"embeddable":true,"href":"http:\/\/www.korhanyilmaz.com\/index.php?rest_route=%2Fwp%2Fv2%2Fcomments&post=7671"}],"version-history":[{"count":0,"href":"http:\/\/www.korhanyilmaz.com\/index.php?rest_route=\/wp\/v2\/posts\/7671\/revisions"}],"wp:attachment":[{"href":"http:\/\/www.korhanyilmaz.com\/index.php?rest_route=%2Fwp%2Fv2%2Fmedia&parent=7671"}],"wp:term":[{"taxonomy":"category","embeddable":true,"href":"http:\/\/www.korhanyilmaz.com\/index.php?rest_route=%2Fwp%2Fv2%2Fcategories&post=7671"},{"taxonomy":"post_tag","embeddable":true,"href":"http:\/\/www.korhanyilmaz.com\/index.php?rest_route=%2Fwp%2Fv2%2Ftags&post=7671"}],"curies":[{"name":"wp","href":"https:\/\/api.w.org\/{rel}","templated":true}]}}