{"id":7667,"date":"2009-04-05T07:52:52","date_gmt":"2009-04-05T04:52:52","guid":{"rendered":"http:\/\/www.korhanyilmaz.com\/?p=7667"},"modified":"2009-04-05T07:52:52","modified_gmt":"2009-04-05T04:52:52","slug":"neden-fatih-hoca","status":"publish","type":"post","link":"http:\/\/www.korhanyilmaz.com\/?p=7667","title":{"rendered":"Neden Fatih Hoca?"},"content":{"rendered":"<p style=\"text-align: center;\"><img loading=\"lazy\" decoding=\"async\" class=\"aligncenter size-full wp-image-7668\" title=\"Neden Fatih Hoca? \" src=\"http:\/\/www.korhanyilmaz.com\/wp-content\/uploads\/2009\/04\/050420090222443288122.jpg\" alt=\"Neden Fatih Hoca? \" width=\"329\" height=\"210\" \/><\/p>\n<p style=\"text-align: justify;\"><strong>&#8216;Golc\u00fc&#8217; krizi ya\u015fayan Milli Tak\u0131m&#8217;a 2 y\u0131ld\u0131r \u00e7a\u011fr\u0131lmayan Fatih Tekke ilk kez konu\u015ftu<\/strong>.<\/p>\n<p style=\"text-align: justify;\">* &#8220;B\u0130R futbolcu olarak de\u011fil, insan olarak merak ediyorum. Hangi hatam y\u00fcz\u00fcnden Milli Tak\u0131m&#8217;a \u00e7a\u011f\u0131rm\u0131yorlar beni? A\u00e7\u0131klas\u0131nlar, ben de bileyim, \u00f6z\u00fcr dileyeyim.&#8221;<\/p>\n<p style=\"text-align: justify;\">* &#8220;TER\u0130M&#8217;DEN \u00f6nce Milli Tak\u0131m&#8217;\u0131n golc\u00fcs\u00fc bendim. Birden tasfiye edildim. Zaman\u0131nda 38 ya\u015f\u0131ndaki Hakan \u015e\u00fck\u00fcr&#8217;\u00fc \u00e7a\u011f\u0131rd\u0131lar, beni 31 ya\u015f\u0131nda yok say\u0131yorlar.&#8221;<\/p>\n<p style=\"text-align: justify;\">* &#8220;EN az 10 ki\u015fi sayar\u0131m size, kendi tak\u0131m\u0131nda oynamad\u0131\u011f\u0131 halde Terim&#8217;in kadroya al\u0131p Milli Tak\u0131m&#8217;a kazand\u0131rd\u0131\u011f\u0131. Oysa ben Zenit&#8217;in en \u00e7ok gol atan adam\u0131y\u0131m.&#8221;<\/p>\n<p style=\"text-align: justify;\">* &#8220;UEFA finalinde oynad\u0131m ge\u00e7en y\u0131l. \u0130spanya ma\u00e7lar\u0131na \u00e7a\u011fr\u0131lmay\u0131 tecr\u00fcbemle, formumla hakediyordum. Ama beni izlemeye Rusya&#8217;ya bir ki\u015fi bile yollamad\u0131lar.&#8221;<!--more--><\/p>\n<p style=\"text-align: justify;\">D\u00dcNYA Kupas\u0131 Elemeleri&#8217;ndeki 6 ma\u00e7ta sadece 6 gol atabilen Milli Tak\u0131m&#8217;\u0131n santrfor sorunu ya\u015fad\u0131\u011f\u0131n\u0131 art\u0131k 6 ya\u015f\u0131ndaki \u00e7ocuklar bile biliyor.. Euro 2008&#8217;de ya\u015fad\u0131\u011f\u0131 sakatl\u0131\u011f\u0131n etkisinden hen\u00fcz kurtulamayan Nihat, F.Bah\u00e7e&#8217;de &#8216;Aragones&#8217;in att\u0131\u011f\u0131 k\u00f6r kuyudan&#8217; \u00e7\u0131kmaya \u00e7al\u0131\u015fan Semih, ka\u00e7\u0131rd\u0131\u011f\u0131 gollerle Trabzon&#8217;un liderlikten d\u00fc\u015fmesine sebep olan G\u00f6khan \u00dcnal ve Be\u015fikta\u015f&#8217;tayken bombo\u015f durumdaki arkada\u015f\u0131na pas vermeyip % 100 gol\u00fc ka\u00e7\u0131rd\u0131\u011f\u0131 F.Bah\u00e7e derbisinden sonra sarfetti\u011fi &#8216;Kimseyi kral yapmayacaks\u0131n.. Kral olacaks\u0131n&#8217; vecizesiyle futbol filozoflar\u0131n\u0131 dumura u\u011fratan Batuhan&#8217;a kalm\u0131\u015f durumda kaderimiz..<\/p>\n<p style=\"text-align: justify;\">BU ekiple 2010 umutlar\u0131n\u0131 nerdeyse rafa kald\u0131rd\u0131k.. Ama bir de herkesin merak etti\u011fi Fatih Tekke var.. 2 senedir Terim&#8217;in ambargosuna tak\u0131lan, ge\u00e7en seneki UEFA Kupas\u0131 finalinde Zenit formas\u0131yla &#8220;Ma\u00e7\u0131n adam\u0131&#8221; se\u00e7ilen Trabzonlu golc\u00fc.. Fatih&#8217;le \u00f6nceki g\u00fcn &#8220;anlaml\u0131&#8221; bir telefon konu\u015fmas\u0131 yapt\u0131k.. \u0130\u015fte Rusya&#8217;da adeta &#8216;milli s\u00fcrg\u00fcn&#8217; ya\u015fayan Fatih Tekke&#8217;nin anlatt\u0131klar\u0131:<\/p>\n<p style=\"text-align: justify;\"><strong>&#8217;46 DK. G\u00d6RMED\u0130M&#8217;<\/strong><\/p>\n<p style=\"text-align: justify;\">&#8220;FAT\u0130H Hoca&#8217;n\u0131n beni neden Milli Tak\u0131m&#8217;a \u00e7a\u011f\u0131rmad\u0131\u011f\u0131n\u0131 cidden bilmiyorum ve sebebini \u00f6\u011frenmek istiyorum.. Tam 2 sene oldu.. Bu s\u00fcre\u00e7te hi\u00e7 kamuoyuna \u00e7\u0131kmad\u0131m, olay yaratmad\u0131m, Terim&#8217;e sayg\u0131s\u0131zl\u0131k etmedim.. Ama bana doyurucu bir yan\u0131t vermeyi bile \u00e7ok g\u00f6r\u00fcyorlar.. Sizin gazete yazd\u0131, Malta ma\u00e7\u0131n\u0131n devre aras\u0131nda yapt\u0131\u011f\u0131m bir espriye bozuldu\u011fu s\u00f6ylendi.. Evet, \u00f6yle bir olay ya\u015fad\u0131k.. Yine de esas sebebin bu olup olmad\u0131\u011f\u0131n\u0131 bile bilmiyorum..&#8221;<\/p>\n<p style=\"text-align: justify;\">&#8220;\u0130\u015e\u0130N asl\u0131 \u015fu.. Fatih Hoca geldikten sonra Milli Tak\u0131m&#8217;dan tasfiye edilmek gibi bir durum ya\u015fad\u0131m.. Ondan \u00f6nce Milli Tak\u0131m&#8217;\u0131n forvetiydim ve 11 ma\u00e7ta 7 gol\u00fcm vard\u0131.. Fatih Hoca gelir gelmez Bulgar ma\u00e7\u0131nda oynatt\u0131.. \u0130lk devre gol att\u0131m, &#8216;Tamam dur, sen g\u00f6revini yapt\u0131n&#8217; dedi, devre aras\u0131nda d\u0131\u015far\u0131 \u00e7\u0131kard\u0131.. Malta ma\u00e7\u0131nda 45 dk. \u015fans verdi.. Zaten Terim&#8217;le 46 dakikay\u0131 hi\u00e7 g\u00f6remedim.. Sonra da hi\u00e7 \u00e7a\u011f\u0131rmamaya ba\u015flad\u0131..&#8221;<\/p>\n<p style=\"text-align: justify;\"><strong>&#8216;BEN\u0130 UNUTTULAR&#8217;<\/strong><\/p>\n<p style=\"text-align: justify;\">&#8220;BU noktada ne hata yapt\u0131\u011f\u0131m\u0131 ben de bilmek istiyorum.. Bunu futbolcu egosuyla de\u011fil, insani a\u00e7\u0131dan soruyorum.. \u00c7\u00fcnk\u00fc hatam varsa \u00f6z\u00fcr dilerim, bir daha tekrarlamam.. Zaten hata yapt\u0131ysam da bilmeden yapm\u0131\u015f\u0131md\u0131r.. \u015eu halime bak\u0131n.. Burada, Rusya&#8217;da benimle gereken diyalo\u011fun kurulmamas\u0131 i\u00e7imi ac\u0131t\u0131yor.. Biz de bu vatan\u0131n evlad\u0131y\u0131z.. Her ma\u00e7tan \u00f6nce umutla bekliyorum.. Samimi olarak s\u00f6yleyeyim \u0130spanya ma\u00e7lar\u0131ndan \u00f6nce de bekledim..&#8221;<\/p>\n<p style=\"text-align: justify;\">&#8220;\u00c7\u00dcNK\u00dc Zenit&#8217;teki performans\u0131m iyi.. Trabzon&#8217;dakinden daha olgun bir futbol oynuyorum.. En \u00e7ok gol atan oyunculardan biriyim.. Ama buraya beni izlemeye hi\u00e7 kimse gelmedi.. Hocama beni soran olmad\u0131.. Defterden silindim.. Madrid&#8217;deki ma\u00e7\u0131 izlerken i\u00e7im i\u00e7imi yedi.. Sonu\u00e7ta ge\u00e7en sezon UEFA Kupas\u0131&#8217;n\u0131 kazanm\u0131\u015f tak\u0131m\u0131n golc\u00fcs\u00fcy\u00fcm.. Tecr\u00fcbem var, Bernabeu&#8217;nun atmosferini daha \u00f6nce ya\u015fad\u0131m.. Avrupa&#8217;n\u0131n g\u00fc\u00e7l\u00fc tak\u0131mlar\u0131na kar\u015f\u0131 oynad\u0131m.. Milli Tak\u0131m&#8217;a girmeyi kesinlikle hakediyorum.. Normalde her zaman bu kadroda yer bulurum.. Bulamazsam da kendi kalitemden \u015f\u00fcphe ederim..&#8221;<\/p>\n<p style=\"text-align: justify;\"><strong>&#8217;10 TANE ADAMI VAR&#8217;<\/strong><\/p>\n<p style=\"text-align: justify;\">&#8220;D\u0130YORLAR ki, &#8217;31 ya\u015f\u0131na geldin, belki de ya\u015fland\u0131n.&#8217; G\u00fcl\u00fcyorum.. Daha \u00f6nce 38 ya\u015f\u0131ndayken Hakan a\u011fabeyi \u00e7a\u011f\u0131rd\u0131lar kadroya.. 31&#8217;in \u00fcst\u00fcnde ka\u00e7 ki\u015fi \u00e7a\u011f\u0131rd\u0131lar, say\u0131n bak\u0131n.. Birilerini kurtarmak i\u00e7in baz\u0131 hareketler yap\u0131l\u0131yor.. Kendi tak\u0131mlar\u0131nda oynamayanlar kadroya giriyor.. B\u00f6yle 10 ki\u015fi sayar\u0131m size, Fatih Hoca&#8217;n\u0131n al\u0131p Milli Tak\u0131m&#8217;a kazand\u0131rd\u0131\u011f\u0131.. Demek ki, onlar\u0131n istedi\u011fi gibi biri olmad\u0131m.. Milli formay\u0131 giyemedi\u011fim i\u00e7in kendi kul\u00fcb\u00fcmde de zorlan\u0131yorum, bana farkl\u0131 bak\u0131ld\u0131\u011f\u0131n\u0131 d\u00fc\u015f\u00fcn\u00fcyorum, \u00fcz\u00fcl\u00fcyorum.. Belki daha b\u00fcy\u00fck tak\u0131mlara transfer olma \u015fans\u0131m azal\u0131yor..&#8221;<\/p>\n<p style=\"text-align: justify;\">&#8220;B\u0130Z\u0130M Milli Tak\u0131m a\u015f\u0131r\u0131 atak g\u00f6r\u00fcnt\u00fc veriyor ama \u00e7ok fazla pozisyona giremiyor.. \u0130yi m\u00fccadele ediyorlar sadece.. Bence benim gibi bitirici bir santrfora ihtiya\u00e7lar\u0131 var.. Faydal\u0131 olaca\u011f\u0131m\u0131 da biliyorum.. Ve sizin arac\u0131l\u0131\u011f\u0131n\u0131zda sormak istiyorum: &#8216;Neden Fatih Hoca?&#8217; Neden beni Milli Tak\u0131m&#8217;dan uzakla\u015ft\u0131rd\u0131\u011f\u0131n\u0131 kamuoyuna a\u00e7\u0131klamas\u0131n\u0131 bekliyorum.. Ger\u00e7ekleri \u00f6\u011frenmek insani hakk\u0131m.. Ve ayr\u0131ca kimsenin akl\u0131na yanl\u0131\u015f \u015feyler gelmesin.. Milli Tak\u0131m&#8217;dan vazge\u00e7emem.. H\u00e2l\u00e2 \u00e7a\u011fr\u0131lmay\u0131 bekliyorum.. Ne zaman \u00e7a\u011f\u0131rsalar bir asker gibi hizmet ederim milli formaya..&#8221;<\/p>\n<p style=\"text-align: justify;\"><strong>&#8216;Sorunum yok&#8217; diyor ama yine de kadroya alm\u0131yor<\/strong><\/p>\n<p style=\"text-align: justify;\">2-1&#8217;L\u0130K \u0130spanya yenilgisinden sonra medya mensuplar\u0131 Terim&#8217;e sordu: &#8220;Hocam niye Fatih Tekke&#8217;yi kadroya alm\u0131yorsunuz?&#8221; Terim&#8217;in cevab\u0131 \u015f\u00f6yle oldu: &#8220;Bu soruyu soran siz, Taner G\u00fclleri&#8217;ye haks\u0131zl\u0131k ediyorsunuz.. Kocaeli&#8217;yi nereye ta\u015f\u0131d\u0131\u011f\u0131n\u0131 hepimiz g\u00f6r\u00fcyoruz. Fatih&#8217;i en iyi zaman\u0131nda oynatt\u0131m. Onunla bir sorunum yok. \u0130htiya\u00e7 duydu\u011fumda al\u0131r\u0131m.&#8221;<\/p>\n<p style=\"text-align: justify;\"><span style=\"color: #888888;\">Kaynak : \u0130brahim Seten &#8211; Vatan<\/span><\/p>\n","protected":false},"excerpt":{"rendered":"<p style=\"text-align: center;\">\n<p style=\"text-align: justify;\">&#8216;Golc\u00fc&#8217; krizi ya\u015fayan Milli Tak\u0131m&#8217;a 2 y\u0131ld\u0131r \u00e7a\u011fr\u0131lmayan Fatih Tekke ilk kez konu\u015ftu.<\/p>\n<p style=\"text-align: justify;\">* &#8220;B\u0130R futbolcu olarak de\u011fil, insan olarak merak ediyorum. Hangi hatam y\u00fcz\u00fcnden Milli Tak\u0131m&#8217;a \u00e7a\u011f\u0131rm\u0131yorlar beni? A\u00e7\u0131klas\u0131nlar, ben de bileyim, \u00f6z\u00fcr dileyeyim.&#8221;<\/p>\n<p style=\"text-align: justify;\">* &#8220;TER\u0130M&#8217;DEN \u00f6nce Milli Tak\u0131m&#8217;\u0131n golc\u00fcs\u00fc bendim. Birden tasfiye edildim. Zaman\u0131nda <\/p>\n","protected":false},"author":1,"featured_media":0,"comment_status":"open","ping_status":"closed","sticky":false,"template":"","format":"standard","meta":{"footnotes":""},"categories":[42],"tags":[],"class_list":["post-7667","post","type-post","status-publish","format-standard","hentry","category-spor","odd"],"_links":{"self":[{"href":"http:\/\/www.korhanyilmaz.com\/index.php?rest_route=\/wp\/v2\/posts\/7667","targetHints":{"allow":["GET"]}}],"collection":[{"href":"http:\/\/www.korhanyilmaz.com\/index.php?rest_route=\/wp\/v2\/posts"}],"about":[{"href":"http:\/\/www.korhanyilmaz.com\/index.php?rest_route=\/wp\/v2\/types\/post"}],"author":[{"embeddable":true,"href":"http:\/\/www.korhanyilmaz.com\/index.php?rest_route=\/wp\/v2\/users\/1"}],"replies":[{"embeddable":true,"href":"http:\/\/www.korhanyilmaz.com\/index.php?rest_route=%2Fwp%2Fv2%2Fcomments&post=7667"}],"version-history":[{"count":0,"href":"http:\/\/www.korhanyilmaz.com\/index.php?rest_route=\/wp\/v2\/posts\/7667\/revisions"}],"wp:attachment":[{"href":"http:\/\/www.korhanyilmaz.com\/index.php?rest_route=%2Fwp%2Fv2%2Fmedia&parent=7667"}],"wp:term":[{"taxonomy":"category","embeddable":true,"href":"http:\/\/www.korhanyilmaz.com\/index.php?rest_route=%2Fwp%2Fv2%2Fcategories&post=7667"},{"taxonomy":"post_tag","embeddable":true,"href":"http:\/\/www.korhanyilmaz.com\/index.php?rest_route=%2Fwp%2Fv2%2Ftags&post=7667"}],"curies":[{"name":"wp","href":"https:\/\/api.w.org\/{rel}","templated":true}]}}