{"id":7662,"date":"2009-04-04T16:23:47","date_gmt":"2009-04-04T13:23:47","guid":{"rendered":"http:\/\/www.korhanyilmaz.com\/?p=7662"},"modified":"2009-04-04T16:23:47","modified_gmt":"2009-04-04T13:23:47","slug":"obama-garanti-verdi-%e2%80%98ok%e2%80%99-dedik","status":"publish","type":"post","link":"http:\/\/www.korhanyilmaz.com\/?p=7662","title":{"rendered":"Obama garanti verdi, \u2018OK\u2019 dedik!"},"content":{"rendered":"<p style=\"text-align: center;\"><img loading=\"lazy\" decoding=\"async\" class=\"aligncenter size-full wp-image-7663\" src=\"http:\/\/www.korhanyilmaz.com\/wp-content\/uploads\/2009\/04\/050420090350523160096.jpg\" alt=\"\" width=\"329\" height=\"210\" \/><\/p>\n<p style=\"text-align: justify;\"><strong>Obama garant\u00f6r olunca T\u00fcrkiye &#8216;oluru verdi&#8217; Rasmussen NATO Genel Sekreteri oldu<\/strong>.<\/p>\n<p style=\"text-align: justify;\">T\u00fcrkiye, ABD Ba\u015fkan\u0131 Obama&#8217;n\u0131n araya girmesiyle Danimarkal\u0131 Rasmussen&#8217;in NATO Genel Sekreterli\u011fi&#8217;ne vetosunu geri \u00e7ekti. Obama 4 konuda T\u00fcrkiye&#8217;ye garanti verdi:<\/p>\n<p style=\"text-align: justify;\">* Danimarka&#8217;da Roj TV&#8217;nin yay\u0131n\u0131 durdurulacak<\/p>\n<p style=\"text-align: justify;\">* Rasmussen karikat\u00fcr krizi nedeniyle \u0130slam d\u00fcnyas\u0131ndan \u00f6z\u00fcr dileyecek<\/p>\n<p style=\"text-align: justify;\">* Nato Genel Sekreteri&#8217;nin yard\u0131mc\u0131s\u0131 T\u00fcrk olacak<\/p>\n<p style=\"text-align: justify;\">* Nato komuta kademesinde T\u00fcrk komutanlar\u0131 olacak <!--more--><\/p>\n<p style=\"text-align: justify;\">NATO&#8217;NUN yeni genel sekreterinin belirlenmesi i\u00e7in T\u00fcrkiye ile ittifak\u0131n di\u011fer 27 \u00fcyesi aras\u0131ndaki restle\u015fme, iki g\u00fcn s\u00fcren s\u0131k\u0131 pazarl\u0131kla sonucunda tatl\u0131ya ba\u011fland\u0131. Temmuz sonunda g\u00f6rev s\u00fcresi dolacak Hollandal\u0131 NATO Genel Sekreteri Jaap de Hoop Scheffer&#8217;\u0131n yerine Danimarka Ba\u015fbakan\u0131 Anders Fogh Rasmussen&#8217;in getirilmesine kar\u015f\u0131 \u00e7\u0131kan T\u00fcrkiye, Obama&#8217;n\u0131n \u00e7ekincelerin giderilece\u011fine dair &#8220;garant\u00f6r&#8221; olmas\u0131yla atamaya onay verdi. \u0130\u015fte 2 g\u00fcn s\u00fcren zorlu pazarl\u0131\u011f\u0131n perde arkas\u0131&#8230;<\/p>\n<p style=\"text-align: justify;\"><strong>T\u00dcRK\u0130YE VETO ETT\u0130<\/strong> T\u00fcm NATO \u00fcyelerinin deste\u011fini alan Rasmussen&#8217;e T\u00fcrkiye, ter\u00f6r \u00f6rg\u00fct\u00fc PKK&#8217;n\u0131n Danimarka&#8217;dan yay\u0131n yapan kanal\u0131 Roj TV&#8217;nin kapat\u0131lmamas\u0131 ve \u0130slam d\u00fcnyas\u0131n\u0131n aya\u011fa kald\u0131ran Hz. Muhammed karikat\u00fcrlerinin yaratt\u0131\u011f\u0131 krizde tepkisiz kalmas\u0131 nedeniyle kar\u015f\u0131 \u00e7\u0131kt\u0131. Cuma ak\u015fam\u0131 Fransa&#8217;n\u0131n Strasbourg kentinde ba\u015flayan ve d\u00fcn Almanya&#8217;n\u0131n Kehl kentinde tamamlanan NATO zirvesinde, yeni genel sekreterin ad\u0131n\u0131 a\u00e7\u0131klamak isteyen \u00fcye \u00fclkeler, T\u00fcrkiye&#8217;nin sert direni\u015fiyle kar\u015f\u0131la\u015ft\u0131.<\/p>\n<p style=\"text-align: justify;\"><strong>L\u0130DERLERDEN G\u00dcL&#8217;E MARKAJ <\/strong>\u00d6nceki g\u00fcn Ba\u015fbakan Erdo\u011fan&#8217;\u0131n vetosunun ard\u0131ndan ak\u015fam yeme\u011finde T\u00fcrkiye&#8217;yi temsil eden Cumhurba\u015fkan\u0131 G\u00fcl&#8217;e bask\u0131 yap\u0131ld\u0131. T\u00fcm \u00fclkeler Rasmussen isminde hemfikir olduklar\u0131n\u0131 belirterek, G\u00fcl&#8217;den destek istedi. Toplant\u0131 aralar\u0131nda da Obama, Almanya Ba\u015fbakan\u0131 Angela Merkel ve Fransa Cumhurba\u015fkan\u0131 Nicolas Sarkozy, G\u00fcl&#8217;le g\u00f6r\u00fc\u015ferek ikna etmeye \u00e7al\u0131\u015ft\u0131.<\/p>\n<p style=\"text-align: justify;\"><strong>G\u00dcL: BURASI AB DE\u011e\u0130L<\/strong> Bu tart\u0131\u015fmalar s\u0131ras\u0131nda, di\u011fer adaylar\u0131n \u00e7ekilmesi de T\u00fcrkiye \u00fczerindeki bask\u0131y\u0131 art\u0131rd\u0131. Avrupal\u0131 temsilcilerin &#8220;AB i\u00e7inde biz bu karar\u0131 ald\u0131k&#8221; demesi \u00fczerine G\u00fcl&#8217;\u00fcn &#8220;Buras\u0131 AB de\u011fil, NATO. Karar\u0131 burada, birlikte al\u0131r\u0131z&#8221; yan\u0131t\u0131n\u0131 vermesi gerginli\u011fe neden oldu. \u0130lk g\u00fcn toplant\u0131lar bir uzla\u015fma sa\u011flanamadan sona erdi. \u0130kinci g\u00fcn g\u00f6r\u00fc\u015fmeleri de umutsuz ba\u015flad\u0131. Ancak zirveyi sonu\u00e7suz b\u0131rakmak istemeyen liderler s\u0131k\u0131 bir diplomasi trafi\u011fine giri\u015fti. \u0130talya Ba\u015fbakan\u0131 Silvio Berlusconi Erdo\u011fan&#8217;\u0131 arayarak ikna etmeye \u00e7al\u0131\u015ft\u0131.<\/p>\n<p style=\"text-align: justify;\"><strong>REHN TEHD\u0130T ETT\u0130-<\/strong> Bu s\u0131rada AB&#8217;nin geni\u015flemeden sorumlu \u00fcyesi Olli Rehn de &#8220;T\u00fcrkiye&#8217;nin Rasmusssen&#8217;i desteklememesi hata. Ankara&#8217;n\u0131n bu tavr\u0131, ifade \u00f6zg\u00fcrl\u00fc\u011f\u00fc a\u00e7\u0131s\u0131ndan T\u00fcrkiye&#8217;nin uyum d\u00fczeyinin sorgulanmas\u0131na yol a\u00e7acakt\u0131r&#8221; diyerek bask\u0131 giri\u015fimlerini s\u0131kla\u015ft\u0131rd\u0131.<\/p>\n<p style=\"text-align: justify;\"><strong>G\u00dcL OBAMA&#8217;YI KABUL ETT\u0130-<\/strong> Bir\u00e7ok \u00fclke lideri G\u00fcl ile g\u00f6r\u00fc\u015fme talebinde bulundu. Bu talepleri geri \u00e7eviren G\u00fcl sadece Obama&#8217;y\u0131 kabul etti. Obama ve G\u00fcl, bir saatten fazla g\u00f6r\u00fc\u015ft\u00fc. Bu g\u00f6r\u00fc\u015fmenin bir b\u00f6l\u00fcm\u00fcne, Rasmussen de \u00e7a\u011fr\u0131ld\u0131.<\/p>\n<p style=\"text-align: justify;\"><strong>OBAMA &#8216;GARANT\u00d6R\u00dcM&#8217; DED\u0130:<\/strong> G\u00fcl T\u00fcrkiye&#8217;nin endi\u015fe ve \u00e7ekincelerini anlatarak, bunlar\u0131n giderilmesi i\u00e7in yap\u0131lmas\u0131 gerekenleri dile getirdi. Obama da T\u00fcrkiye&#8217;nin beklentilerinin kar\u015f\u0131lanmas\u0131 konusunda &#8220;garant\u00f6r&#8221; oldu\u011funu s\u00f6yledi.<\/p>\n<p style=\"text-align: justify;\"><strong>VE &#8216;ONAY&#8217; \u00c7IKTI:<\/strong> Obama&#8217;n\u0131n verdi\u011fi garanti \u00fczerine G\u00fcl Rasmussen&#8217;in se\u00e7ilmesine onay verdi. G\u00f6r\u00fc\u015fmelerin t\u00fcm a\u015famalar\u0131ndan telefonla Erdo\u011fan&#8217;a da bilgi verildi.<\/p>\n<p style=\"text-align: justify;\"><strong>ROJ TV, KAR\u0130KAT\u00dcR KR\u0130Z\u0130 VE T\u00dcRK YARDIMCI:<\/strong> Obama&#8217;n\u0131n &#8216;garant\u00f6r&#8217; oldu\u011fu konular\u0131 Ba\u015fbakan Erdo\u011fan \u0130stanbul&#8217;da a\u00e7\u0131klad\u0131: &#8220;Obama, Danimarka&#8217;da Roj TV&#8217;nin yay\u0131n\u0131n\u0131n durdurulmas\u0131, \u0130slam \u00fclkeleriyle NATO aras\u0131nda bir irtibat\u0131n kurulabilmesi, Genel Sekreter&#8217;in birinci derecede yard\u0131mc\u0131lar\u0131 aras\u0131nda bir T\u00fcrk&#8217;\u00fcn bulunmas\u0131 ve komuta kademesinde \u00fcst d\u00fczey y\u00f6netimlerde bizim askerlerimizin bulunmas\u0131 gibi konularda garanti verdi. Temennimiz garantilerin yerine getirilmesi.&#8221;<\/p>\n<p style=\"text-align: justify;\"><strong>&#8220;T\u00fcrkiye ile yak\u0131n i\u015fbirli\u011fi yapaca\u011f\u0131m&#8221; <\/strong><\/p>\n<p style=\"text-align: justify;\">DAN\u0130MARKA Ba\u015fbakan\u0131 Rasmussen, NATO Genel Sekreterli\u011fi&#8217;ne se\u00e7ilmesinin ard\u0131ndan d\u00fczenledi\u011fi bas\u0131n toplant\u0131s\u0131nda &#8220;T\u00fcrkiye&#8217;nin endi\u015felerini tamamen anl\u0131yorum. T\u00fcrkiye ile yak\u0131n i\u015fbirli\u011fi i\u00e7inde olaca\u011f\u0131m. M\u00fcsl\u00fcman d\u00fcnyas\u0131 ile iyi ili\u015fkiler kuraca\u011f\u0131m&#8221; dedi. Rasmussen, Roj TV ile ilgili olarak gerekli kan\u0131tlar\u0131n\u0131 sa\u011flanmas\u0131 ve mahkemenin bu konuda karar almas\u0131 halinde Danimarka&#8217;n\u0131n da gerekeni yapaca\u011f\u0131n\u0131 ifade etti.<\/p>\n<p style=\"text-align: justify;\"><strong>G\u00fcl: Rehn talihsiz bir a\u00e7\u0131klama yapt\u0131<\/strong><\/p>\n<p style=\"text-align: justify;\">Cumhurba\u015ekanI Abdullah G\u00fcl, bas\u0131n toplant\u0131s\u0131nda &#8220;Obama&#8217;ya katk\u0131lar\u0131ndan dolay\u0131 te\u015fekk\u00fcr ediyorum, Rasmussen&#8217;e de ba\u015far\u0131lar diliyorum. Berlusconi de elinden gelen her t\u00fcrl\u00fc \u00e7al\u0131\u015fmay\u0131 yapt\u0131. Kendisine te\u015fekk\u00fcr ederiz&#8221; dedi. G\u00fcl, gazetecilerin Rehn&#8217;in, &#8216;AB ile ili\u015fkilere zarar verir&#8217; dedi\u011fini hat\u0131rlatmalar\u0131 \u00fczerine ise \u015funlar\u0131 s\u00f6yledi: &#8220;Biz NATO toplant\u0131s\u0131ndayd\u0131k, AB toplant\u0131s\u0131nda de\u011fildik. Bunu muhataplar\u0131m\u0131za da s\u00f6yledik. NATO&#8217;nun \u00fcyeleri, ama\u00e7lar\u0131 ve karar mekanizmalar\u0131 farkl\u0131d\u0131r. AB&#8217;de al\u0131nan karar NATO&#8217;da uygulan\u0131r diye bir \u015fey yoktur. Birazc\u0131k ho\u015f olmayan, talihsiz bir a\u00e7\u0131klamayd\u0131.&#8221;<\/p>\n<p style=\"text-align: justify;\"><strong>Obama: T\u00fcrkiye&#8217;ye te\u015fekk\u00fcr ederim<\/strong><\/p>\n<p style=\"text-align: justify;\">ABD Ba\u015fkan\u0131 Barack Obama, NATO&#8217;nun yeni genel sekreteri olarak Danimarka Ba\u015fbakan\u0131 Anders Fogh Rasmussen&#8217;in se\u00e7ilmesinin koordineli bir \u00e7aba oldu\u011funu belirterek, T\u00fcrkiye&#8217;ye, Rasmussen&#8217;e g\u00f6sterdi\u011fi g\u00fcvenden \u00f6t\u00fcr\u00fc te\u015fekk\u00fcr etti. Obama, NATO zirvesinin sonunda d\u00fczenledi\u011fi bas\u0131n toplant\u0131s\u0131nda, Rasmussen&#8217;in se\u00e7ilmesiyle ilgili olarak, &#8220;Koordineli bir \u00e7aba g\u00f6sterildi. T\u00fcrkiye&#8217;ye \u00f6zellikle te\u015fekk\u00fcr etmek istiyorum. G\u00fcvenlik konular\u0131n\u0131 ve kendi endi\u015felerini dile getirdikleri, ayr\u0131ca sonunda Rasmussen&#8217;e g\u00fcven g\u00f6sterdikleri i\u00e7in&#8221; dedi.<\/p>\n<p style=\"text-align: justify;\"><strong>Michelle&#8217;den Carla&#8217;ya 4 bin dolarl\u0131k akustik gitar <\/strong><\/p>\n<p style=\"text-align: justify;\">ABD Ba\u015fkan\u0131 Obama&#8217;n\u0131n e\u015fi Michelle Obama, Fransa Cumhurba\u015fkan\u0131 Sarkozy&#8217;nin e\u015fi Carla Bruni&#8217;ye gitar hediye etti. D\u00fcnyaca \u00fcnl\u00fc Gibson marka gitar\u0131n fiyat\u0131 4 bin dolar civar\u0131nda. Eski bir manken olan Carla Bruni, ayn\u0131 zamanda bir \u015fark\u0131c\u0131. \u015eimdiye kadar 3 alb\u00fcm \u00e7\u0131kard\u0131. \u0130lk kez NATO zirvesinde kar\u015f\u0131la\u015fan Obama ile Bruni, Cumhurba\u015fkan\u0131 G\u00fcl&#8217;\u00fcn e\u015fi Hayr\u00fcnnisa Han\u0131m&#8217;la da \u00e7ok s\u0131cak sohbet etti.<\/p>\n<p style=\"text-align: justify;\"><span style=\"color: #888888;\">Kaynak : Vatan<\/span><\/p>\n","protected":false},"excerpt":{"rendered":"<p style=\"text-align: center;\">\n<p style=\"text-align: justify;\">Obama garant\u00f6r olunca T\u00fcrkiye &#8216;oluru verdi&#8217; Rasmussen NATO Genel Sekreteri oldu.<\/p>\n<p style=\"text-align: justify;\">T\u00fcrkiye, ABD Ba\u015fkan\u0131 Obama&#8217;n\u0131n araya girmesiyle Danimarkal\u0131 Rasmussen&#8217;in NATO Genel Sekreterli\u011fi&#8217;ne vetosunu geri \u00e7ekti. Obama 4 konuda T\u00fcrkiye&#8217;ye garanti verdi:<\/p>\n<p style=\"text-align: justify;\">* Danimarka&#8217;da Roj TV&#8217;nin yay\u0131n\u0131 durdurulacak<\/p>\n<p style=\"text-align: justify;\">* Rasmussen karikat\u00fcr krizi nedeniyle \u0130slam d\u00fcnyas\u0131ndan <\/p>\n","protected":false},"author":1,"featured_media":0,"comment_status":"open","ping_status":"closed","sticky":false,"template":"","format":"standard","meta":{"footnotes":""},"categories":[105],"tags":[],"class_list":["post-7662","post","type-post","status-publish","format-standard","hentry","category-gundem","odd"],"_links":{"self":[{"href":"http:\/\/www.korhanyilmaz.com\/index.php?rest_route=\/wp\/v2\/posts\/7662","targetHints":{"allow":["GET"]}}],"collection":[{"href":"http:\/\/www.korhanyilmaz.com\/index.php?rest_route=\/wp\/v2\/posts"}],"about":[{"href":"http:\/\/www.korhanyilmaz.com\/index.php?rest_route=\/wp\/v2\/types\/post"}],"author":[{"embeddable":true,"href":"http:\/\/www.korhanyilmaz.com\/index.php?rest_route=\/wp\/v2\/users\/1"}],"replies":[{"embeddable":true,"href":"http:\/\/www.korhanyilmaz.com\/index.php?rest_route=%2Fwp%2Fv2%2Fcomments&post=7662"}],"version-history":[{"count":0,"href":"http:\/\/www.korhanyilmaz.com\/index.php?rest_route=\/wp\/v2\/posts\/7662\/revisions"}],"wp:attachment":[{"href":"http:\/\/www.korhanyilmaz.com\/index.php?rest_route=%2Fwp%2Fv2%2Fmedia&parent=7662"}],"wp:term":[{"taxonomy":"category","embeddable":true,"href":"http:\/\/www.korhanyilmaz.com\/index.php?rest_route=%2Fwp%2Fv2%2Fcategories&post=7662"},{"taxonomy":"post_tag","embeddable":true,"href":"http:\/\/www.korhanyilmaz.com\/index.php?rest_route=%2Fwp%2Fv2%2Ftags&post=7662"}],"curies":[{"name":"wp","href":"https:\/\/api.w.org\/{rel}","templated":true}]}}