{"id":7649,"date":"2009-04-05T07:37:50","date_gmt":"2009-04-05T04:37:50","guid":{"rendered":"http:\/\/www.korhanyilmaz.com\/?p=7649"},"modified":"2009-04-05T07:37:50","modified_gmt":"2009-04-05T04:37:50","slug":"ben-hala-iyi-bir-solcuyum","status":"publish","type":"post","link":"http:\/\/www.korhanyilmaz.com\/?p=7649","title":{"rendered":"Ben h\u00e2l\u00e2 iyi bir solcuyum"},"content":{"rendered":"<p style=\"text-align: center;\"><img loading=\"lazy\" decoding=\"async\" class=\"aligncenter size-full wp-image-7660\" src=\"http:\/\/www.korhanyilmaz.com\/wp-content\/uploads\/2009\/04\/030420091807513079718_31.jpg\" alt=\"\" width=\"315\" height=\"210\" \/><\/p>\n<p style=\"text-align: justify;\"><strong>Onu se\u00e7imlerden \u00f6nce \u00e7ok tart\u0131\u015f\u0131lan \u00e7ar\u015faf a\u00e7\u0131l\u0131m\u0131n\u0131 yapan adam olarak tan\u0131d\u0131k<\/strong>.<\/p>\n<p style=\"text-align: justify;\">Daha sonra kar\u015f\u0131m\u0131za CHP \u0130stanbul Belediye Ba\u015fkan aday\u0131 Kemal K\u0131l\u0131\u00e7daro\u011flu&#8217;yla ayr\u0131lmaz ikili olarak \u00e7\u0131kt\u0131. Se\u00e7im g\u00fcn\u00fc ise ekranlarda yapt\u0131\u011f\u0131 &#8220;Kazand\u0131k&#8221; a\u00e7\u0131klamas\u0131 ak\u0131llarda kald\u0131. CHP eski \u0130l Ba\u015fkan\u0131 G\u00fcrsel Tekin, solculuk ge\u00e7mi\u015fini ve kaybedi\u015f \u00f6yk\u00fclerini anlatt\u0131.<\/p>\n<p style=\"text-align: justify;\">Asl\u0131nda bu hafta ne se\u00e7imi yorumlayacak biriyle konu\u015fmak istiyordum, ne de yar\u0131\u015fa girmi\u015f bir adayla. M\u00fcmk\u00fcnse se\u00e7im oldu\u011funu bile bilmeyen biri varsa onu bulup -\u00fcstelik de baya\u011f\u0131 bir haber olurdu bu- onunla konu\u015fmak istiyordum.<br \/>\nAma herkes gibi se\u00e7im sonu\u00e7lar\u0131n\u0131 \u00f6\u011frenebilmek i\u00e7in pazar ak\u015fam\u0131 televizyonun kar\u015f\u0131s\u0131na ge\u00e7ti\u011fimde, daha sonra g\u00fcnlerce akl\u0131mdan \u00e7\u0131kmayacak bir ana \u015fahit oldum. CHP Eski \u0130l Ba\u015fkan\u0131 G\u00fcrsel Tekin saat san\u0131r\u0131m ona do\u011fru se\u00e7imi kazand\u0131klar\u0131yla ilgili bir a\u00e7\u0131klama yapt\u0131.<br \/>\n\u015eehrin bir yerlerinde hen\u00fcz oylar say\u0131l\u0131rken o kazand\u0131klar\u0131n\u0131 ilan etti, \u015f\u00fcphe bile duymadan&#8230;<!--more--><\/p>\n<p style=\"text-align: justify;\">S\u00f6yledi\u011fi do\u011fru \u00e7\u0131kmazsa, bu hi\u00e7 tan\u0131mad\u0131\u011f\u0131m insan\u0131 sonra \u00e7ok utand\u0131racakt\u0131r diye endi\u015felenerek o an ger\u00e7ekten kazanmalar\u0131n\u0131 istedim.<br \/>\n\u0130nsanlar\u0131 utand\u0131racak bir \u015feyler ba\u015flar\u0131na geldi\u011finde, ekran ba\u015f\u0131nda g\u00f6zlerini k\u0131san, o an\u0131 g\u00f6rmezsem seyretti\u011fim ki\u015fi de sanki o andan kurtulacakm\u0131\u015f gibi hisseden, hatta seyretmeye dayanamay\u0131p kanal de\u011fi\u015ftiren biriyim ben.<br \/>\nUtanabilmeyi severim&#8230; Cesaretli insanlar\u0131 severim&#8230; Bunlar\u0131n hi\u00e7birine ald\u0131rmayan insanlar\u0131 severim ama d\u00fc\u015ft\u00fc\u011f\u00fc durumu anlayamayan, yapt\u0131klar\u0131n\u0131n sonu\u00e7lar\u0131na ald\u0131rmayan insanlara \u00fcz\u00fcl\u00fcr\u00fcm.<\/p>\n<p style=\"text-align: justify;\"><img loading=\"lazy\" decoding=\"async\" class=\"alignleft size-full wp-image-7653\" style=\"margin: 5px 10px;\" title=\"Sanem Altan ve G\u00fcrsel Tekin\" src=\"http:\/\/www.korhanyilmaz.com\/wp-content\/uploads\/2009\/04\/030420091807413006117_3.jpg\" alt=\"\" width=\"250\" height=\"375\" \/><br \/>\n\u0130\u015fte o an G\u00fcrsel Tekin&#8217;le r\u00f6portaj yapmaya karar verdim. Nas\u0131lsa, kazansalar da kaybetseler de konu\u015fulacak \u00e7ok \u015fey olacakt\u0131.<br \/>\nG\u00fcrsel Tekin&#8217;i arad\u0131\u011f\u0131mda bir r\u00f6portaj kuyru\u011fu oldu\u011funu anlad\u0131m. Buna ald\u0131rmad\u0131m&#8230; Benim ger\u00e7ekten G\u00fcrsel Tekin&#8217;i g\u00f6rmem laz\u0131md\u0131.<br \/>\nAma r\u00f6portaj yapmaya bir kez karar verince de televizyonda g\u00f6rd\u00fc\u011f\u00fcm o an k\u00fc\u00e7\u00fck bir detay oldu akl\u0131mda, CHP denince sorulacak o kadar \u00e7ok soru vard\u0131 ki&#8230;<br \/>\nSabah\u0131n \u00e7ok erken bir saatinde bulu\u015ftuk.<br \/>\nSamimi ve sempatikti. \u0130yi biri diye d\u00fc\u015f\u00fcnd\u00fcm&#8230;<br \/>\nVe, kendini &#8220;o andan&#8221; dolay\u0131 k\u00f6t\u00fc hissetmi\u015fti.<br \/>\nBunu \u00f6ylesine do\u011fal ve i\u00e7ten anlat\u0131yordu ki utanmas\u0131na hi\u00e7 gerek yok diye d\u00fc\u015f\u00fcn\u00fcyordu insan&#8230;<\/p>\n<p style=\"text-align: justify;\"><strong>CHP&#8217;yi merak etmiyorum. Sizin samimi duygular\u0131n\u0131z\u0131n pe\u015findeyim. E\u011fer bunu kar\u015f\u0131l\u0131kl\u0131 becerebilirsek, sizden konu\u015fmak istiyorum. Kendinizi nas\u0131l hissediyorsunuz yenilmi\u015f mi kazanm\u0131\u015f m\u0131?<\/strong><br \/>\nBu se\u00e7im duygular\u0131m biraz kar\u0131\u015f\u0131k. \u00dc\u00e7 d\u00f6rt se\u00e7im g\u00f6rd\u00fcm, ilk defa bu se\u00e7imde gelecekle ilgili umutland\u0131m. Kazanabilirdik \u00e7\u00fcnk\u00fc&#8230; Bu se\u00e7imde toplumla \u00e7ok daha rahat diyalog kurduk. Biraz daha \u00e7aba sarf etseydik. Bir de say\u0131n Topba\u015f kar\u015f\u0131l\u0131kl\u0131 televizyona \u00e7\u0131kma teklifimizi kabul etseydi, silip ge\u00e7erdik. 64 g\u00fcn gitmedi\u011fimiz yer yok. Bir 64 g\u00fcn daha olsayd\u0131&#8230; Bize \u0130stanbul&#8217;da 2B kaybettirdi. Orman arazisi. Se\u00e7men de hakl\u0131. Tapu bekliyor. En zay\u0131f oldu\u011fumuz be\u015f il\u00e7ede bakt\u0131m hepsinde 2B sorunu var.<\/p>\n<p style=\"text-align: justify;\"><strong>Siz nerede hata yapm\u0131\u015f olabilirsiniz?<\/strong><br \/>\nStratejik hatalar\u0131m\u0131z ve eksiklerimiz oldu. Zaman problemimiz oldu. Alt\u0131 ay \u00f6nceden adaylar\u0131m\u0131z\u0131 a\u00e7\u0131klar\u0131z demi\u015ftik, bunu beceremedik. Kemal Bey&#8217;i d\u00f6rt ay \u00f6nce \u0130stanbul&#8217;a getirebilseydim farkl\u0131 olurdu. \u0130stanbul \u00e7evresi il\u00e7eler adeta birer Anadolu ili gibi. Oralar kendilerine benzer bir ba\u015fkan profili istiyor. Be\u015f-alt\u0131 il\u00e7emizde bu hatay\u0131 yapt\u0131k. B\u00f6lgeye uygun aday \u00e7\u0131karamad\u0131k. 12 il\u00e7e ald\u0131k. 6 il\u00e7eyi \u00e7ok az oyla kaybettik. \u0130\u00e7im yan\u0131yor. \u00c7ok \u00fcz\u00fcld\u00fcm buralara. \u00c7ok az paralarla, 4 milyon lira ile kampanya y\u00fcr\u00fctt\u00fck \u00e7\u00fcnk\u00fc. Ama istedi\u011fimiz \u015feyleri yapamad\u0131k. Kampanyay\u0131 Ba\u015fbakan y\u00fcr\u00fctt\u00fc. Topba\u015f y\u00fcr\u00fctmedi.\n<\/p>\n<p style=\"text-align: justify;\"><strong>&#8220;Kazand\u0131k&#8221; a\u00e7\u0131klamas\u0131n\u0131 yapt\u0131\u011f\u0131m i\u00e7in kendimi k\u00f6t\u00fc hissettim<\/strong><\/p>\n<p style=\"text-align: justify;\"><strong>Se\u00e7im gecesi kesin sonu\u00e7lar\u0131n a\u00e7\u0131klanmas\u0131na daha \u00e7ok varken, televizyonlara \u00e7\u0131k\u0131p &#8220;Kazand\u0131k&#8221; dediniz. Bunu niye yapt\u0131\u011f\u0131n\u0131z\u0131 merak ediyorum ama \u00f6ncesinde \u015funu sormak istiyorum. \u0130nsan kalabal\u0131klar \u00f6n\u00fcnde yanl\u0131\u015f bir \u015fey yapt\u0131\u011f\u0131nda \u00e7ok utan\u0131r ya, siz de kazanamay\u0131nca kendinizi \u00e7ok k\u00f6t\u00fc hissettiniz mi, tuhaf bir rezil olma duygusu kaplar insan\u0131n i\u00e7ini san\u0131r\u0131m, \u00f6yle de\u011fil mi?<\/strong><br \/>\nSahada g\u00f6revlendirdi\u011fimiz arkada\u015flar\u0131m\u0131zdan gelen haberlere g\u00f6re biz kazanm\u0131\u015ft\u0131k. Belki toplama hatas\u0131 oldu. Resm\u00ee bir a\u00e7\u0131klama de\u011fildi tabii. Ama sonra kendimi k\u00f6t\u00fc hissettim. Haberleri veren arkada\u015flar\u0131m\u0131zda da hata olabilir ama se\u00e7im sonu\u00e7lar\u0131na bakt\u0131\u011f\u0131n\u0131zda \u00e7ok ciddi say\u0131m hatalar\u0131 var.<br \/>\nTekrar il ba\u015fkan\u0131 olmam i\u00e7in bask\u0131 ve istek var, g\u00f6revden ka\u00e7amam<\/p>\n<p style=\"text-align: justify;\"><strong>Ge\u00e7ti\u011fimiz kas\u0131m ay\u0131nda daha \u0130stanbul aday\u0131n\u0131z bile belli de\u011filken yine televizyonda &#8220;\u0130stanbul&#8217;u alamazsam istifa ederim&#8221; dediniz. Ama bu arada se\u00e7imler yap\u0131lmadan il ba\u015fkanl\u0131\u011f\u0131ndan istifa ettiniz, \u00e7\u00fcnk\u00fc il meclis ba\u015fkanl\u0131\u011f\u0131na aday oldunuz. \u0130kisi ayn\u0131 anda olam\u0131yordu. \u015eimdi ne olacak peki? Kaybettiniz&#8230;<\/strong><br \/>\nBen \u015fu anda B\u00fcy\u00fck\u015fehir meclis \u00fcyesiyim. \u0130l ba\u015fkan\u0131 de\u011filim.<\/p>\n<p style=\"text-align: justify;\"><strong>\u015eimdi bizden, bu istifan\u0131z\u0131, kaybedince etmeniz gereken istifa yerine mi saymam\u0131z\u0131 m\u0131 istiyorsunuz?<\/strong><br \/>\nAma istifa etmi\u015fim zaten, ne yapay\u0131m \u015fimdi? Daha \u00f6nce istifa etmesem \u015fu an teredd\u00fcts\u00fcz ederdim. Demi\u015fim bir kere.<\/p>\n<p style=\"text-align: justify;\"><strong>\u015eu an il ba\u015fkan\u0131n\u0131z yok. Bence tekrar siz olacaks\u0131n\u0131z ya da genel sekreter olacaks\u0131n\u0131z. Kulislerde bunlar konu\u015fuluyor..<\/strong><br \/>\nBir bask\u0131 ve istek var zaten. Partim isterse olaca\u011f\u0131m. &#8220;\u00dc\u00e7-be\u015f g\u00fcn kafam\u0131 dinleyeyim, muhasebesini edeyim, m\u00fcsaade edin&#8221; dedim. Bekliyorum \u015fu anda. G\u00f6rev verilirse ka\u00e7amam tabii ki.<\/p>\n<p style=\"text-align: justify;\"><strong>Bir de se\u00e7im \u00f6ncesi listelere k\u0131z\u0131p istifa ettiniz. Ger\u00e7i sonra etmedim dediniz ama san\u0131r\u0131m \u00f6yle bir haber \u00e7\u0131kmas\u0131 o g\u00fcn i\u00e7in elinizi g\u00fc\u00e7lendirdi.<\/strong><img loading=\"lazy\" decoding=\"async\" class=\"alignright size-full wp-image-7654\" style=\"margin: 5px 10px;\" src=\"http:\/\/www.korhanyilmaz.com\/wp-content\/uploads\/2009\/04\/030420091807463013582_3.jpg\" alt=\"\" width=\"400\" height=\"270\" \/><br \/>\nYok \u00f6yle de\u011fil ama bug\u00fcn hakl\u0131 \u00e7\u0131kt\u0131m ben o meselede. Belli il\u00e7elerde \u00e7ok farkl\u0131 planlar\u0131m\u0131z vard\u0131. \u0130nsan\u0131z i\u015fte. Sinirlerimize hakim olamad\u0131\u011f\u0131m\u0131z oluyor. Belediye ba\u015fkanlar\u0131 adaylar\u0131nda sorun oldu, listelerde \u00f6rg\u00fctlerimiz by pass edildi. Y\u00fczde 35-40 kad\u0131n olsun istiyordum, olmad\u0131. \u00dcst \u00fcste olmayanlar olunca patlad\u0131m. Deniz Baykal m\u00fcdahale etti bir k\u0131sm\u0131na, bir k\u0131sm\u0131 m\u00fcdahaleyi ge\u00e7mi\u015fti.<br \/>\nAnnem ve ablam kapal\u0131 \u00f6zg\u00fcrl\u00fckleri k\u0131s\u0131tlayamam<\/p>\n<p style=\"text-align: justify;\"><strong>\u00c7ar\u015faf a\u00e7\u0131l\u0131m\u0131n\u0131 da siz yapt\u0131n\u0131z. Ate\u015fli savunucusu oldunuz. Sonra \u00c7icek Bar&#8217;da halkla beraber oturup konu\u015ftu\u011funuzda &#8220;Bunu oy i\u00e7in yapt\u0131k, ne yapsayd\u0131k yani&#8221; dediniz. S\u00f6zlerinizi de\u011fi\u015ftirmeniz ya da tutmaman\u0131z sizi g\u00fcvenilmez yapmaz m\u0131, bundan \u00e7ekinmez misiniz?<\/strong><br \/>\nTabii ki \u00e7ekinirim. Ama niye g\u00fcveni zedelesin. Hele bu T\u00fcrkiye&#8217;de. Ayr\u0131ca b\u00f6yle bir laf etmedim. Vakit gazetesi yapt\u0131 bunu. Hi\u00e7bir g\u00fcn b\u00f6yle bir \u015fey demedim. Sol da\u011f\u0131lm\u0131\u015f bir durumda. Bir\u00e7ok arkada\u015f\u0131m\u0131 geri ald\u0131m. Merkez sa\u011fdan 9 belediye ba\u015fkan\u0131n\u0131 partiye ald\u0131m. 30 bin kat\u0131l\u0131m t\u00f6reni yapt\u0131k. 70 binin \u00fczerinde partiye kat\u0131l\u0131m oldu. \u00c7ar\u015fafl\u0131 k\u0131sm\u0131 bunun sadece bir par\u00e7as\u0131. Sosyal demokrat bir partiyiz&#8230;<\/p>\n<p style=\"text-align: justify;\"><strong>Ama partiniz t\u00fcrban yasas\u0131s\u0131n\u0131 Anayasa Mahkemesi&#8217;nde iptal ettirdi. O zaman da bir iddiaya g\u00f6re sosyal demokratt\u0131n\u0131z&#8230; Bu bir \u00e7eli\u015fki gibi g\u00f6z\u00fckm\u00fcyor mu size ger\u00e7ekten?<\/strong><br \/>\nBenim annem kapal\u0131, ablam kapal\u0131. Ben neden \u00f6zg\u00fcrl\u00fckleri k\u0131s\u0131tlayan bir duru\u015f sergileyeyim. Benim \u00f6yle bir s\u00f6ylemim olmaz. O g\u00fcnk\u00fc \u00e7ar\u015fafl\u0131 kad\u0131na rozet takma i\u015fi de inan\u0131n tezgah de\u011fil. O an oldu, bilmiyorduk. AKP&#8217;den ciddi kopu\u015flar vard\u0131. &#8220;Sultangazi&#8217;den 7 bin ki\u015fi partinize kat\u0131lmak istiyoruz&#8221; dediler. &#8220;Gelin&#8221; dedik. Geldiler, \u00f6yle geldiler. Orada g\u00f6rd\u00fck biz o insanlar\u0131. Deniz Baykal o rozeti takmasayd\u0131 ben il ba\u015fkanl\u0131\u011f\u0131n\u0131 b\u0131rak\u0131rd\u0131m. O noktada insan ay\u0131ramazs\u0131n. Zaten de ben ay\u0131rmam. Ne kadar ay\u0131p bir \u015fey.\n<\/p>\n<p style=\"text-align: justify;\"><strong>Ba\u015fkan olma hayalim var tabii ki partimiz g\u00f6rev verirse<\/strong><\/p>\n<p style=\"text-align: justify;\"><strong>Siz neden belediye ba\u015fkan aday\u0131 olmad\u0131n\u0131z? 13 y\u0131l Kad\u0131k\u00f6y Belediye Ba\u015fkan yard\u0131mc\u0131s\u0131yd\u0131n\u0131z. \u0130\u00e7inizde mutlaka ba\u015fkan olma hayali vard\u0131r.<\/strong><br \/>\n\u0130stemez olur muyum, tabii ki isterim. Partimiz g\u00f6rev verirse. Kemal Bey&#8217;in adayl\u0131\u011f\u0131 kesinle\u015fmeden 50 g\u00fcn \u00f6nce ona teklifi yapan benim. \u0130stanbul&#8217;u anlatt\u0131m. Kamuoyu ve bas\u0131nda ald\u0131\u011f\u0131m tepki Kemal Bey&#8217;in oy oran\u0131n\u0131 art\u0131rabilece\u011fini d\u00fc\u015f\u00fcnd\u00fc\u011f\u00fcm i\u00e7in faydal\u0131 olacak oydu.<\/p>\n<p style=\"text-align: justify;\"><strong>\u0130l ba\u015fkan\u0131 ne yapar peki? Parti il ba\u015fkanlar\u0131n\u0131n adlar\u0131n\u0131 bilmeyiz, onlar\u0131 tan\u0131may\u0131z. Oysa sizi tan\u0131mayan yok. R\u00f6portaj yapmak i\u00e7in bile bir kuyruk var. Siz niye bu kadar \u00f6n plandas\u0131n\u0131z? <\/strong><br \/>\n\u0130l ba\u015fkan\u0131 adeta partisini pazarlar. Bir bankan\u0131n b\u00f6lge m\u00fcd\u00fcr\u00fc olsan\u0131z ne yaparsan\u0131z o&#8230; 163 bilim adam\u0131yla koca bir yaz \u00e7al\u0131\u015ft\u0131m. Su sempozyumu yapmak benim g\u00f6revim de\u011fil. Al\u0131\u015fagelmi\u015f de\u011fil bir kere. Ben al\u0131\u015fagelmi\u015fleri k\u0131rmak istedim. Partisini toplumla birle\u015ftirmeli. O y\u00fczden dikkat \u00e7ekiyor. Kad\u0131k\u00f6yde&#8217;de be\u015f ba\u015fkan yard\u0131mc\u0131s\u0131 vard\u0131 ama herkes beni tan\u0131rd\u0131. Hedefim bu de\u011fil ama projelerim, dikkat \u00e7ekiyor.\n<\/p>\n<p style=\"text-align: justify;\"><strong>A\u00e7 insana laiklik             hik\u00e2ye gibi geliyor<\/strong><\/p>\n<p style=\"text-align: justify;\"><strong>AKP i\u00e7in bu se\u00e7imde halk mesaj\u0131n\u0131 verdi diyoruz ya. Halk CHP&#8217;ye ne dedi sizce?<br \/>\nSe\u00e7men CHP&#8217;yi neden tercih etmiyor? Ecevit d\u00f6nemi d\u0131\u015f\u0131nda hi\u00e7 se\u00e7im kazanmad\u0131n\u0131z. Her se\u00e7imde geride kal\u0131p bundan kendinize sevin\u00e7 \u00e7\u0131kartmaktan s\u0131k\u0131lmad\u0131n\u0131z m\u0131? <\/strong><br \/>\nCiddi eksiklerimiz var. Giderece\u011fiz. Partilerle vatanda\u015f ayn\u0131 dili konu\u015fmal\u0131. Bunu yapmam\u0131z laz\u0131m.<\/p>\n<p style=\"text-align: justify;\"><strong>Bu se\u00e7imde hi\u00e7 laiklik tart\u0131\u015fmas\u0131n\u0131 g\u00fcndeme getirmediniz ve oylar\u0131n\u0131z artt\u0131. Bundan nas\u0131l bir sonu\u00e7 \u00e7\u0131kard\u0131n\u0131z?<\/strong><br \/>\nBuna gerek yoktu. Millet a\u00e7. Beklenti ba\u015fka. O s\u00f6yleme ihtiya\u00e7 yoktu da ondan. A\u00e7 insana laiklik desen hik\u00e2ye geliyor. A\u00e7, sa\u011fl\u0131k sorunu var bunu duymak istiyor adam.<\/p>\n<p style=\"text-align: justify;\"><strong> Bildi\u011fim kadar\u0131yla daha \u00e7ocuklu\u011funuzda sol ideolojiyi benimsemi\u015f bir insans\u0131n\u0131z. Gen\u00e7li\u011finizde iyi bir solcuydunuz. Sizce CHP sol bir parti mi?<\/strong><br \/>\nZor soru soruyorsunuz. B\u00f6yle a\u011f\u0131r sorular sormay\u0131n. Ben h\u00e2l\u00e2 iyi bir solcuyum. \u015eeye benzedi bu; rahmetli \u00d6zal ilk kez Kars&#8217;a gidiyor. \u0130l ba\u015fkan\u0131na &#8220;Bana bir Kars&#8217;\u0131 anlat&#8221; diyor. Adam ba\u015fl\u0131yor, &#8220;Kars kozmopolit bir yer. Azeri var, K\u00fcrt var, T\u00fcrk var, terekemeler var.&#8221; \u00d6zal anlam\u0131yor tabii. &#8220;Terekeme nedir&#8221; diyor. \u0130l ba\u015fkan\u0131 da bilmiyor tabii &#8220;Say\u0131n Ba\u015fbakan&#8217;\u0131m o da kendine g\u00f6re bir millettir&#8221; diyor. Biz de kendimize g\u00f6re sol partiyiz i\u015fte. Nedeni ise, 12 Eyl\u00fcl darbesi b\u00fcy\u00fck tahribat yaratt\u0131. Bir\u00e7ok insan\u0131 yok ettiler. Bug\u00fcn darbecilere k\u0131zanlar, darbecilerden en \u00e7ok memnun olan olmal\u0131, \u00e7\u00fcnk\u00fc b\u00fcg\u00fcnk\u00fc iktidar\u0131n var olmas\u0131n\u0131n sebebi 12 Eyl\u00fcl darbesidir. AKP yoksulun partisi olabilir mi ya? Yoksulluktan geldiler belki ama \u015fimdi ne oldular? Ya\u015fant\u0131lar\u0131n\u0131 g\u00f6rm\u00fcyor musunuz? Ger\u00e7ek tabanlar\u0131n\u0131 \u00e7oktan terk ettiler. \u00c7ar\u015faflar\u0131n yerini Hermes ba\u015f\u00f6rt\u00fcler ald\u0131. Altlar\u0131nda Mercedesler.<\/p>\n<p style=\"text-align: justify;\"><strong>Genel Ba\u015fkan\u0131n\u0131z Deniz Baykal kendisini Ergenekon&#8217;un avukat\u0131 ilan etmi\u015fti. Siz de ayn\u0131 g\u00f6r\u00fc\u015f\u00fc ve duygular\u0131 payla\u015f\u0131yor musunuz? Ergenekon&#8217;un avukat\u0131 m\u0131s\u0131n\u0131z?<\/strong><br \/>\nErgenekon \u00f6yle dejenere edildi ki! Say\u0131n Genel Ba\u015fkan\u0131m\u0131z&#8217;\u0131n ne dedi\u011fi anla\u015f\u0131lmad\u0131, belki biz de anlatamad\u0131k. Ba\u015fbakan &#8220;Savc\u0131s\u0131y\u0131m&#8221; deyince ortaya \u00e7\u0131km\u0131\u015f bir laft\u0131r o. Yoksa darbeleri desteklemek, \u00e7eteleri savunmak m\u00fcmk\u00fcn m\u00fcd\u00fcr? Binlerce insan katledildi, bunlar\u0131n hesab\u0131 sorulsun buna bir \u015fey demeyiz. Ama mesela Kuddusi Okk\u0131r&#8217;\u0131 \u00e7ok iyi tan\u0131r\u0131m, bu adam\u0131n nesi \u00e7ete ya. Kasa dediler, infaz ettiler adam\u0131. Kendi ya\u011f\u0131yla ge\u00e7inmeye \u00e7al\u0131\u015fan biriydi. Benden farkl\u0131 d\u00fc\u015f\u00fcn\u00fcyordu ama b\u00f6yle de olmaz.\n<\/p>\n<p style=\"text-align: justify;\"><strong>Ergenekon&#8217;un i\u00e7inde           \u0130lhan Sel\u00e7uk&#8217;un \t\tolmamas\u0131n\u0131 umut ediyorum<\/strong><\/p>\n<p style=\"text-align: justify;\"><strong>Cumhuriyet gazetesi okudu\u011funuzu s\u00f6ylemi\u015ftiniz gen\u00e7li\u011finizde. Siz h\u00e2l\u00e2 Cumhuriyet okuyor musunuz? <\/strong><br \/>\nYarg\u0131ya intikal etmi\u015f bir mesele ama ben inanmak istemiyorum olanlara. \u0130lhan Sel\u00e7uk&#8217;un falan olmamas\u0131n\u0131 umut ediyorum. Yak\u0131\u015ft\u0131rm\u0131yorum. Cumhuriyet yazarlar\u0131n\u0131n hepsi 12 Eyl\u00fcl&#8217;de a\u011f\u0131r bedel \u00f6demi\u015f, bu kadar ma\u011fdur bir gazete bug\u00fcn bunlar\u0131 m\u0131 savunur? Yaland\u0131r umar\u0131m hepsi.<\/p>\n<p style=\"text-align: justify;\"><strong> Peki, askerin siyasete m\u00fcdahalesi konusunda ne d\u00fc\u015f\u00fcn\u00fcyorsunuz?<\/strong><img loading=\"lazy\" decoding=\"async\" class=\"alignleft size-full wp-image-7655\" style=\"margin: 5px 10px;\" src=\"http:\/\/www.korhanyilmaz.com\/wp-content\/uploads\/2009\/04\/030420091807513079718_3.jpg\" alt=\"\" width=\"350\" height=\"233\" \/><br \/>\nDarbe anlay\u0131\u015f\u0131 desteklenemez bana soruyorsan\u0131z. Bu \u00fclkede ya\u015fanan b\u00fct\u00fcn sorunlar\u0131n nedeni, sorumlusu darbelerdir. CHP darbe ma\u011fduru bir siyasi partidir. Bir siyasi parti darbeyi savunabilir mi?\n<\/p>\n<p style=\"text-align: justify;\"><strong>Deniz Bey&#8217;le \u00e7ok yak\u0131n\u0131zd\u0131r bana \u00e7ok itibar eder<\/strong><\/p>\n<p style=\"text-align: justify;\"><strong> Siz Deniz Baykal&#8217;la a\u00e7\u0131k a\u00e7\u0131k konu\u015fabilir misiniz? Akl\u0131n\u0131z\u0131n yatmad\u0131\u011f\u0131 bir \u015feyi s\u00f6yleyebilir misiniz? Yanl\u0131\u015f yap\u0131yoruz diyebilir misiniz?<\/strong><br \/>\nDerim tabii. Beni \u00e7ok sever. \u00c7ok yak\u0131n\u0131zd\u0131r. Bana \u00e7ok itibar eder. Arar\u0131m &#8220;\u015e\u00f6yle deseniz, b\u00f6yle deseniz&#8221; derim. \u00c7ok yak\u0131ndan tan\u0131yorum. Kadrolar\u0131n\u0131 hi\u00e7 sayan biri de\u011fildir. Baz\u0131 ele\u015ftirileri hi\u00e7 hak etmiyor. Ama biz kendimizi anlatam\u0131yoruz demek ki. De\u011fi\u015fmemiz laz\u0131m. \u00c7ok a\u00e7\u0131k bir insand\u0131r Deniz Baykal. \u0130stanbul&#8217;daki ba\u015far\u0131m\u0131z\u0131n tek sebebidir. \u0130l ba\u015fkan\u0131 atand\u0131\u011f\u0131mda, 22 Temmuz se\u00e7imi olmu\u015f, Ankara&#8217;ya Deniz Bey&#8217;e gittim, tam bir bu\u00e7uk saat g\u00f6r\u00fc\u015ft\u00fck. &#8220;\u0130stanbul&#8217;da de\u011fi\u015fim yapmak istiyorum&#8221; dedim. Bunu CHP gibi 85 y\u0131ll\u0131k k\u00f6kl\u00fc bir partide akl\u0131n\u0131zdan ge\u00e7irmeniz bile zordur. Yapmak imkans\u0131zd\u0131r. Bir adam gelecek 15-16 il\u00e7eyi bir gecede de\u011fi\u015ftirecek. Deniz Bey &#8220;Dengeyi bozacaks\u0131n&#8221; dedi. &#8220;Bozmam&#8221; dedim. Heyecanla anlat\u0131yorum. \u015e\u00f6yle yapaca\u011f\u0131m, b\u00f6yle yapaca\u011f\u0131m. Sonunda tam kalkarken elini omzuma koydu &#8220;Bak G\u00fcrsel e\u011fer \u015funu biliyorsan, bu partinin tarihi sorumlulu\u011fu omuzlar\u0131n\u0131n \u00fczerinde&#8221; dedi. &#8220;Biliyorum&#8221; dedim, &#8220;Hadi git&#8221; dedi. Geldim de\u011fi\u015fimleri yapt\u0131m. Asla tek adam de\u011fil. Hatta ke\u015fke \u00f6yle olsa. \u00d6yle vefal\u0131d\u0131r ki. Bu vefas\u0131n\u0131n bedelini \u00f6d\u00fcyor asl\u0131nda.<\/p>\n<p style=\"text-align: justify;\"><strong> \u00c7ok kat\u0131 Kemalist bir grup var CHP&#8217;nin i\u00e7inde de\u011fil mi?<\/strong><br \/>\nYani&#8230; Hangi kelimeleri se\u00e7meliyim bilmiyorum ama var tabii. Yeni bir imaj kesin gerekiyor CHP&#8217;ye. Ve yapaca\u011f\u0131z bunlar\u0131. Deniz Baykal yol arkada\u015flar\u0131n\u0131 asla b\u0131rakmaz. Arkada\u015flar\u0131 ona bir yanl\u0131\u015f yapmad\u0131ysa Deniz Baykal asla onlar\u0131 b\u0131rakmaz. Ama kamuoyunda farkl\u0131 tan\u0131n\u0131yor. Asl\u0131nda Deniz Baykal&#8217;\u0131n m\u00fcritleri k\u00f6t\u00fc.<\/p>\n<p style=\"text-align: justify;\"><strong>Kemal K\u0131l\u0131\u00e7daro\u011flu ve sizin i\u00e7in se\u00e7imin galibi diyenler var, solun yeni liderleri diyen var. Siz de kendinizi b\u00f6yle hissediyor musunuz?<\/strong><br \/>\nK\u0131l\u0131\u00e7daro\u011flu ve ben 4 bin km yapt\u0131k \u0130stanbul&#8217;da. AKP&#8217;nin en g\u00fc\u00e7l\u00fc oldu\u011fu b\u00f6lgelere, sosyal ya\u015famdan uzak tutulmu\u015f yerlere gittik, k\u00f6t\u00fc bir tek davran\u0131\u015f g\u00f6rmedik. Kemal Bey&#8217;i \u00e7ok sevdiler. Ba\u011f\u0131rlar\u0131na bast\u0131lar. Gelecekle ilgili umutland\u0131rd\u0131. Kemal Bey gibi iyi bir adayla se\u00e7imi kazanaca\u011f\u0131ma \u00e7ok inand\u0131m. 2007&#8217;nin son aylar\u0131nda \u00e7ok iddial\u0131 bir \u015fekilde &#8220;\u0130stanbul&#8217;u alaca\u011f\u0131m&#8221; demi\u015ftim. Hakl\u0131 olarak onlar da &#8220;Bu ne hayal&#8221; dedi. Kemal Bey \u00f6rg\u00fct alan\u0131n\u0131 benim kadar bilmez. \u0130ki senedir \u00e7ok \u00e7al\u0131\u015fmam var. Tabii ki yard\u0131mc\u0131 oldum. \u00c7ok normaldi her yere ikili gitmemiz.\n<\/p>\n<p style=\"text-align: justify;\"><strong>\u0130stanbul hava karar\u0131nca Arda\u011fan&#8217;\u0131n bir k\u00f6y\u00fcne d\u00f6n\u00fc\u015f\u00fcyor<\/strong><\/p>\n<p style=\"text-align: justify;\"><strong>AKP \u0130stanbul&#8217;da neyi k\u00f6t\u00fc yapt\u0131 sizce?<\/strong><br \/>\n\u0130stanbul&#8217;u \u00e7ok k\u00f6t\u00fc y\u00f6netiyorlar. \u00c7\u00f6z\u00fclebilmi\u015f ne var? \u0130stanbul&#8217;un arka y\u00fcz\u00fcnde sosyal ya\u015fam yok. 2010 ba\u015fkentine yak\u0131\u015f\u0131r m\u0131? Ak\u015fam sekiz sanki Arda\u011fan&#8217;\u0131n bir k\u00f6y\u00fc. 400 bin nufuslu bir il\u00e7ede sinema yoksa, tiyatro yoksa buna ba\u015far\u0131 m\u0131 diyorsunuz? \u00dcmraniye&#8217;deki gen\u00e7 \u00e7ocuk t\u00fcrbanl\u0131 sevgilisini al\u0131p Kad\u0131k\u00f6y&#8217;e gelmek zorunda kal\u0131yorsa, orada el ele dola\u015fam\u0131yorsa bunlar hepsi sorun. \u0130\u015f sadece yol yapmak de\u011fildir ki. Toplumun sosyal yap\u0131s\u0131n\u0131 tersine d\u00f6n\u00fc\u015ft\u00fcrd\u00fcler. Bu \u00e7ok tehlikeli. \u00dcmraniye&#8217;de bir mahallede, bir hem\u015ferimiz vefat etti, ziyarete gittim. 2005&#8217;te. Anadolu&#8217;da kad\u0131nlar \u00f6zg\u00fcrd\u00fcr. Burada i\u00e7eri girdim, elimi s\u0131kmad\u0131lar. O kad\u0131nlar\u0131 sokakta sigara i\u00e7erken tan\u0131yorum, onlar \u015fehirde bu durma gelmi\u015fse sorun yok mudur? \u015eok oldum. \u00c7ocuklu\u011fum ellerinde ge\u00e7mi\u015f. B\u00f6lgede bir dola\u015ft\u0131m kahve ve Kuran kursu d\u0131\u015f\u0131nda bir \u015fey yok. &#8220;Anadolu insan\u0131 kahveye gidece\u011fine Kuran kursuna gitsin&#8221; diyor hakl\u0131 olarak. \u00c7ok k\u00f6t\u00fc bir yere s\u0131k\u0131\u015ft\u0131rm\u0131\u015flar insanlar\u0131.\n<\/p>\n<p style=\"text-align: justify;\"><strong>Ya\u015far B\u00fcy\u00fckan\u0131t&#8217;\u0131n askeriydim<\/strong><\/p>\n<p style=\"text-align: justify;\">Asker olma zaman\u0131m geldi. Acemilik Manisaya \u00e7\u0131kt\u0131. Gittim. \u0130\u00e7eri girdim, teslim olaca\u011f\u0131m, etraf nas\u0131l toz toprak, \u00e7ad\u0131rlar kurmu\u015flar falan. Geri d\u00f6nmeye karar verdim. Hi\u00e7 yapmayaca\u011f\u0131m bir \u015feyi yapt\u0131m. \u00c7antam\u0131 ald\u0131m, \u00e7\u0131kt\u0131m. Nizamiyede sorarlarsa da &#8220;Sigara almaya \u00e7\u0131k\u0131yorum&#8221; diyece\u011fim diye plan yapt\u0131m. Sormad\u0131lar da. Otob\u00fcse bindim, \u0130stanbul&#8217;a geri geldim. Gece eve geldim kap\u0131y\u0131 \u00e7ald\u0131m. Rahmetli babam \u015fok oldu. Sinirlendi, k\u0131zd\u0131. &#8220;Olur mu toz toprak, bu ne demek&#8221; dedi. Bir hafta sonra gidip tekrar ba\u015fvurdum. Bakaya d\u00fc\u015ft\u00fc\u011f\u00fc i\u00e7in Isparta \u00e7\u0131kt\u0131. Sabah Isparta&#8217;da indim, elimde Cumhuriyet gazetesi, ak\u015fam\u00fczeri d\u00f6rt gibi teslim olaca\u011f\u0131m, \u00e7ay i\u00e7meye bir yere oturdum, kafam\u0131 bir kald\u0131rd\u0131m kocaman SODEP il merkezi yaz\u0131yor. Buraya u\u011frayay\u0131m dedim. Sabah 10 oldu art\u0131k. Odac\u0131 kap\u0131y\u0131 a\u00e7t\u0131. \u00c7ay ikram etti. Sohbet etmeye ba\u015flad\u0131k. Dedi ki &#8220;\u0130l ba\u015fkan\u0131m\u0131z emekli albayd\u0131r, 40. piyade alay komutan\u0131yla her ak\u015fam beraberdir.&#8221; &#8220;Faydas\u0131 olur mu&#8221; dedim. &#8220;Olmaz m\u0131&#8221; dedi. Bir iki saat sonra il sekreteri geldi. Sohbet ettik. Sonra ba\u015fkan geldi. Beni \u00e7a\u011f\u0131rd\u0131. Sorular sordu. Sonra alay komutan\u0131n\u0131 arad\u0131. &#8220;Aile dostumun \u00e7ocu\u011fudur, sana g\u00f6nderiyorum&#8221; dedi. Ben gittim. Kap\u0131dan beni ald\u0131lar, \u00f6zel giydirdiler. Alay komutan\u0131n postas\u0131 oldum. 23 g\u00fcn sonra \u00f6zel da\u011f\u0131t\u0131m geldi bana. Ankara Gazi Orduevi&#8217;ne. Ben memnun olmad\u0131m tabii, \u0130stanbul&#8217;a gitmek istiyorum. \u0130l ba\u015fkan\u0131n\u0131 arad\u0131m. &#8220;Ben yapt\u0131rd\u0131m&#8221; dedi. &#8220;Ben \u0130stanbul Fenerbah\u00e7e Orduevi istiyorum&#8221; dedim. Ankara&#8217;ya gitmedim. Da\u011f\u0131t\u0131m g\u00fcn\u00fc geldi. 3 bin ki\u015fi dizildik, okunuyor. Diyarbak\u0131r, K\u0131br\u0131s, Urfa&#8230; &#8220;Eyvah&#8221; dedim. &#8220;G\u00fcrsel Tekin Kuleli Askeri Lisesi \u0130stanbul&#8221; deyince, herkesin d\u00f6n\u00fcp bana bir bak\u0131\u015f\u0131 var. Geldim Kuleli&#8217;ye. Komutan\u0131m Ya\u015far B\u00fcy\u00fckan\u0131t. Genelkurmay Ba\u015fkan\u0131 B\u00fcy\u00fckan\u0131t&#8217;\u0131n askeriyim ben. Erdal \u0130n\u00f6n\u00fc&#8217;yle mektupla\u015f\u0131yordum askerken. Mektuplar okunuyor tabii. B\u00fcy\u00fckan\u0131t merak etmi\u015f, &#8220;Kim bu&#8221; demi\u015f, &#8220;Komutan\u0131m ben siyaset\u00e7iyim&#8221; dedim. \u0130yidir aram\u0131z. \u0130l ba\u015fkan\u0131 oldu\u011fumda ilk B\u00fcy\u00fckan\u0131t aram\u0131\u015ft\u0131 kutlamak i\u00e7in.<\/p>\n<p style=\"text-align: justify;\">Lise mezunuyum. \u00dcniversite bitireyim diye Kad\u0131k\u00f6y Belediye Ba\u015fkan yard\u0131mc\u0131l\u0131\u011f\u0131 d\u00f6nemimde \u00e7ok zorlad\u0131lar. A\u00e7\u0131k \u00d6\u011fretim falan bitir diye. \u0130stemedim. Bitirip ne olacak benim i\u00e7in art\u0131k.<br \/>\nHi\u00e7 sevmedi\u011fim \u015fey futbol. Bir kez ma\u00e7a gittim zorunluluktan&#8230; Genel Ba\u015fkan geldi\u011fi i\u00e7in, protokol gere\u011fi. Be\u015fikta\u015f&#8217;ta kongre \u00fcyesiyim bir de. Arkada\u015flar\u0131mla olmay\u0131 \u00e7ok severim ama siyaset konu\u015furum. Saatlerce konu\u015furum. \u0130\u00e7ki i\u00e7mem. F\u0131kra anlatmay\u0131 severim. Arkada\u015f \u00e7evrem geni\u015ftir. Ailemden 10 bine yak\u0131n ki\u015fi burada. Ardahan&#8217;da kimse kalmad\u0131. \u0130stanbul&#8217;un d\u00f6rt bir yan\u0131da akrabalar\u0131m var.<br \/>\n\u00dc\u00e7 \u00e7ocu\u011fum var. B\u00fcy\u00fck o\u011flumun ad\u0131 Ula\u015f&#8217;t\u0131r. \u0130lk 14 ya\u015f\u0131nda Ula\u015f Bardak\u00e7\u0131&#8217;n\u0131n hayat\u0131n\u0131 okumu\u015ftum. O\u011flum olursa ad\u0131n\u0131 koyaca\u011f\u0131m demi\u015ftim.<br \/>\nSODEP&#8217;e girdim, iki ay sonra gen\u00e7lik komisyonu ba\u015fkan\u0131 oldum Kad\u0131k\u00f6y&#8217;de. Siyaset \u00f6yle ba\u015flad\u0131. 20 ya\u015f\u0131nday\u0131m. Asl\u0131nda daha \u00f6nce ba\u015flad\u0131 da. Araya 1980 darbesi girdi. Sonra 1985 y\u0131l\u0131nda asker oldum.\n<\/p>\n<p style=\"text-align: justify;\"><span style=\"color: #888888;\">Kaynak : Sanem Altan &#8211; Pazar Vatan <\/span><\/p>\n","protected":false},"excerpt":{"rendered":"<p style=\"text-align: center;\">\n<p style=\"text-align: justify;\">Onu se\u00e7imlerden \u00f6nce \u00e7ok tart\u0131\u015f\u0131lan \u00e7ar\u015faf a\u00e7\u0131l\u0131m\u0131n\u0131 yapan adam olarak tan\u0131d\u0131k.<\/p>\n<p style=\"text-align: justify;\">Daha sonra kar\u015f\u0131m\u0131za CHP \u0130stanbul Belediye Ba\u015fkan aday\u0131 Kemal K\u0131l\u0131\u00e7daro\u011flu&#8217;yla ayr\u0131lmaz ikili olarak \u00e7\u0131kt\u0131. Se\u00e7im g\u00fcn\u00fc ise ekranlarda yapt\u0131\u011f\u0131 &#8220;Kazand\u0131k&#8221; a\u00e7\u0131klamas\u0131 ak\u0131llarda kald\u0131. CHP eski \u0130l Ba\u015fkan\u0131 G\u00fcrsel Tekin, solculuk ge\u00e7mi\u015fini ve kaybedi\u015f \u00f6yk\u00fclerini anlatt\u0131.<\/p>\n<p style=\"text-align:  \n\n","protected":false},"author":1,"featured_media":0,"comment_status":"open","ping_status":"closed","sticky":false,"template":"","format":"standard","meta":{"footnotes":""},"categories":[7],"tags":[],"class_list":["post-7649","post","type-post","status-publish","format-standard","hentry","category-ekonomi","odd"],"_links":{"self":[{"href":"http:\/\/www.korhanyilmaz.com\/index.php?rest_route=\/wp\/v2\/posts\/7649","targetHints":{"allow":["GET"]}}],"collection":[{"href":"http:\/\/www.korhanyilmaz.com\/index.php?rest_route=\/wp\/v2\/posts"}],"about":[{"href":"http:\/\/www.korhanyilmaz.com\/index.php?rest_route=\/wp\/v2\/types\/post"}],"author":[{"embeddable":true,"href":"http:\/\/www.korhanyilmaz.com\/index.php?rest_route=\/wp\/v2\/users\/1"}],"replies":[{"embeddable":true,"href":"http:\/\/www.korhanyilmaz.com\/index.php?rest_route=%2Fwp%2Fv2%2Fcomments&post=7649"}],"version-history":[{"count":0,"href":"http:\/\/www.korhanyilmaz.com\/index.php?rest_route=\/wp\/v2\/posts\/7649\/revisions"}],"wp:attachment":[{"href":"http:\/\/www.korhanyilmaz.com\/index.php?rest_route=%2Fwp%2Fv2%2Fmedia&parent=7649"}],"wp:term":[{"taxonomy":"category","embeddable":true,"href":"http:\/\/www.korhanyilmaz.com\/index.php?rest_route=%2Fwp%2Fv2%2Fcategories&post=7649"},{"taxonomy":"post_tag","embeddable":true,"href":"http:\/\/www.korhanyilmaz.com\/index.php?rest_route=%2Fwp%2Fv2%2Ftags&post=7649"}],"curies":[{"name":"wp","href":"https:\/\/api.w.org\/{rel}","templated":true}]}}