{"id":7643,"date":"2009-04-05T07:20:46","date_gmt":"2009-04-05T04:20:46","guid":{"rendered":"http:\/\/www.korhanyilmaz.com\/?p=7643"},"modified":"2009-04-05T07:20:46","modified_gmt":"2009-04-05T04:20:46","slug":"cumhurbaskanligi-bana-teget-gecer","status":"publish","type":"post","link":"http:\/\/www.korhanyilmaz.com\/?p=7643","title":{"rendered":"Cumhurba\u015fkanl\u0131\u011f\u0131 bana te\u011fet ge\u00e7er!"},"content":{"rendered":"<p><img loading=\"lazy\" decoding=\"async\" class=\"aligncenter size-full wp-image-7644\" title=\"Cumhurba\u015fkanl\u0131\u011f\u0131 bana te\u011fet ge\u00e7er!\" src=\"http:\/\/www.korhanyilmaz.com\/wp-content\/uploads\/2009\/04\/050420090304124930712.jpg\" alt=\"Cumhurba\u015fkanl\u0131\u011f\u0131 bana te\u011fet ge\u00e7er!\" width=\"320\" height=\"100\" \/><\/p>\n<p style=\"text-align: justify;\"><strong>Cumhurba\u015fkanl\u0131\u011f\u0131 se\u00e7iminde &#8220;oturum i\u00e7in 367 milletvekili gerekli&#8221; yorumuyla t\u00fcm T\u00fcrkiye&#8217;nin dikkatini \u00fczerine toplam\u0131\u015ft\u0131 Sabih Kanado\u011flu. Yarg\u0131tay Onursal Cumhuriyet Ba\u015fsavc\u0131s\u0131&#8217;yd\u0131&#8230;<\/strong><\/p>\n<p style=\"text-align: justify;\">Siyah, kal\u0131n \u00e7er\u00e7eveli g\u00f6zl\u00fckleri ve tavizsiz duru\u015fu ile Alman ekol\u00fcndenmi\u015f gibiydi. Sarf etti\u011fi her kelimenin \u00f6nce a\u011f\u0131rl\u0131\u011f\u0131n\u0131 tart\u0131yordu. Bir s\u00fcre sonra kendisinden &#8220;367&#8217;nin mimar\u0131&#8221; ya da &#8220;Her \u015feyi bilen adam&#8221; diye bahsedilmeye ba\u015fland\u0131. Sanki sars\u0131lmaz bir z\u0131rh\u0131 vard\u0131. Bu y\u00fczden Ergenekon Davas\u0131 kapsam\u0131nda evi arand\u0131\u011f\u0131nda &#8220;Elbet \u00fcz\u00fcld\u00fcm&#8221; s\u00f6zleri pek \u00e7ok ki\u015fiyi \u015fa\u015f\u0131rtt\u0131. \u00d6yle ya onun ac\u0131 \u00e7ekebilece\u011fini, duygusal biri olabilece\u011fini kim tahmin ederdi? \u0130\u015fte o zaman fark ettik ki, Kanado\u011flu&#8217;nu pek tan\u0131m\u0131yoruz. Bu nedenle makalelerinden olu\u015fan &#8220;Unuttuk&#8221; isimli kitab\u0131n\u0131 da elime al\u0131p kap\u0131s\u0131n\u0131 \u00e7ald\u0131m ve &#8220;Sizi biraz tan\u0131yabilir miyiz?&#8221; dedim. Kar\u015f\u0131ma bilinenin aksine bir Kanado\u011flu \u00e7\u0131kt\u0131. Bu; esprili ve duygusal ki\u015fili\u011fini savc\u0131 kimli\u011finin verdi\u011fi mesafeli duru\u015f ile sar\u0131p sarmalayan, bu \u015fekilde duygusal d\u00fcnyas\u0131n\u0131 koruyan, darbeci olarak an\u0131lmas\u0131na ra\u011fmen &#8220;en iyi rejim demokrasidir&#8221; diyen biriydi. Ve &#8220;Her \u015feyi bilen adam&#8221; ya da &#8220;367&#8217;nin mimar\u0131&#8221; olarak an\u0131lmaktan da ho\u015flanmayan&#8230;<!--more--><\/p>\n<p style=\"text-align: justify;\"><strong>Kitab\u0131n\u0131z\u0131n ad\u0131 &#8220;Unuttuk.&#8221; Neleri unuttuk? <\/strong><br \/>\nT\u00fcrkiye&#8217;nin son be\u015f y\u0131ll\u0131k tablosuna bakt\u0131\u011f\u0131m\u0131zda gerek se\u00e7enler, gerekse de se\u00e7ilenlerin demokrasiyi i\u00e7selle\u015ftirmedi\u011fini&#8230; Demokrasinin bir kurallar rejimi oldu\u011funu ve pek \u00e7ok ko\u015fulu oldu\u011funu. Umudumuzun \u00e7a\u011fda\u015f bir demokraside ya\u015famak oldu\u011funu. Demokrasinin \u00e7o\u011funluk\u00e7uluk de\u011fil \u00e7o\u011fulculuk oldu\u011funu. &#8220;Mecliste \u00e7o\u011funlu\u011fu alan istedi\u011fini yapar&#8221; mant\u0131\u011f\u0131n\u0131n di\u011fer organlar\u0131 bir kenara itti\u011fini. Bunlar\u0131 unuttuk.<\/p>\n<p style=\"text-align: justify;\"><strong>Ya darbeler, onlar\u0131n demokrasinin geli\u015fememesinde pay\u0131 yok mu? <\/strong><br \/>\nDemokrasiyi hazmederseniz darbe akl\u0131n\u0131za bile gelmez. \u0130lk darbe, 27 May\u0131s&#8217;t\u0131r. \u0130ster 27 May\u0131s ihtilali, ister devrimi deyin&#8230; Bu bir darbedir. Do\u011furdu\u011fu sonu\u00e7lar iyiyse &#8220;iyi&#8221;, de\u011filse &#8220;de\u011fil&#8221; demek ikili bir standart ortaya \u00e7\u0131kar\u0131r. Ama Demokrat Parti&#8217;nin iktidarda oldu\u011fu 1950 ile 1960 aras\u0131 d\u00f6nem de karanl\u0131k bir d\u00f6nemdi. Bu d\u00f6nemde ya\u015fananlar\u0131n da \u00fcst\u00fc \u00f6rt\u00fclmemeli. Meclis&#8217;te kabul edilen Tahkikat Komisyonu, ona verilen yetkiler ibrenin, y\u00f6n\u00fcn\u00fc g\u00f6sterir. Ger\u00e7ek bir dikta kurma hevesinin sonucudur. Askeri, bir darbe pozisyonuna itmemek, ona engel olmak gerek. Bu da demokrasiye uyarak \u00f6nlenir. Ak\u0131ll\u0131 bir iktidar, darbe hevesini \u00f6zendirmeyen bir tutumda olur. Bir iktidar, bu \u015fekilde davran\u0131rsa birtak\u0131m yersiz heveslerin \u00f6n\u00fcne ge\u00e7er.\n<\/p>\n<p style=\"text-align: justify;\"><img loading=\"lazy\" decoding=\"async\" class=\"size-full wp-image-7645 alignleft\" style=\"margin: 5px 12px;\" title=\"Sabih Kanado\u011flu\" src=\"http:\/\/www.korhanyilmaz.com\/wp-content\/uploads\/2009\/04\/030420091821469843430_3.jpg\" alt=\"Sabih Kanado\u011flu\" width=\"300\" height=\"450\" \/><\/p>\n<p style=\"text-align: justify;\"><strong>12 Eyl\u00fcl askeri darbesinin T\u00fcrkiye&#8217;nin bug\u00fcnk\u00fc tablosunda \u00f6nemli pay\u0131 oldu\u011funa y\u00f6nelik ciddi ele\u015ftiriler var. Ne dersiniz? <\/strong><br \/>\n12 Eyl\u00fcl, siyaset\u00e7ilerin ortak hatalar\u0131n\u0131n sonucuydu. &#8220;Olaylar \u00f6yle bir hale getirildi ki, ba\u015fka \u00e7are yoktu&#8221; ya da &#8220;T\u00fcrkiye art\u0131k idare edilemeyen bir \u00fclke haline geldi&#8221; gibi bir d\u00fc\u015f\u00fcnce egemen hale gelmi\u015fse, g\u00fcnde 20-30 ki\u015fi \u00f6ld\u00fcr\u00fcl\u00fcyorsa, &#8220;Sizin bunda kusurunuz var&#8221; demektir.<\/p>\n<p style=\"text-align: justify;\"><strong>S\u0131rf \u00f6\u011frenci oldu\u011fu i\u00e7in hapse d\u00fc\u015fenler var. Hele i\u015fkence&#8230; Hazmedilir gibi de\u011fil. <\/strong><br \/>\nBunun hazmedilecek yan\u0131 var m\u0131! \u0130\u015fkence hazmedilir mi? \u0130nsan onuruna yak\u0131\u015fan en g\u00fczel ve iyi rejim demokrasidir. O y\u00fczden kitapta &#8220;T\u00fcrk devleti a\u015firet gibi y\u00f6netilemez&#8221; diyorum.\n<\/p>\n<p style=\"text-align: justify;\"><strong>Diktay\u0131 kad\u0131nlar ve gen\u00e7ler engeller<\/strong><\/p>\n<p style=\"text-align: justify;\"><strong>Sizce sand\u0131ktan ne \u00e7\u0131kt\u0131? One minute mi?<\/strong><br \/>\nSiyasal iktidar, bu yerel se\u00e7imlerde geriye gitmi\u015ftir. Hem de bu se\u00e7imin yerel se\u00e7imden \u00e7\u0131kar\u0131l\u0131p genel se\u00e7im havas\u0131na sokulmas\u0131na, hatta halk oylamas\u0131 havas\u0131na sokulmas\u0131na ra\u011fmen&#8230; Ortaya \u00e7\u0131kan sonu\u00e7 i\u00e7in &#8220;one minute&#8221; de\u011fil, &#8220;five minute&#8221; demek daha do\u011fru olur.<br \/>\nAyr\u0131ca \u015funu da g\u00f6zlemliyorum; art\u0131k muhalefette kad\u0131nlar ve gen\u00e7ler yer al\u0131yor. Onlar\u0131n kat\u0131ld\u0131\u011f\u0131 hi\u00e7bir se\u00e7imde dikta hevesinin yerle\u015fme olana\u011f\u0131 yoktur.<\/p>\n<p style=\"text-align: justify;\"><strong>Kad\u0131nlar ve gen\u00e7ler daha m\u0131 demokrat? <\/strong><br \/>\nKesinlikle. Gitti\u011fim her yerde, her konu\u015fmamda bunu s\u00f6ylerim: Kad\u0131nlar\u0131 ve gen\u00e7leri yan\u0131na almayan hi\u00e7bir siyaset ba\u015far\u0131l\u0131 olamaz. \u00c7\u00fcnk\u00fc, bir topluma direnme g\u00fcc\u00fcn\u00fc veren onlard\u0131r. Biat etme, boyun e\u011fme k\u00fclt\u00fcr\u00fcn\u00fcn kar\u015f\u0131s\u0131ndaki g\u00fc\u00e7 i\u015fte budur. Hem d\u00fc\u015f\u00fcncelerine, hem de demokrasinin olmazsa olmaz ko\u015fulu olan sand\u0131\u011fa sahip \u00e7\u0131k\u0131yorlar. Bu T\u00fcrkiye i\u00e7in iyiye bir i\u015farettir.<\/p>\n<p style=\"text-align: justify;\"><strong>Cumhuriyet mitinglerine de kad\u0131nlar damgas\u0131n\u0131 vurmu\u015ftu. Aksi s\u00f6ylense de bu mitingleri anti-militarist bulmu\u015ftum. Bir kere \u00e7ok ne\u015feliydi, sonra T\u00fcrk bayra\u011f\u0131n\u0131 siville\u015ftirmi\u015fti. Mesela kad\u0131nlar bayra\u011fa sar\u0131n\u0131p g\u00f6bek atm\u0131\u015ft\u0131! <\/strong><br \/>\nDe\u011fil mi? Ama ne g\u00fc\u00e7l\u00fc bir muhalefettir o. Askerin postal\u0131 ve silah\u0131, o g\u00fcc\u00fcn \u00f6n\u00fcnde de\u011fildir, ondan kuvvetli de de\u011fildir. \u0130nanc\u0131 hi\u00e7bir \u015fekilde y\u0131kamazs\u0131n\u0131z. T\u00fcrkiye&#8217;de o inanc\u0131, o \u0131\u015f\u0131\u011f\u0131 art\u0131k ben de g\u00f6r\u00fcyorum. Umutlan\u0131yorum.\n<\/p>\n<p style=\"text-align: justify;\"><strong>94 ya\u015f\u0131nda sand\u0131\u011fa ko\u015fan vard\u0131<\/strong><\/p>\n<p style=\"text-align: justify;\"><strong> Se\u00e7imdeki kat\u0131l\u0131m sizce nas\u0131ld\u0131? <\/strong><br \/>\nOy kulland\u0131\u011f\u0131m yerde 94 ya\u015f\u0131ndaki anas\u0131n\u0131 getireni bile g\u00f6rd\u00fcm. Kad\u0131n y\u00fcr\u00fcyemiyor ama gelmi\u015fti, kucakta ta\u015f\u0131narak oy kulland\u0131. Eskiden bu kadar hevesle katlan\u0131lacak bir eziyet de\u011fildi oy kullan\u0131m\u0131. Ama \u015fimdi insanlar sand\u0131\u011fa ko\u015ftu. Bu da demokrasiye inanc\u0131 kuvvetlendirdi.<\/p>\n<p style=\"text-align: justify;\"><strong>Halk\u0131n birbirine olan inanc\u0131 da tazelendi mi? \u00c7\u00fcnk\u00fc, &#8220;Bu halk buzdolab\u0131na, makarnaya oy verir, kimsenin i\u015fsizli\u011fe, yolsuzlu\u011fa, hukuksuzlu\u011fa ald\u0131rd\u0131\u011f\u0131 yok&#8221; deniyordu. S\u0131rf bu nedenle askere g\u00f6z k\u0131rp\u0131l\u0131yordu. <\/strong><br \/>\n\u00c7ok do\u011fru. Ve bu g\u00fcc\u00fcn, inanc\u0131n birle\u015fmesi, demokrasiye sahip \u00e7\u0131kmas\u0131yla da d\u0131\u015ftan ve i\u00e7ten m\u00fcdahaleye ihtiya\u00e7 kalmaz. Bu da ortaya \u00e7\u0131km\u0131\u015ft\u0131r. O bak\u0131mdan da b\u00fcy\u00fck faydad\u0131r. Bu se\u00e7im \u015funu da kan\u0131tlad\u0131: E\u011fer halk bir siyasi iktidara kar\u015f\u0131ysa, bunun m\u00fccadelesini yapmak zorunda. D\u00fc\u015f\u00fcncenize uygun olan\u0131 se\u00e7ersiniz. Bu durumda da bir kenarda oturup &#8220;Birisi gelsin, bizi kurtars\u0131n&#8221; d\u00fc\u015f\u00fcncesinden de kurtulursunuz. Demokrasi denilen \u015fey de budur.<\/p>\n<p style=\"text-align: justify;\"><strong>Bu s\u00f6yledikleriniz bir sosyal demokrat\u0131n s\u00f6zleri. Yanl\u0131\u015f anla\u015f\u0131ld\u0131\u011f\u0131n\u0131z\u0131 d\u00fc\u015f\u00fcn\u00fcyor musunuz? \u00c7\u00fcnk\u00fc size asker yanl\u0131s\u0131, darbeci diyorlar. <\/strong><br \/>\nBeni bu \u015fekilde tan\u0131tmak isteyenler var, buna \u015f\u00fcphe yok. Sorun da bu. Bak\u0131n siz, anlatmak istedi\u011finizi anlat\u0131rs\u0131n\u0131z ama birileri sizin yanl\u0131\u015f anla\u015f\u0131lman\u0131z i\u00e7in \u00e7abal\u0131yor olabilir. Yani, &#8220;Ne yapar\u0131z da bu ki\u015fiyi itibars\u0131zla\u015ft\u0131r\u0131r\u0131z, anla\u015f\u0131lmas\u0131n\u0131 zorla\u015ft\u0131r\u0131r\u0131z, belirli bir y\u00f6ne yamar\u0131z&#8221; \u00e7abalar\u0131 var. O y\u00fczden konu\u015ftu\u011fum yerde yanl\u0131\u015f anla\u015f\u0131ld\u0131\u011f\u0131m\u0131 sanmam ama ne yaz\u0131k ki, \u00e7a\u011fda\u015f demokrasinin egemen olmas\u0131 i\u00e7in g\u00f6sterdi\u011fim \u00e7abalar\u0131n bir\u00e7ok y\u00f6nlere \u00e7ekildi\u011fini de g\u00f6r\u00fcyoruz. Oysa, AKP&#8217;nin bakanlar\u0131 aras\u0131nda da bana sayg\u0131 ve sevgi g\u00f6sterilir. Kimseye itici, k\u0131r\u0131c\u0131 bir izlenim g\u00f6stermedim.\n<\/p>\n<p style=\"text-align: justify;\"><strong>Ba\u015fbakan &#8220;Ben de dinleniyorum&#8221;  diyerek sorumlulu\u011fu b\u0131rak\u0131yor<\/strong><\/p>\n<p style=\"text-align: justify;\"><strong>2. \u0130ddianame&#8217;de &#8220;\u015f\u00fcpheli&#8221; olarak tan\u0131mland\u0131n\u0131z. Kan\u0131t ne? <\/strong><br \/>\nHakk\u0131mda makul \u015f\u00fcphe varm\u0131\u015f gibi evimde arama yap\u0131lm\u0131\u015f&#8230; Kan\u0131t yok. \u0130\u015fte Cumhuriyet&#8217;e bomba atmaktan tutun, Say\u0131\u015ftay&#8217;a sald\u0131r\u0131 d\u00fczenlemeye kadar uzanan bir liste. \u00c7ocukken &#8220;Hepsini al&#8221; diye bir oyun oynard\u0131k. Topac\u0131n \u00fczerinde hepsi al ya da sen se\u00e7 yazard\u0131. \u0130\u015fte \u015fimdi de oynad\u0131\u011f\u0131m\u0131z oyun bu!<\/p>\n<p style=\"text-align: justify;\"><strong>Eviniz aran\u0131nca ne hissettiniz? <\/strong><br \/>\n\u00dcz\u00fcld\u00fcm, \u00fcz\u00fclmez olur muyum? Ama korkmadan, y\u0131lmadan, laik, demokratik, sosyal ve hukuk devletinin ya\u015famas\u0131 i\u00e7in de elimden gelen her \u015feyi devam ettirece\u011fim. Bu olay, benim i\u00e7in bir utanma ya da s\u0131k\u0131lma konusu da olamaz. Bana bu damgay\u0131 vuranlar utans\u0131n!<\/p>\n<p style=\"text-align: justify;\"><strong>Telefonlar\u0131n\u0131z dinlenmi\u015f midir? Bu sizi tedirgin ediyor mu?<\/strong><br \/>\nDinlenmi\u015ftir herhalde&#8230; Ama tedirgin de\u011filim. \u0130\u015fin en feci taraf\u0131 \u00f6zel hayata tecav\u00fcz&#8230; Bu sizi \u00e7ok rahats\u0131z eder, hatta sizi bu t\u00fcr olaylar\u0131n d\u0131\u015f\u0131nda kalma istemine iter. \u00d6zel hayat\u0131n\u0131z\u0131n sergilenmesi kadar felaket bir \u015fey olur mu?<\/p>\n<p style=\"text-align: justify;\"><strong>Ba\u015fbakan&#8217;\u0131n &#8220;Ben de dinleniyor olabilirim&#8221; s\u00f6z\u00fcn\u00fc nas\u0131l yorumlamal\u0131?<\/strong><br \/>\nSiz dinleme yap\u0131yorsan\u0131z, sizin d\u0131\u015f\u0131n\u0131zdakilerin dinlemelerini de \u00f6nleme g\u00fcc\u00fcn\u00fcz\u00fc kaybedersiniz. T\u00fcrkiye&#8217;nin i\u00e7ine d\u00fc\u015ft\u00fc\u011f\u00fc s\u0131k\u0131nt\u0131 da budur. Ayr\u0131ca bir \u00fclkede ba\u015fbakan \u00e7\u0131k\u0131p kendisinin de dinlendi\u011finden endi\u015fe etti\u011fini s\u00f6yl\u00fcyorsa, bundan \u015fikayet ediyorsa ciddi bir sorun vard\u0131r. Bu \u015fekilde rol b\u0131rak\u0131p bir ba\u015fka rol al\u0131yordur.<\/p>\n<p style=\"text-align: justify;\"><strong>Nas\u0131l bir de\u011fi\u015f-toku\u015f bu? <\/strong><br \/>\nTelefon dinlemeyi \u00f6nlemek iktidar\u0131n sorumlulu\u011fu i\u00e7inde de\u011fil mi? Ama Ba\u015fbakan bu \u015fekilde konu\u015farak, bu sorumlulu\u011fu bir tarafa b\u0131rakarak \u015fikayet\u00e7i konumuna ge\u00e7mi\u015f oluyor. B\u00f6yle bir hukuk ve demokrasi anlay\u0131\u015f\u0131 olur mu? Sonra Yarg\u0131tay 9. Dairesi Jandarma&#8217;n\u0131n dinleme yetkisi karar\u0131n\u0131 bozdu. Ama ayn\u0131 \u015fey Emniyet ve M\u0130T i\u00e7in istenmiyor? Bu yetki \u0130\u00e7i\u015fleri Bakanl\u0131\u011f\u0131&#8217;na tan\u0131nm\u0131\u015f durumda. Ona &#8220;hay\u0131r&#8221;, buna &#8220;evet&#8221; diyorsan\u0131z, bu da akla iyi olmayan ama\u00e7lar\u0131 getirir. Sonra yasak delil kullan\u0131lamaz. \u0130yi de kullan\u0131lamayacak olan yasak delil neden toplan\u0131r? &#8220;Yasak oldu\u011fu ortaya \u00e7\u0131kana kadar toplayay\u0131m, gerekirse o ki\u015fi beraat etsin&#8221; diyorsan\u0131z bu da ne hukuka ne de demokrasiye s\u0131\u011far.\n<\/p>\n<p style=\"text-align: justify;\"><strong>Eskiden rak\u0131y\u0131 leblebiyle i\u00e7er, Toma&#8217;n\u0131n meyhanesinde Leyla Gencer&#8217;i dinlerdim<\/strong><\/p>\n<p style=\"text-align: justify;\"><strong>Sizi &#8220;367&#8221; ile tan\u0131d\u0131k. Ama kim oldu\u011funuzu bildi\u011fimiz s\u00f6ylenemez. Kimdir Sabih Kanado\u011flu? Nerede do\u011fmu\u015f, b\u00fcy\u00fcm\u00fc\u015ft\u00fcr?<\/strong><br \/>\n1938 Menemen do\u011fumluyum, Ayval\u0131k&#8217;ta b\u00fcy\u00fcd\u00fcm. Sonra \u0130stanbul&#8230; Kabata\u015f Erkek Lisesi, ondan sonra da \u0130stanbul Hukuk Fak\u00fcltesi.<\/p>\n<p style=\"text-align: justify;\"><strong>Meslek gere\u011fi \u00fclkeyi gezmi\u015f olmal\u0131s\u0131n\u0131z?<\/strong><br \/>\nEvet; Orhaneli, Erzurum, Bing\u00f6l, Tokat, K\u0131r\u015fehir, \u0130zmir ve \u0130stanbul, sonra da Ankara&#8217;da g\u00f6rev yapt\u0131m. \u0130stanbul&#8217;a gelene kadar 20 sene ge\u00e7mi\u015fti. \u0130zmir&#8217;de de alt\u0131 y\u0131l kald\u0131m. Gitti\u011fim hi\u00e7bir yer i\u00e7in &#8220;Neden buraya geldim?&#8221; demedim. Hepsinden g\u00fczel an\u0131lar\u0131m vard\u0131r.<\/p>\n<p style=\"text-align: justify;\"><strong>Aileniz?<\/strong><br \/>\nAnnemi \u00e7ok k\u00fc\u00e7\u00fckken kaybettim, babam da bug\u00fcnk\u00fc ifadeyle avukatt\u0131. Baba mesle\u011fini mi se\u00e7tim? Belki etkisi olmu\u015ftur ama daha \u00e7ok Ayval\u0131k&#8217;a d\u00f6nd\u00fc\u011f\u00fcmde birlikte \u00e7al\u0131\u015fmay\u0131 istedi\u011fim i\u00e7in bu mesle\u011fi se\u00e7mi\u015ftim. Tek \u00e7ocuktum.<\/p>\n<p style=\"text-align: justify;\"><strong>\u00c7ok hayal kurar m\u0131yd\u0131n\u0131z?<\/strong><br \/>\nYok, ger\u00e7ek\u00e7i biriyimdir. Ama duydu\u011fum s\u0131k\u0131nt\u0131lar kar\u015f\u0131s\u0131nda teselli aramak i\u00e7in hayal kurmu\u015flu\u011fum vard\u0131r.<\/p>\n<p style=\"text-align: justify;\"><strong>Kabata\u015f Erkek Lisesi&#8217;nde okumak keyifli miydi?<\/strong><br \/>\nBana \u00e7ok \u015fey \u00f6\u011fretti. Bir kere \u0130stanbul&#8217;da ya\u015faman\u0131n keyfini&#8230; Sonra edebiyat \u00f6\u011fretmenim Beh\u00e7et Necatigil&#8217;di. &#8220;Evin Halleri&#8221;nin \u015fairi&#8230; \u00c7ok \u00f6zel bir hocayd\u0131, onun \u00f6\u011frencisi olmak gurur verici. Allah rahmet eylesin, h\u00e2l\u00e2 g\u00f6z\u00fcm\u00fcn \u00f6n\u00fcne gelir. Bir di\u011fer hocam da Galip Vardar&#8217;d\u0131, onu da hi\u00e7 unutmam. T\u00fcrkl\u00fck \u015fuurunu san\u0131r\u0131m ondan ald\u0131m. Galip Baba derdik. Samim Kocag\u00f6z&#8217;\u00fcn &#8220;Kalpaklar ve Doludizgin&#8221; isimli roman\u0131nda Talip diye bir kahraman vard\u0131r. \u0130\u015fte o Galip Vardar&#8217;d\u0131r asl\u0131nda. Yani Damat Ferit&#8217;in yal\u0131s\u0131nda durup ili\u015fki kurarak ald\u0131\u011f\u0131 bilgileri milli direni\u015fe ula\u015ft\u0131ran ki\u015fi! Ger\u00e7ek bir kahramand\u0131 ve bizim hocam\u0131zd\u0131!<\/p>\n<p style=\"text-align: justify;\"><strong>Hukuk Fak\u00fcltesi?<\/strong><br \/>\n\u0130stanbul Hukuk daha farkl\u0131yd\u0131. \u015eehzadeba\u015f\u0131&#8217;nda bir yurtta kal\u0131rd\u0131k. Ayl\u0131k 20 lira, felaket bir yerdi ama arkada\u015fl\u0131klar \u00e7ok g\u00fczeldi. \u0130stanbul&#8217;un tad\u0131n\u0131 \u00e7\u0131kar\u0131rd\u0131k. Bal\u0131k Pazar\u0131&#8217;nda Gaskonyal\u0131 Toma&#8217;n\u0131n Meyhanesi&#8217;ne Leyla Gencer&#8217;i dinlemeye giderdik. Ne b\u00fcy\u00fck keyifti. \u0130stanbul g\u00fczel bir kenttir \u00e7\u00fcnk\u00fc size bir ya\u015fam sunar. \u00d6\u011frenciyken tabii bunu ya\u015famak zordur. \u00c7ok g\u00fczel g\u00fcnlerdi.<\/p>\n<p style=\"text-align: justify;\"><strong>\u00d6zl\u00fcyor musunuz? <\/strong><br \/>\nGen\u00e7tim. Gen\u00e7li\u011fi \u00f6zlememek m\u00fcmk\u00fcn m\u00fc? \u015eimdiki hayat\u0131n\u0131z\u0131 da sevebilirsiniz ama her \u015feyi daha iyi bilmenize ra\u011fmen baz\u0131 \u015feyleri yapam\u0131yorsunuzdur. O y\u00fczden gen\u00e7li\u011fi \u00f6zlersiniz.<\/p>\n<p style=\"text-align: justify;\"><strong>\u0130yi rak\u0131 i\u00e7er misiniz?<\/strong><br \/>\nHem de nas\u0131l! Eskiden leblebi ile i\u00e7erdim, az bir \u015fey yeterdi. Art\u0131k mezeye ihtiya\u00e7 duyuyorum. \u00c7ok sevdi\u011fim \u015eener Kartal diye bir arkada\u015f\u0131m vard\u0131, \u00e7ok \u00f6zl\u00fcyorum, onunla \u00f6\u011fle rak\u0131lar\u0131m\u0131z vard\u0131. Nurlar i\u00e7inde yats\u0131n. Bug\u00fcn de \u00c7amur \u015eevket&#8217;imiz var, onunla bulu\u015furuz. Ama ne zaman \u0130stanbul&#8217;a gitsem muhakkak 20-30 ki\u015fi toplan\u0131r\u0131z.<\/p>\n<p style=\"text-align: justify;\"><strong>\u00d6\u011frenciyken arkada\u015flar\u0131n\u0131z size tak\u0131l\u0131r m\u0131yd\u0131; &#8220;Cumhuriyet savc\u0131s\u0131 olacak adams\u0131n&#8221; diye? <\/strong><br \/>\nOlurdu. San\u0131r\u0131m verdi\u011fim intiba ile ilgili olsa gerek bu.\n<\/p>\n<p style=\"text-align: justify;\"><strong>Disiplinli g\u00f6r\u00fcnt\u00fcm yan\u0131ltmas\u0131n t\u00fcm faturalar\u0131m\u0131 zaml\u0131 \u00f6derim<\/strong><\/p>\n<p style=\"text-align: justify;\"><strong>Kudretli g\u00f6r\u00fcnd\u00fc\u011f\u00fcn\u00fcz\u00fcn fark\u0131nda m\u0131s\u0131n\u0131z? Size yakla\u015f\u0131rken tedirgin oluyor insan. <\/strong><br \/>\n\u0130nsanlar\u0131 tedirgin etti\u011fimi sanmam. Ama belki mesafeli biriyimdir. Bu da mesle\u011fin getirdi\u011fi bir \u00f6zellik olsa gerek.<\/p>\n<p style=\"text-align: justify;\"><strong>Ek\u015fi S\u00f6zl\u00fck&#8217;te sizinle ilgili \u015f\u00f6yle yaz\u0131yor: &#8220;Ayn\u0131 apartmanda oturmak istemeyece\u011fim ki\u015fi, \u00e7\u00fcnk\u00fc ya y\u00f6netici olursa!&#8221; <\/strong><br \/>\n\u00c7ok g\u00fczel yazm\u0131\u015f! Ama yan\u0131lm\u0131\u015f. \u00c7\u00fcnk\u00fc y\u00f6netici olsam &#8220;Acaba sert g\u00f6r\u00fcnt\u00fcmden \u00f6t\u00fcr\u00fc insanlar\u0131 tedirgin eder miyim&#8221; diye \u00f6nce ben tedirgin olurum. Ama apartman\u0131n g\u00fcndelik i\u015flerini takip edemeyece\u011fimden emin olun. Kendi i\u015fimi bile takip edemem, t\u00fcm faturalar\u0131 zaml\u0131 \u00f6derim. Zaten mesle\u011fe ilk ba\u015flad\u0131\u011f\u0131mda, bir arkada\u015f\u0131m &#8220;Emin misin avukat olmak istedi\u011fine, sen daha kendi i\u015flerini takip edemiyorsun&#8221; demi\u015fti. Hakl\u0131yd\u0131, o arkada\u015f\u0131m\u0131n s\u00f6z\u00fcn\u00fc dikkate alm\u0131\u015ft\u0131m.<\/p>\n<p style=\"text-align: justify;\"><strong>D\u0131\u015far\u0131dan bak\u0131ld\u0131\u011f\u0131nda sert, disiplinli, Alman ekol\u00fcnden gelen bir savc\u0131 gibisiniz..<\/strong>.<br \/>\nO y\u00fczden insanlar beni tan\u0131y\u0131nca \u015fa\u015f\u0131r. Sizin tahliliniz s\u00fcrpriz de\u011fil o y\u00fczden. Oysa espriliyimdir, f\u0131rsat\u0131n\u0131 yakalarsam hi\u00e7 ka\u00e7\u0131rmam!<\/p>\n<p style=\"text-align: justify;\"><strong>Bir doktorla tan\u0131\u015f\u0131nca &#8220;Doktor bey \u015furamda bir \u015fey var&#8221; deriz. Avukatla tan\u0131\u015f\u0131nca da &#8220;\u015e\u00f6yle bir derdim var.&#8221; Savc\u0131yla tan\u0131\u015f\u0131nca ise \u00fcrkeriz&#8230; <\/strong><br \/>\nBa\u015flang\u0131\u00e7ta olurdu. Savc\u0131l\u0131k fena de\u011fildir ama olay\u0131 \u00e7\u00f6zd\u00fc\u011f\u00fcn\u00fczde. Bunun i\u00e7in de san\u0131\u011f\u0131n olaydaki yerini kabul edilebilir \u015fekilde ortaya koyan bir iddianame haz\u0131rlamak gerek. Ge\u00e7enlerde \u00e7ok ho\u015f bir \u015fey ya\u015fad\u0131m: Bir a\u011f\u0131r ceza reisimiz vard\u0131. An\u0131lar\u0131n\u0131 yazm\u0131\u015f. Oraya g\u00f6nderdi\u011fim bir dosya hakk\u0131nda &#8220;Kanado\u011flu&#8217;nun g\u00f6nderdi\u011fi iddianameyi unutamam&#8221; diyordu. Yarg\u0131tay Ba\u015fsavc\u0131l\u0131\u011f\u0131&#8217;ndan emekli olmu\u015f olabilirim ama mesle\u011fin ba\u015f\u0131nda g\u00f6nderdi\u011fim bir iddianamenin \u00f6v\u00fclmesi \u00e7ok ho\u015fuma gitti.\n<\/p>\n<p style=\"text-align: justify;\"><strong>20 y\u0131l s\u00fcren Dev-Yol davas\u0131n\u0131 tek g\u00fcnde bitirdim<\/strong><\/p>\n<p style=\"text-align: justify;\"><strong>Mesle\u011finizde en \u00fcst mertebeye \u00e7\u0131kt\u0131n\u0131z? Ne hissediyorsunuz; ba\u015far\u0131 m\u0131, onur mu? <\/strong><br \/>\nKar\u0131\u015f\u0131k. Bunun i\u00e7inde ba\u015fard\u0131m duygusunun verdi\u011fi huzur da onurlu bir g\u00f6revi if\u015fa etmenin keyfi de &#8220;\u0130yi ki bu mesle\u011fi se\u00e7mi\u015fim&#8221; s\u00f6z\u00fc de var. Ayr\u0131ca bana g\u00fc\u00e7 de veriyor. Yani bana yak\u0131\u015ft\u0131r\u0131lmak istenen yafta kar\u015f\u0131s\u0131nda &#8220;Benim bundan ne s\u0131k\u0131lacak, ne de utanacak halim var, bana bunu yak\u0131\u015ft\u0131rmak isteyenler utans\u0131n&#8221; deme g\u00fcc\u00fcn\u00fc.<\/p>\n<p style=\"text-align: justify;\"><strong>Sizin i\u00e7in &#8220;367&#8217;nin mimar\u0131&#8221; diyorlar. Ne dersiniz?<\/strong><br \/>\n367 ile tan\u0131nmak \u00e7ok ho\u015fuma gitmiyor. \u00c7\u00fcnk\u00fc bu nihayetinde Anayasa&#8217;n\u0131n bir maddesinin (102. maddesi) yorumlanmas\u0131yd\u0131. Ben sadece &#8220;Oturumun a\u00e7\u0131lmas\u0131 i\u00e7in \u015fu kadar ki\u015fi gerekli&#8221; dedim, o kadar. Bunu kabul eden Anayasa Mahkemesi&#8217;nin 9 \u00fcyesini nas\u0131l bir kenara b\u0131rak\u0131r\u0131z. Uzun bir s\u00fcre de &#8220;B\u00fclent Ersoy&#8217;u mahkum eden hakim&#8221; dendi, benim i\u00e7in. Oysa su\u00e7 i\u015fledi\u011fi iddia edilen bir ki\u015fiyi yarg\u0131lad\u0131m, o kadar. 367 de bir yorumdu, bu kitapta ele ald\u0131\u011f\u0131m pek \u00e7ok yorum gibi. Mesela 20 sene s\u00fcren Dev Yol davas\u0131n\u0131 karara ba\u011flayan da benim. 20 senedir s\u00fcr\u00fcyordu. Bir ba\u015flad\u0131k davaya, insanlar \u00e7olu\u011fu \u00e7ocu\u011fu ile gelmi\u015f. Sabah dokuzda ba\u015flay\u0131p ak\u015fam dokuzda bitirdik, ara bile vermeden.<\/p>\n<p style=\"text-align: justify;\"><strong>Ama, 367&#8217;nin yaratt\u0131\u011f\u0131 etki \u00e7ok b\u00fcy\u00fck oldu. <\/strong><br \/>\nEvet, ve bir su\u00e7lu arand\u0131. &#8220;Kim dediyse su\u00e7lu odur&#8221; oldu. Ama \u015fimdi ne 367 kald\u0131, ne meclisin cumhurba\u015fkan\u0131n\u0131 se\u00e7mesi.<\/p>\n<p style=\"text-align: justify;\"><strong>Telefonunuzun ilk \u00fc\u00e7 rakam\u0131; 367! Bu bir tesad\u00fcf m\u00fc?<\/strong><br \/>\nTamamen tesad\u00fcf. 2003 y\u0131l\u0131nda Avea taraf\u0131ndan t\u00fcm Yarg\u0131tay \u00fcyelerine bu numara verildi, herkesin 367 ile ba\u015flar. Bu bana ilham verdi mi? Tabii ki m\u00fcmk\u00fcn de\u011fil!<\/p>\n<p style=\"text-align: justify;\"><strong>Cumhurba\u015fkan\u0131n\u0131 art\u0131k halk se\u00e7ecek. CHP&#8217;nin sizi aday g\u00f6sterece\u011fi s\u00f6ylentileri var?<\/strong><br \/>\nBu t\u00fcr s\u00f6ylentiler dolans\u0131n. Benden te\u011fet ge\u00e7iyor!\n<\/p>\n<p style=\"text-align: justify;\"><strong>Elveda Rumeli dizisini hi\u00e7 ka\u00e7\u0131rmam<\/strong><\/p>\n<p style=\"text-align: justify;\"><strong>\u0130lgi alanlar\u0131n\u0131z neler?<\/strong><br \/>\nAn\u0131 ve tarih kitaplar\u0131 okurum. T\u00fcrk\u00fcleri severim. S\u00f6ylerim de. \u00d6zellikle Rumeli t\u00fcrk\u00fclerini. Draman K\u00f6pr\u00fcs\u00fc t\u00fcrk\u00fcs\u00fcn\u00fc severim, Rumeli k\u00f6kenliyim. Bug\u00fcnk\u00fc Yunan-Makedonya s\u0131n\u0131r\u0131ndaki Servian&#8217;dan (eski Servican) gelmi\u015f ailem. O y\u00fczden Rumeli derseniz, hemen y\u00fcre\u011fim k\u0131p\u0131rdar.<\/p>\n<p style=\"text-align: justify;\"><strong>Siz &#8220;Elveda Rumeli&#8221; dizisini <\/strong><strong>de seyrediyorsunuzdur&#8230;<\/strong><br \/>\nHem de nas\u0131l. Bir s\u0131n\u0131f arkada\u015f\u0131mla, Hulisi Sa\u011flamer&#8217;le Rumeli&#8217;yi gezdik. Servia&#8217;ya da gittik. Annemin \u00f6zlemle anlatt\u0131klar\u0131n\u0131n hem zevkini, hem de ac\u0131s\u0131n\u0131 ya\u015fad\u0131m. \u00c7\u00fcnk\u00fc tek T\u00fcrk eseri kalmam\u0131\u015ft\u0131.<\/p>\n<p style=\"text-align: justify;\"><strong>\u015eark\u0131c\u0131 Alpay&#8217;\u0131 da \u00e7ok severmi\u015fsiniz, do\u011fru mu? <\/strong><br \/>\nBir \u00fcniversite bana fahri doktor unvan\u0131 vermi\u015fti, o g\u00fcn Alpay orada konser verdi. Sonra gece d\u00f6rde-d\u00f6rt bu\u00e7u\u011fa kadar konu\u015ftuk. Sadece su i\u00e7tik! Do\u011fdu\u011fumuzdan beri arkada\u015fm\u0131\u015f gibi hissetmi\u015ftik, h\u00e2l\u00e2 da \u00f6yle&#8230;<\/p>\n<p style=\"text-align: justify;\"><strong>M\u00fczik ve kitaplar d\u0131\u015f\u0131nda hayat\u0131n\u0131zda neler var? <\/strong><br \/>\nEskisi gibi gezemiyorum. Olanaks\u0131zl\u0131ktan m\u0131? Olabilir? Geriye ne kal\u0131yor? Bir an \u00f6nce yaz gelsin de Ayval\u0131k&#8217;a gidelim&#8230; T\u00fcrkiye&#8217;yi o kadar gezdim, en sevdi\u011fim yerdir oras\u0131. H\u00e2l\u00e2 ilkokul arkada\u015flar\u0131m vard\u0131r.<\/p>\n<p style=\"text-align: justify;\"><strong>Eviniz neden \u015fehir d\u0131\u015f\u0131nda? <\/strong><br \/>\nKiralar azd\u0131 da o y\u00fczden.<\/p>\n<p style=\"text-align: justify;\"><strong>Mesle\u011finizin en \u00fcst mertebesinden emeklisiniz, e\u015finiz y\u0131llarca \u00e7al\u0131\u015fm\u0131\u015f. \u00c7ok m\u00fctevaz\u0131 bir ya\u015fam\u0131n\u0131z var. Ama bug\u00fcn memur ve b\u00fcrokratlara &#8220;Cumhuriyet eliti&#8221; deniyor. Sizi halktan ay\u0131ran nedir?<\/strong><br \/>\nHalktan biri de\u011fil miyim ben? Ne eliti! \u015e\u00f6yle diyeyim; genele bakarsak, asl\u0131nda zenci T\u00fcrkler biziz!\n<\/p>\n<p style=\"text-align: justify;\"><strong>Bakmay\u0131n sert        g\u00f6r\u00fcnd\u00fc\u011f\u00fcne \u00e7ok merhametlidir<\/strong><\/p>\n<p style=\"text-align: justify;\"><strong>18 Temmuz 1981&#8217;de evlenmi\u015fsiniz. Yani 28 y\u0131ll\u0131k evlisiniz. Sabih Bey sizi ilk g\u00f6rd\u00fc\u011f\u00fcnde; &#8220;Bizim bu han\u0131mefendiyle i\u015fimiz var&#8221; demi\u015f. Sizce neyi kastetmi\u015f? <\/strong><br \/>\n\u0130ki cambaz ayn\u0131 ipte oynamaz anlam\u0131nda kullanm\u0131\u015ft\u0131r, san\u0131r\u0131m. \u00c7\u00fcnk\u00fc birimiz ko\u00e7, di\u011ferimiz o\u011flak burcuyuz! Zor yani. Ama birbirimizi tamamlad\u0131\u011f\u0131m\u0131za inan\u0131yorum. Fikirleriniz genelde ayn\u0131 yerde bulu\u015fur, ayn\u0131 yerde ayr\u0131l\u0131r. Sabih a\u011f\u0131rd\u0131r, sakindir&#8230; Panikledi\u011fimde beni sakinle\u015ftiren odur. Ben de \u00fcz\u00fclmesin diye elimden geleni yapar\u0131m. Evle ilgili her \u015feyi mesela ben y\u00fcr\u00fct\u00fcr\u00fcm.<\/p>\n<p style=\"text-align: justify;\"><strong>Sabih Bey romantik \tmidir?<\/strong><br \/>\nRomantiktir ama \u00e7i\u00e7ek almak gibi konularda biraz zay\u0131ft\u0131r. Mesela ben de Alpay&#8217;\u0131 \u00e7ok severim, birlikte dinlemeye gideriz. Art\u0131k \u00f6yle &#8220;bizim \u015fark\u0131m\u0131z&#8221; diyece\u011fimiz bir \u015fark\u0131 yok, ama ilk ba\u015flarda &#8220;Zeytin g\u00f6zl\u00fcm&#8221; ortak \u015fark\u0131m\u0131zd\u0131. Her evlilik nas\u0131lsa bizim evlili\u011fimiz de \u00f6yle.<\/p>\n<p style=\"text-align: justify;\"><strong>Cumhuriyet Ba\u015fsavc\u0131s\u0131&#8217;n\u0131n e\u015fi olmak zor mu? <\/strong><br \/>\nZor yanlar\u0131 yok diyemem. \u00c7\u00fcnk\u00fc bir makam\u0131n a\u011f\u0131rl\u0131\u011f\u0131n\u0131 sizin de ta\u015f\u0131man\u0131z gerekir. Ama evlilik genel olarak birbirini ta\u015f\u0131makt\u0131r.<\/p>\n<p style=\"text-align: justify;\"><strong>En sevdi\u011finiz y\u00f6n\u00fc nedir? <\/strong><br \/>\nHerkes y\u00fcz\u00fcne bak\u0131p sert biri oldu\u011funa karar verir ama son derece merhametli ve insanc\u0131ld\u0131r.\n<\/p>\n<p style=\"text-align: justify;\"><span style=\"color: #888888;\">Kaynak : Buket A\u015f\u00e7\u0131 &#8211; Vatan<\/span><\/p>\n","protected":false},"excerpt":{"rendered":"<\/p>\n<p style=\"text-align: justify;\">Cumhurba\u015fkanl\u0131\u011f\u0131 se\u00e7iminde &#8220;oturum i\u00e7in 367 milletvekili gerekli&#8221; yorumuyla t\u00fcm T\u00fcrkiye&#8217;nin dikkatini \u00fczerine toplam\u0131\u015ft\u0131 Sabih Kanado\u011flu. Yarg\u0131tay Onursal Cumhuriyet Ba\u015fsavc\u0131s\u0131&#8217;yd\u0131&#8230;<\/p>\n<p style=\"text-align: justify;\">Siyah, kal\u0131n \u00e7er\u00e7eveli g\u00f6zl\u00fckleri ve tavizsiz duru\u015fu ile Alman ekol\u00fcndenmi\u015f gibiydi. Sarf etti\u011fi her kelimenin \u00f6nce a\u011f\u0131rl\u0131\u011f\u0131n\u0131 tart\u0131yordu. Bir s\u00fcre sonra kendisinden &#8220;367&#8217;nin mimar\u0131&#8221; ya da &#8220;Her \u015feyi bilen adam&#8221; diye <\/p>\n","protected":false},"author":1,"featured_media":0,"comment_status":"open","ping_status":"closed","sticky":false,"template":"","format":"standard","meta":{"footnotes":""},"categories":[7],"tags":[],"class_list":["post-7643","post","type-post","status-publish","format-standard","hentry","category-ekonomi","odd"],"_links":{"self":[{"href":"http:\/\/www.korhanyilmaz.com\/index.php?rest_route=\/wp\/v2\/posts\/7643","targetHints":{"allow":["GET"]}}],"collection":[{"href":"http:\/\/www.korhanyilmaz.com\/index.php?rest_route=\/wp\/v2\/posts"}],"about":[{"href":"http:\/\/www.korhanyilmaz.com\/index.php?rest_route=\/wp\/v2\/types\/post"}],"author":[{"embeddable":true,"href":"http:\/\/www.korhanyilmaz.com\/index.php?rest_route=\/wp\/v2\/users\/1"}],"replies":[{"embeddable":true,"href":"http:\/\/www.korhanyilmaz.com\/index.php?rest_route=%2Fwp%2Fv2%2Fcomments&post=7643"}],"version-history":[{"count":0,"href":"http:\/\/www.korhanyilmaz.com\/index.php?rest_route=\/wp\/v2\/posts\/7643\/revisions"}],"wp:attachment":[{"href":"http:\/\/www.korhanyilmaz.com\/index.php?rest_route=%2Fwp%2Fv2%2Fmedia&parent=7643"}],"wp:term":[{"taxonomy":"category","embeddable":true,"href":"http:\/\/www.korhanyilmaz.com\/index.php?rest_route=%2Fwp%2Fv2%2Fcategories&post=7643"},{"taxonomy":"post_tag","embeddable":true,"href":"http:\/\/www.korhanyilmaz.com\/index.php?rest_route=%2Fwp%2Fv2%2Ftags&post=7643"}],"curies":[{"name":"wp","href":"https:\/\/api.w.org\/{rel}","templated":true}]}}