{"id":7622,"date":"2009-04-04T16:14:02","date_gmt":"2009-04-04T13:14:02","guid":{"rendered":"http:\/\/www.korhanyilmaz.com\/?p=7622"},"modified":"2009-04-04T16:14:02","modified_gmt":"2009-04-04T13:14:02","slug":"guneydogu-sonuclari-uzerinde-dusunuyoruz","status":"publish","type":"post","link":"http:\/\/www.korhanyilmaz.com\/?p=7622","title":{"rendered":"G\u00fcneydo\u011fu sonu\u00e7lar\u0131 \u00fczerinde d\u00fc\u015f\u00fcn\u00fcyoruz"},"content":{"rendered":"<p style=\"text-align: center;\"><img loading=\"lazy\" decoding=\"async\" class=\"aligncenter size-full wp-image-7623\" src=\"http:\/\/www.korhanyilmaz.com\/wp-content\/uploads\/2009\/04\/bcb05020ae599f4e8ddd0be5r.jpg\" alt=\"\" width=\"180\" height=\"219\" \/><\/p>\n<p style=\"text-align: justify;\">Genelkurmay, Diyarbak\u0131r&#8217;da DTP&#8217;nin a\u00e7\u0131k ara kazanmas\u0131yla ilgili &#8220;De\u011ferlendirme yapmam\u0131z s\u00f6z konusu de\u011fil. Ancak bu, G\u00fcneydo\u011fu&#8217;daki se\u00e7im sonucunu d\u00fc\u015f\u00fcnmemize engel de\u011fil&#8221; dedi.. Genelkurmay Ba\u015fkanl\u0131\u011f\u0131, DTP&#8217;nin a\u00e7\u0131k ara farkla kazand\u0131\u011f\u0131 Diyarbak\u0131r ve Tunceli se\u00e7im sonu\u00e7lar\u0131na ili\u015fkin ilk de\u011ferlendirmesini &#8220;\u00dczerinde d\u00fc\u015f\u00fcn\u00fcyoruz&#8221; diyerek yapt\u0131. Genelkurmay, &#8220;Konuyla ilgili bizim bir de\u011ferlendirme yapmam\u0131z s\u00f6z konusu de\u011fil. Ancak bu G\u00fcneydo\u011fu Anadolu&#8217;daki se\u00e7im sonu\u00e7lar\u0131n\u0131 d\u00fc\u015f\u00fcnmemize engel de\u011fil&#8221; g\u00f6r\u00fc\u015f\u00fcn\u00fc duyurdu. Genelkurmay Ba\u015fkanl\u0131\u011f\u0131, Jandarma Genel Komutanl\u0131\u011f\u0131&#8217;n\u0131n g\u00f6rev ve yetkilerinde de\u011fi\u015fiklik yapan y\u00f6netmelikle ilgili, &#8220;\u0130lgili komutanl\u0131k g\u00f6r\u00fc\u015f\u00fcn\u00fcn tam olarak dikkate al\u0131nmad\u0131\u011f\u0131n\u0131&#8221; bildirdi.<!--more--><\/p>\n<p><strong>OBAMA DAVET\u0130 YOK <\/strong><\/p>\n<p style=\"text-align: justify;\"><strong><br \/>\n<\/strong>Genelkurmay, jandarman\u0131n g\u00f6rev sahas\u0131n\u0131n belirlenmesinde yetkinin m\u00fclki amirlere b\u0131rak\u0131lmas\u0131n\u0131 \u00f6ng\u00f6ren y\u00f6netmelik de\u011fi\u015fikli\u011fi konusunda da &#8220;Jandarma Genel Komutanl\u0131\u011f\u0131&#8217;n\u0131n g\u00f6r\u00fc\u015f\u00fcn\u00fcn tam olarak dikkate al\u0131nmad\u0131\u011f\u0131n\u0131&#8221; belirtti. Genelkurmay \u0130leti\u015fim Daire Ba\u015fkan\u0131 Tu\u011fgeneral Metin G\u00fcrak, haftal\u0131k bilgilendirme toplant\u0131s\u0131nda 5 Nisan gecesi T\u00fcrkiye&#8217;ye gelecek ABD Ba\u015fkan\u0131 Barack Obama&#8217;n\u0131n TBMM&#8217;deki konu\u015fmas\u0131 i\u00e7in hen\u00fcz Genelkurmay Ba\u015fkan\u0131 Orgeneral \u0130lker Ba\u015fbu\u011f ve kuvvet komutanlar\u0131na davet gelmedi\u011fini a\u00e7\u0131klad\u0131. Asker, DTP hassasiyeti nedeniyle TBMM&#8217;deki t\u00f6renlere ve konu\u015fmalara kat\u0131lm\u0131yor. Bu konuda d\u00fcn \u00f6\u011fleden sonra Meclis&#8217;ten verilen bilgide ise &#8220;Genelkurmay&#8217;a davetiye g\u00f6nderildi\u011fi&#8221; ifade edildi. Bu arada Kahramanmara\u015f&#8217;ta BBP lideri Yaz\u0131c\u0131o\u011flu&#8217;nun da bulundu\u011fu helikopteri arama \u00e7al\u0131\u015fmalar\u0131na kat\u0131lan, ancak k\u00f6t\u00fc hava ko\u015fullar\u0131 nedeniyle zorunlu ini\u015f yapan Sikorsky, Egemen Tatbikat\u0131 i\u00e7in T\u00fcrkiye&#8217;de bulunan \u0130ngilizler taraf\u0131ndan kald\u0131r\u0131lacak. Genelkurmay&#8217;\u0131n ricas\u0131 \u00fczerine tatbikata CH-47 tipi nakliye helikopteri ile kat\u0131lan \u0130ngiliz askerleri Kahramanmara\u015f&#8217;a giderek Sikorsky&#8217;nin nakliyesini ger\u00e7ekle\u015ftirecek. Tu\u011fgeneral Metin G\u00fcrak, 27 Mart&#8217;tan sonra 3 ter\u00f6ristin de teslim oldu\u011funu bildirdi. G\u00fcrak, \u00f6rg\u00fct taraf\u0131ndan militanlara kendi lehine yay\u0131n yapan kanallar d\u0131\u015f\u0131ndaki yay\u0131nlar\u0131n izlenmesinin yasakland\u0131\u011f\u0131n\u0131 anlatt\u0131.\n<\/p>\n<p style=\"text-align: justify;\"><span style=\"color: #888888;\">Kaynak : Sabah<\/span><\/p>\n","protected":false},"excerpt":{"rendered":"<p style=\"text-align: center;\">\n<p style=\"text-align: justify;\">Genelkurmay, Diyarbak\u0131r&#8217;da DTP&#8217;nin a\u00e7\u0131k ara kazanmas\u0131yla ilgili &#8220;De\u011ferlendirme yapmam\u0131z s\u00f6z konusu de\u011fil. Ancak bu, G\u00fcneydo\u011fu&#8217;daki se\u00e7im sonucunu d\u00fc\u015f\u00fcnmemize engel de\u011fil&#8221; dedi.. Genelkurmay Ba\u015fkanl\u0131\u011f\u0131, DTP&#8217;nin a\u00e7\u0131k ara farkla kazand\u0131\u011f\u0131 Diyarbak\u0131r ve Tunceli se\u00e7im sonu\u00e7lar\u0131na ili\u015fkin ilk de\u011ferlendirmesini &#8220;\u00dczerinde d\u00fc\u015f\u00fcn\u00fcyoruz&#8221; diyerek yapt\u0131. Genelkurmay, &#8220;Konuyla ilgili bizim bir de\u011ferlendirme yapmam\u0131z s\u00f6z konusu de\u011fil. <\/p>\n","protected":false},"author":1,"featured_media":0,"comment_status":"open","ping_status":"closed","sticky":false,"template":"","format":"standard","meta":{"footnotes":""},"categories":[105],"tags":[],"class_list":["post-7622","post","type-post","status-publish","format-standard","hentry","category-gundem","odd"],"_links":{"self":[{"href":"http:\/\/www.korhanyilmaz.com\/index.php?rest_route=\/wp\/v2\/posts\/7622","targetHints":{"allow":["GET"]}}],"collection":[{"href":"http:\/\/www.korhanyilmaz.com\/index.php?rest_route=\/wp\/v2\/posts"}],"about":[{"href":"http:\/\/www.korhanyilmaz.com\/index.php?rest_route=\/wp\/v2\/types\/post"}],"author":[{"embeddable":true,"href":"http:\/\/www.korhanyilmaz.com\/index.php?rest_route=\/wp\/v2\/users\/1"}],"replies":[{"embeddable":true,"href":"http:\/\/www.korhanyilmaz.com\/index.php?rest_route=%2Fwp%2Fv2%2Fcomments&post=7622"}],"version-history":[{"count":0,"href":"http:\/\/www.korhanyilmaz.com\/index.php?rest_route=\/wp\/v2\/posts\/7622\/revisions"}],"wp:attachment":[{"href":"http:\/\/www.korhanyilmaz.com\/index.php?rest_route=%2Fwp%2Fv2%2Fmedia&parent=7622"}],"wp:term":[{"taxonomy":"category","embeddable":true,"href":"http:\/\/www.korhanyilmaz.com\/index.php?rest_route=%2Fwp%2Fv2%2Fcategories&post=7622"},{"taxonomy":"post_tag","embeddable":true,"href":"http:\/\/www.korhanyilmaz.com\/index.php?rest_route=%2Fwp%2Fv2%2Ftags&post=7622"}],"curies":[{"name":"wp","href":"https:\/\/api.w.org\/{rel}","templated":true}]}}